{"id":84100,"date":"2018-01-15T05:04:39","date_gmt":"2018-01-15T09:04:39","guid":{"rendered":"http:\/\/www.eltrabajo.cl\/2017\/?p=84100"},"modified":"2018-01-15T05:04:39","modified_gmt":"2018-01-15T09:04:39","slug":"vecinos-de-poblacion-chorrillos-por-fin-tendran-su-calle-pavimentada","status":"publish","type":"post","link":"https:\/\/eltrabajo.cl\/portal\/vecinos-de-poblacion-chorrillos-por-fin-tendran-su-calle-pavimentada\/","title":{"rendered":"Vecinos de Poblaci\u00f3n Chorrillos por fin tendr\u00e1n su calle pavimentada"},"content":{"rendered":"<figure id=\"attachment_84105\" aria-describedby=\"caption-attachment-84105\" style=\"width: 580px\" class=\"wp-caption alignnone\"><img data-recalc-dims=\"1\" loading=\"lazy\" decoding=\"async\" class=\"size-full wp-image-84105\" src=\"https:\/\/i0.wp.com\/www.eltrabajo.cl\/2017\/wp-content\/uploads\/2018\/01\/Chorrillos3.jpg?resize=580%2C399\" alt=\"A ESPERAR AHORA.- Al final de la reuni\u00f3n los vecinos estaban menos agitados, hasta hubo buena disposici\u00f3n para una foto grupal para nuestro medio.\" width=\"580\" height=\"399\" srcset=\"https:\/\/i0.wp.com\/eltrabajo.cl\/portal\/wp-content\/uploads\/2018\/01\/Chorrillos3.jpg?w=580&amp;ssl=1 580w, https:\/\/i0.wp.com\/eltrabajo.cl\/portal\/wp-content\/uploads\/2018\/01\/Chorrillos3.jpg?resize=200%2C138&amp;ssl=1 200w, https:\/\/i0.wp.com\/eltrabajo.cl\/portal\/wp-content\/uploads\/2018\/01\/Chorrillos3.jpg?resize=300%2C206&amp;ssl=1 300w, https:\/\/i0.wp.com\/eltrabajo.cl\/portal\/wp-content\/uploads\/2018\/01\/Chorrillos3.jpg?resize=218%2C150&amp;ssl=1 218w, https:\/\/i0.wp.com\/eltrabajo.cl\/portal\/wp-content\/uploads\/2018\/01\/Chorrillos3.jpg?resize=400%2C275&amp;ssl=1 400w\" sizes=\"auto, (max-width: 580px) 100vw, 580px\" \/><figcaption id=\"caption-attachment-84105\" class=\"wp-caption-text\">A ESPERAR AHORA.- Al final de la reuni\u00f3n los vecinos estaban menos agitados, hasta hubo buena disposici\u00f3n para una foto grupal para nuestro medio.<\/figcaption><\/figure>\n<ul>\n<li><strong><span style=\"color: #ff0000;\">Tras a\u00f1os de solicitar que se les atiendan sus necesidades:<\/span>\u00a0Aunque llegaron a estar molestos por la falta de respuestas, finalmente los vecinos quedaron tranquilos, pues ya fueron aprobados los recursos para el dise\u00f1o de la v\u00eda principal de esa poblaci\u00f3n.<\/strong><\/li>\n<\/ul>\n<p>Luego que muchos vecinos de varias poblaciones como Eusebio Lillo, Chorrillos y Departamental se manifestaran en Calle Chorrillos para exigir que las autoridades de nuestra comuna les den una respuesta positiva al problema de calles sin pavimentaci\u00f3n que siempre han sufrido, la respuesta no se hizo esperar, pues aunque eran ya altas horas de la noche, el alcalde Patricio Freire dio respuesta a quienes se manifestaban, al final de la reuni\u00f3n tambi\u00e9n se sumaron la concejala Patricia Boffa y el Core Iv\u00e1n Reyes.<br \/>\nEl problema que estos vecinos vienen sufriendo es la incomodidad de no contar con una calle central de su poblaci\u00f3n en perfecto estado; much\u00edsimo polvo que afecta y disminuye su calidad de vida y las continuas piedras que saltan disparadas cuando los autos pasan por la v\u00eda.<\/p>\n<p><span style=\"color: #ff0000;\"><strong>PLANOS APROBADOS<\/strong><\/span><br \/>\nDiario El Trabajo hizo las consultas al alcalde Patricio Freire, en relaci\u00f3n a los reclamos de estos vecinos, quienes llevan ya a\u00f1os esperando una soluci\u00f3n duradera.<br \/>\n<strong>&#8211; \u00bfHay ya alg\u00fan proyecto postulado para solucionar este problema vial de los vecinos en Calle Chorrillos?<\/strong><br \/>\n&#8211; S\u00ed, m\u00e1s que tener postulado un proyecto, tenemos ya aprobadas las platas para desarrollar el dise\u00f1o del mismo. Este era un proyecto muy esperado por los vecinos de Calle Chorrillos, muchos de ellos fueron al Municipio a solicitar que paviment\u00e1ramos esta calle, porque es una urgencia, en este momento ya fueron aprobados $37 millones aproximadamente del dise\u00f1o completo para pavimentar esta calle, y cuando se aprueban los fondos para dise\u00f1o, ya tenemos una alt\u00edsima probabilidad de recibir las platas para la construcci\u00f3n del proyecto. Ya esta semana sostendremos una reuni\u00f3n con estos vecinos, para que ellos tambi\u00e9n vean el dise\u00f1o, con sus veredas y la calle completa, nunca nosotros construir\u00edamos solamente la calle sino que vienen las veredas completas.<br \/>\n<strong>&#8211; \u00bfDe cu\u00e1nto dinero estamos hablando y qu\u00e9 pasos siguen ahora?<\/strong><br \/>\n&#8211; Yo considero que esta pavimentaci\u00f3n ser\u00e1 alrededor de unos $550 millones, pero ser\u00e1 una obra de concreto, no asfalto, todo eso lo ver\u00e1n los t\u00e9cnicos, lo que quiero decirles a los vecinos, es que ya el dise\u00f1o est\u00e1 terminado, ahora, como municipio tenemos que tener todo bien preparado, todo lo que sea para que pase los filtros del Gobierno Regional, para que los Cores no tengan reparo en poder pelear esas platas para nuestros vecinos.<br \/>\n<strong>&#8211; \u00bfQu\u00e9 pasar\u00e1 con las calles de otras poblaciones como Villa Departamental?<\/strong><br \/>\n&#8211; Sobre las calles de la Departamental y de otras cercanas, quiero informar que ya estamos postulando a un proyecto Quiero mi Barrio, eso lo estaremos viendo ahora en marzo, para saber qu\u00e9 resultados hay, pues tambi\u00e9n muchos municipios de la regi\u00f3n postulan a estos proyectos, pero si lo ganamos, s\u00e9 que podremos entonces ejecutar un proyecto completo para la Departamental, ya est\u00e1 concursando.<\/p>\n<p><span style=\"color: #ff0000;\"><strong>CORE IV\u00c1N REYES<\/strong><\/span><br \/>\nTambi\u00e9n Iv\u00e1n Reyes, Consejero Regional y quien lleg\u00f3 al final de la reuni\u00f3n que se desarroll\u00f3 en plena calle, explic\u00f3 que ellos como Consejeros no elaboran proyectos, que m\u00e1s bien lo que les corresponde a los Cores es agilizar que \u00e9stos tengan los avales y condiciones viables para su ejecuci\u00f3n, \u00abaqu\u00ed quien tiene que dar la primera tranquilidad a estos vecinos es el alcalde, para que \u00e9l cumpla con la elaboraci\u00f3n del proyecto, pues como se sabe, los Consejeros Regionales no elaboramos proyectos, nuestra labor es priorizar y financiar proyectos, en especial estos proyectos que son para mejorar la calidad de vida de los vecinos\u00bb, dijo Reyes a los vecinos.<\/p>\n<p><span style=\"color: #ff0000;\"><strong>VECINOS SATISFECHOS<\/strong><\/span><br \/>\nDiario El Trabajo tambi\u00e9n habl\u00f3 con algunas dirigentas del sector, quien explicaron su situaci\u00f3n.<br \/>\nEdith Llanquitrue Galleguillos, presidenta de la junta vecinal de Poblaci\u00f3n Eusebio Lillo: \u00abDesde 2009 los vecinos de mi poblaci\u00f3n estamos esperando a que las autoridades nos pavimenten nuestras calles y pasajes, ahora que vino el alcalde los vecinos tenemos m\u00e1s esperanza, pues nos anunci\u00f3 que el proyecto al menos en su dise\u00f1o ya est\u00e1 aprobado, ojala que se pueda concretar, pues aqu\u00ed vivimos como 150 familias en varias poblaciones\u00bb.<br \/>\nMariluz Arancibia Vera, presidenta de Poblaci\u00f3n Chorrillos: \u00abToda las poblaciones del sector estamos satisfechos con la r\u00e1pida respuesta del alcalde, pues todo el tiempo \u00edbamos a la municipalidad a dejar cartas, y hasta ahora nos dan una respuesta positiva\u00bb.<br \/>\n<strong>Roberto Gonz\u00e1lez Short<\/strong><\/p>\n<figure id=\"attachment_84101\" aria-describedby=\"caption-attachment-84101\" style=\"width: 580px\" class=\"wp-caption alignnone\"><img data-recalc-dims=\"1\" loading=\"lazy\" decoding=\"async\" class=\"size-full wp-image-84101\" src=\"https:\/\/i0.wp.com\/www.eltrabajo.cl\/2017\/wp-content\/uploads\/2018\/01\/Chorrillos_Edith-Llanquitrue.jpg?resize=580%2C399\" alt=\"Edith Llanquitrue Galleguillos, presidenta de la junta vecinal de Poblaci\u00f3n Eusebio Lillo.\" width=\"580\" height=\"399\" srcset=\"https:\/\/i0.wp.com\/eltrabajo.cl\/portal\/wp-content\/uploads\/2018\/01\/Chorrillos_Edith-Llanquitrue.jpg?w=580&amp;ssl=1 580w, https:\/\/i0.wp.com\/eltrabajo.cl\/portal\/wp-content\/uploads\/2018\/01\/Chorrillos_Edith-Llanquitrue.jpg?resize=200%2C138&amp;ssl=1 200w, https:\/\/i0.wp.com\/eltrabajo.cl\/portal\/wp-content\/uploads\/2018\/01\/Chorrillos_Edith-Llanquitrue.jpg?resize=300%2C206&amp;ssl=1 300w, https:\/\/i0.wp.com\/eltrabajo.cl\/portal\/wp-content\/uploads\/2018\/01\/Chorrillos_Edith-Llanquitrue.jpg?resize=218%2C150&amp;ssl=1 218w, https:\/\/i0.wp.com\/eltrabajo.cl\/portal\/wp-content\/uploads\/2018\/01\/Chorrillos_Edith-Llanquitrue.jpg?resize=400%2C275&amp;ssl=1 400w\" sizes=\"auto, (max-width: 580px) 100vw, 580px\" \/><figcaption id=\"caption-attachment-84101\" class=\"wp-caption-text\">Edith Llanquitrue Galleguillos, presidenta de la junta vecinal de Poblaci\u00f3n Eusebio Lillo.<\/figcaption><\/figure>\n<figure id=\"attachment_84102\" aria-describedby=\"caption-attachment-84102\" style=\"width: 580px\" class=\"wp-caption alignnone\"><img data-recalc-dims=\"1\" loading=\"lazy\" decoding=\"async\" class=\"size-full wp-image-84102\" src=\"https:\/\/i0.wp.com\/www.eltrabajo.cl\/2017\/wp-content\/uploads\/2018\/01\/Chorrillos_Mariluz-Arancibia.jpg?resize=580%2C399\" alt=\"Mariluz Arancibia Vera, presidenta de Poblaci\u00f3n Chorrillos.\" width=\"580\" height=\"399\" srcset=\"https:\/\/i0.wp.com\/eltrabajo.cl\/portal\/wp-content\/uploads\/2018\/01\/Chorrillos_Mariluz-Arancibia.jpg?w=580&amp;ssl=1 580w, https:\/\/i0.wp.com\/eltrabajo.cl\/portal\/wp-content\/uploads\/2018\/01\/Chorrillos_Mariluz-Arancibia.jpg?resize=200%2C138&amp;ssl=1 200w, https:\/\/i0.wp.com\/eltrabajo.cl\/portal\/wp-content\/uploads\/2018\/01\/Chorrillos_Mariluz-Arancibia.jpg?resize=300%2C206&amp;ssl=1 300w, https:\/\/i0.wp.com\/eltrabajo.cl\/portal\/wp-content\/uploads\/2018\/01\/Chorrillos_Mariluz-Arancibia.jpg?resize=218%2C150&amp;ssl=1 218w, https:\/\/i0.wp.com\/eltrabajo.cl\/portal\/wp-content\/uploads\/2018\/01\/Chorrillos_Mariluz-Arancibia.jpg?resize=400%2C275&amp;ssl=1 400w\" sizes=\"auto, (max-width: 580px) 100vw, 580px\" \/><figcaption id=\"caption-attachment-84102\" class=\"wp-caption-text\">Mariluz Arancibia Vera, presidenta de Poblaci\u00f3n Chorrillos.<\/figcaption><\/figure>\n<figure id=\"attachment_84103\" aria-describedby=\"caption-attachment-84103\" style=\"width: 580px\" class=\"wp-caption alignnone\"><img data-recalc-dims=\"1\" loading=\"lazy\" decoding=\"async\" class=\"size-full wp-image-84103\" src=\"https:\/\/i0.wp.com\/www.eltrabajo.cl\/2017\/wp-content\/uploads\/2018\/01\/Chorrillos1.jpg?resize=580%2C400\" alt=\"A MEDIA NOCHE.- El alcalde Patricio Freire reaccion\u00f3 de inmediato tras la manifestaci\u00f3n de los vecinos en estas poblaciones, el edil les garantiz\u00f3 una soluci\u00f3n duradera al problema de la pavimentaci\u00f3n solicitada.\" width=\"580\" height=\"400\" srcset=\"https:\/\/i0.wp.com\/eltrabajo.cl\/portal\/wp-content\/uploads\/2018\/01\/Chorrillos1.jpg?w=580&amp;ssl=1 580w, https:\/\/i0.wp.com\/eltrabajo.cl\/portal\/wp-content\/uploads\/2018\/01\/Chorrillos1.jpg?resize=200%2C138&amp;ssl=1 200w, https:\/\/i0.wp.com\/eltrabajo.cl\/portal\/wp-content\/uploads\/2018\/01\/Chorrillos1.jpg?resize=300%2C207&amp;ssl=1 300w, https:\/\/i0.wp.com\/eltrabajo.cl\/portal\/wp-content\/uploads\/2018\/01\/Chorrillos1.jpg?resize=218%2C150&amp;ssl=1 218w, https:\/\/i0.wp.com\/eltrabajo.cl\/portal\/wp-content\/uploads\/2018\/01\/Chorrillos1.jpg?resize=400%2C276&amp;ssl=1 400w\" sizes=\"auto, (max-width: 580px) 100vw, 580px\" \/><figcaption id=\"caption-attachment-84103\" class=\"wp-caption-text\">A MEDIA NOCHE.- El alcalde Patricio Freire reaccion\u00f3 de inmediato tras la manifestaci\u00f3n de los vecinos en estas poblaciones, el edil les garantiz\u00f3 una soluci\u00f3n duradera al problema de la pavimentaci\u00f3n solicitada.<\/figcaption><\/figure>\n<figure id=\"attachment_84104\" aria-describedby=\"caption-attachment-84104\" style=\"width: 580px\" class=\"wp-caption alignnone\"><img data-recalc-dims=\"1\" loading=\"lazy\" decoding=\"async\" class=\"size-full wp-image-84104\" src=\"https:\/\/i0.wp.com\/www.eltrabajo.cl\/2017\/wp-content\/uploads\/2018\/01\/Chorrillos2.jpg?resize=580%2C400\" alt=\"CLAMOR GENERAL.- Familias enteras de Poblaci\u00f3n Chorrillos, Villa Departamental y Eugenio Lillo, vienen solicitando pavimentaci\u00f3n en sus calles y pasajes.\" width=\"580\" height=\"400\" srcset=\"https:\/\/i0.wp.com\/eltrabajo.cl\/portal\/wp-content\/uploads\/2018\/01\/Chorrillos2.jpg?w=580&amp;ssl=1 580w, https:\/\/i0.wp.com\/eltrabajo.cl\/portal\/wp-content\/uploads\/2018\/01\/Chorrillos2.jpg?resize=200%2C138&amp;ssl=1 200w, https:\/\/i0.wp.com\/eltrabajo.cl\/portal\/wp-content\/uploads\/2018\/01\/Chorrillos2.jpg?resize=300%2C207&amp;ssl=1 300w, https:\/\/i0.wp.com\/eltrabajo.cl\/portal\/wp-content\/uploads\/2018\/01\/Chorrillos2.jpg?resize=218%2C150&amp;ssl=1 218w, https:\/\/i0.wp.com\/eltrabajo.cl\/portal\/wp-content\/uploads\/2018\/01\/Chorrillos2.jpg?resize=400%2C276&amp;ssl=1 400w\" sizes=\"auto, (max-width: 580px) 100vw, 580px\" \/><figcaption id=\"caption-attachment-84104\" class=\"wp-caption-text\">CLAMOR GENERAL.- Familias enteras de Poblaci\u00f3n Chorrillos, Villa Departamental y Eugenio Lillo, vienen solicitando pavimentaci\u00f3n en sus calles y pasajes.<\/figcaption><\/figure>\n","protected":false},"excerpt":{"rendered":"<p>Tras a\u00f1os de solicitar que se les atiendan sus necesidades:\u00a0Aunque llegaron a estar molestos por la falta de respuestas, finalmente los vecinos quedaron tranquilos, pues ya fueron aprobados los recursos para el&#8230;<\/p>\n","protected":false},"author":1,"featured_media":84104,"comment_status":"open","ping_status":"open","sticky":false,"template":"","format":"standard","meta":{"advanced_seo_description":"","jetpack_seo_html_title":"","jetpack_seo_noindex":false,"_jetpack_memberships_contains_paid_content":false,"footnotes":""},"categories":[15],"tags":[],"class_list":["post-84100","post","type-post","status-publish","format-standard","has-post-thumbnail","hentry","category-comunidad"],"jetpack_featured_media_url":"https:\/\/i0.wp.com\/eltrabajo.cl\/portal\/wp-content\/uploads\/2018\/01\/Chorrillos2.jpg?fit=580%2C400&ssl=1","jetpack_sharing_enabled":true,"jetpack_likes_enabled":true,"jetpack-related-posts":[],"_links":{"self":[{"href":"https:\/\/eltrabajo.cl\/portal\/wp-json\/wp\/v2\/posts\/84100","targetHints":{"allow":["GET"]}}],"collection":[{"href":"https:\/\/eltrabajo.cl\/portal\/wp-json\/wp\/v2\/posts"}],"about":[{"href":"https:\/\/eltrabajo.cl\/portal\/wp-json\/wp\/v2\/types\/post"}],"author":[{"embeddable":true,"href":"https:\/\/eltrabajo.cl\/portal\/wp-json\/wp\/v2\/users\/1"}],"replies":[{"embeddable":true,"href":"https:\/\/eltrabajo.cl\/portal\/wp-json\/wp\/v2\/comments?post=84100"}],"version-history":[{"count":0,"href":"https:\/\/eltrabajo.cl\/portal\/wp-json\/wp\/v2\/posts\/84100\/revisions"}],"wp:featuredmedia":[{"embeddable":true,"href":"https:\/\/eltrabajo.cl\/portal\/wp-json\/wp\/v2\/media\/84104"}],"wp:attachment":[{"href":"https:\/\/eltrabajo.cl\/portal\/wp-json\/wp\/v2\/media?parent=84100"}],"wp:term":[{"taxonomy":"category","embeddable":true,"href":"https:\/\/eltrabajo.cl\/portal\/wp-json\/wp\/v2\/categories?post=84100"},{"taxonomy":"post_tag","embeddable":true,"href":"https:\/\/eltrabajo.cl\/portal\/wp-json\/wp\/v2\/tags?post=84100"}],"curies":[{"name":"wp","href":"https:\/\/api.w.org\/{rel}","templated":true}]}}