{"id":84121,"date":"2018-01-16T05:02:14","date_gmt":"2018-01-16T09:02:14","guid":{"rendered":"http:\/\/www.eltrabajo.cl\/2017\/?p=84121"},"modified":"2018-01-16T05:02:14","modified_gmt":"2018-01-16T09:02:14","slug":"don-miguel-y-su-esposa-yolanda-celebraran-este-sabado-sus-bodas-de-oro","status":"publish","type":"post","link":"https:\/\/eltrabajo.cl\/portal\/don-miguel-y-su-esposa-yolanda-celebraran-este-sabado-sus-bodas-de-oro\/","title":{"rendered":"Don Miguel y su esposa Yolanda celebrar\u00e1n este s\u00e1bado sus Bodas de Oro"},"content":{"rendered":"<figure id=\"attachment_84122\" aria-describedby=\"caption-attachment-84122\" style=\"width: 580px\" class=\"wp-caption alignnone\"><img data-recalc-dims=\"1\" loading=\"lazy\" decoding=\"async\" class=\"size-full wp-image-84122\" src=\"https:\/\/i0.wp.com\/www.eltrabajo.cl\/2017\/wp-content\/uploads\/2018\/01\/Bodas_Yolanda-Leiva-y-Miguel-Silva.jpg?resize=580%2C400\" alt=\"BODAS DE ORO.- Don Miguel y su esposa Yolanda cumplir\u00e1n este s\u00e1bado 50 a\u00f1os de vida matrimonial. Se casaron un d\u00eda s\u00e1bado hace medio siglo, y nuevamente celebran ese evento un d\u00eda s\u00e1bado.\" width=\"580\" height=\"400\" srcset=\"https:\/\/i0.wp.com\/eltrabajo.cl\/portal\/wp-content\/uploads\/2018\/01\/Bodas_Yolanda-Leiva-y-Miguel-Silva.jpg?w=580&amp;ssl=1 580w, https:\/\/i0.wp.com\/eltrabajo.cl\/portal\/wp-content\/uploads\/2018\/01\/Bodas_Yolanda-Leiva-y-Miguel-Silva.jpg?resize=200%2C138&amp;ssl=1 200w, https:\/\/i0.wp.com\/eltrabajo.cl\/portal\/wp-content\/uploads\/2018\/01\/Bodas_Yolanda-Leiva-y-Miguel-Silva.jpg?resize=300%2C207&amp;ssl=1 300w, https:\/\/i0.wp.com\/eltrabajo.cl\/portal\/wp-content\/uploads\/2018\/01\/Bodas_Yolanda-Leiva-y-Miguel-Silva.jpg?resize=218%2C150&amp;ssl=1 218w, https:\/\/i0.wp.com\/eltrabajo.cl\/portal\/wp-content\/uploads\/2018\/01\/Bodas_Yolanda-Leiva-y-Miguel-Silva.jpg?resize=400%2C276&amp;ssl=1 400w\" sizes=\"auto, (max-width: 580px) 100vw, 580px\" \/><figcaption id=\"caption-attachment-84122\" class=\"wp-caption-text\">BODAS DE ORO.- Don Miguel y su esposa Yolanda cumplir\u00e1n este s\u00e1bado 50 a\u00f1os de vida matrimonial. Se casaron un d\u00eda s\u00e1bado hace medio siglo, y nuevamente celebran ese evento un d\u00eda s\u00e1bado.<\/figcaption><\/figure>\n<p>Este s\u00e1bado 20 a las 12:00 horas en la Iglesia Evang\u00e9lica Pentecostal (Navarro al llegar a O\u2019Higgins), estar\u00e1n celebrando sus Bodas de Oro la pareja de vecinos conformada por do\u00f1a Yolanda Leiva Espinosa y don Miguel Silva Vera, quienes se casaron en el Registro Civil de San Felipe el s\u00e1bado 20 de enero de 1968.<br \/>\nEstos vecinos son fieles cristianos evang\u00e9licos que unieron sus vidas en Cristo hace 46 a\u00f1os, cuando encontraron en ese nombre las fuerzas y la fe para desarrollar su proyecto de vida familiar. De dicha uni\u00f3n matrimonial nacieron siete hijos: Miguel, Elizabeth, Alejandra, Claudia, Daniela, Isa\u00edas y Joel, quienes a su vez les coronaron de trece nietos y un bisnieto.<br \/>\nDo\u00f1a Yolanda siempre ha sido una digna ama de casa, mientras que don Miguel es conocido como el due\u00f1o y fundador de Peluquer\u00eda La Porte\u00f1a, ubicada en Maip\u00fa 208, aqu\u00ed en nuestra ciudad. Ellos tambi\u00e9n este s\u00e1bado estar\u00e1n disfrutando de un banquete familiar en Restaurante Gutimar, de El Almendral.<br \/>\n<strong>Roberto Gonz\u00e1lez Short<\/strong><\/p>\n<figure id=\"attachment_84123\" aria-describedby=\"caption-attachment-84123\" style=\"width: 579px\" class=\"wp-caption alignnone\"><img data-recalc-dims=\"1\" loading=\"lazy\" decoding=\"async\" class=\"size-full wp-image-84123\" src=\"https:\/\/i0.wp.com\/www.eltrabajo.cl\/2017\/wp-content\/uploads\/2018\/01\/Bodas2.jpg?resize=579%2C504\" alt=\"EL TIEMPO PASA.- As\u00ed luc\u00edan estos chiquillos hace medio siglo, foto tomada en la Plaza O\u2019Higgins, en Valpara\u00edso, horas despu\u00e9s de su boda.\" width=\"579\" height=\"504\" srcset=\"https:\/\/i0.wp.com\/eltrabajo.cl\/portal\/wp-content\/uploads\/2018\/01\/Bodas2.jpg?w=579&amp;ssl=1 579w, https:\/\/i0.wp.com\/eltrabajo.cl\/portal\/wp-content\/uploads\/2018\/01\/Bodas2.jpg?resize=172%2C150&amp;ssl=1 172w, https:\/\/i0.wp.com\/eltrabajo.cl\/portal\/wp-content\/uploads\/2018\/01\/Bodas2.jpg?resize=300%2C261&amp;ssl=1 300w, https:\/\/i0.wp.com\/eltrabajo.cl\/portal\/wp-content\/uploads\/2018\/01\/Bodas2.jpg?resize=400%2C348&amp;ssl=1 400w\" sizes=\"auto, (max-width: 579px) 100vw, 579px\" \/><figcaption id=\"caption-attachment-84123\" class=\"wp-caption-text\">EL TIEMPO PASA.- As\u00ed luc\u00edan estos chiquillos hace medio siglo, foto tomada en la Plaza O\u2019Higgins, en Valpara\u00edso, horas despu\u00e9s de su boda.<\/figcaption><\/figure>\n","protected":false},"excerpt":{"rendered":"<p>Este s\u00e1bado 20 a las 12:00 horas en la Iglesia Evang\u00e9lica Pentecostal (Navarro al llegar a O\u2019Higgins), estar\u00e1n celebrando sus Bodas de Oro la pareja de vecinos conformada por do\u00f1a Yolanda Leiva&#8230;<\/p>\n","protected":false},"author":1,"featured_media":84123,"comment_status":"closed","ping_status":"open","sticky":false,"template":"","format":"standard","meta":{"advanced_seo_description":"","jetpack_seo_html_title":"","jetpack_seo_noindex":false,"_jetpack_memberships_contains_paid_content":false,"footnotes":""},"categories":[15],"tags":[],"class_list":["post-84121","post","type-post","status-publish","format-standard","has-post-thumbnail","hentry","category-comunidad"],"jetpack_featured_media_url":"https:\/\/i0.wp.com\/eltrabajo.cl\/portal\/wp-content\/uploads\/2018\/01\/Bodas2.jpg?fit=579%2C504&ssl=1","jetpack_sharing_enabled":true,"jetpack_likes_enabled":true,"jetpack-related-posts":[],"_links":{"self":[{"href":"https:\/\/eltrabajo.cl\/portal\/wp-json\/wp\/v2\/posts\/84121","targetHints":{"allow":["GET"]}}],"collection":[{"href":"https:\/\/eltrabajo.cl\/portal\/wp-json\/wp\/v2\/posts"}],"about":[{"href":"https:\/\/eltrabajo.cl\/portal\/wp-json\/wp\/v2\/types\/post"}],"author":[{"embeddable":true,"href":"https:\/\/eltrabajo.cl\/portal\/wp-json\/wp\/v2\/users\/1"}],"replies":[{"embeddable":true,"href":"https:\/\/eltrabajo.cl\/portal\/wp-json\/wp\/v2\/comments?post=84121"}],"version-history":[{"count":0,"href":"https:\/\/eltrabajo.cl\/portal\/wp-json\/wp\/v2\/posts\/84121\/revisions"}],"wp:featuredmedia":[{"embeddable":true,"href":"https:\/\/eltrabajo.cl\/portal\/wp-json\/wp\/v2\/media\/84123"}],"wp:attachment":[{"href":"https:\/\/eltrabajo.cl\/portal\/wp-json\/wp\/v2\/media?parent=84121"}],"wp:term":[{"taxonomy":"category","embeddable":true,"href":"https:\/\/eltrabajo.cl\/portal\/wp-json\/wp\/v2\/categories?post=84121"},{"taxonomy":"post_tag","embeddable":true,"href":"https:\/\/eltrabajo.cl\/portal\/wp-json\/wp\/v2\/tags?post=84121"}],"curies":[{"name":"wp","href":"https:\/\/api.w.org\/{rel}","templated":true}]}}