{"id":84136,"date":"2018-01-17T05:00:26","date_gmt":"2018-01-17T09:00:26","guid":{"rendered":"http:\/\/www.eltrabajo.cl\/2017\/?p=84136"},"modified":"2018-01-17T05:00:26","modified_gmt":"2018-01-17T09:00:26","slug":"papa-francisco-bendijo-a-familia-aconcaguina-cuando-esta-mas-lo-necesitaba","status":"publish","type":"post","link":"https:\/\/eltrabajo.cl\/portal\/papa-francisco-bendijo-a-familia-aconcaguina-cuando-esta-mas-lo-necesitaba\/","title":{"rendered":"Papa Francisco bendijo a familia aconcag\u00fcina cuando \u00e9sta m\u00e1s lo necesitaba"},"content":{"rendered":"<figure id=\"attachment_84140\" aria-describedby=\"caption-attachment-84140\" style=\"width: 580px\" class=\"wp-caption alignnone\"><img data-recalc-dims=\"1\" loading=\"lazy\" decoding=\"async\" class=\"size-full wp-image-84140\" src=\"https:\/\/i0.wp.com\/www.eltrabajo.cl\/2017\/wp-content\/uploads\/2018\/01\/Papa3-1.jpg?resize=580%2C400\" alt=\"EMOTIVO MOMENTO.- Momentos en que el peque\u00f1o Rodrigo suelta a llorar de la emoci\u00f3n, cuando el Papa Francisco hizo contacto con \u00e9l y su familia.\" width=\"580\" height=\"400\" srcset=\"https:\/\/i0.wp.com\/eltrabajo.cl\/portal\/wp-content\/uploads\/2018\/01\/Papa3-1.jpg?w=580&amp;ssl=1 580w, https:\/\/i0.wp.com\/eltrabajo.cl\/portal\/wp-content\/uploads\/2018\/01\/Papa3-1.jpg?resize=200%2C138&amp;ssl=1 200w, https:\/\/i0.wp.com\/eltrabajo.cl\/portal\/wp-content\/uploads\/2018\/01\/Papa3-1.jpg?resize=300%2C207&amp;ssl=1 300w, https:\/\/i0.wp.com\/eltrabajo.cl\/portal\/wp-content\/uploads\/2018\/01\/Papa3-1.jpg?resize=218%2C150&amp;ssl=1 218w, https:\/\/i0.wp.com\/eltrabajo.cl\/portal\/wp-content\/uploads\/2018\/01\/Papa3-1.jpg?resize=400%2C276&amp;ssl=1 400w\" sizes=\"auto, (max-width: 580px) 100vw, 580px\" \/><figcaption id=\"caption-attachment-84140\" class=\"wp-caption-text\">EMOTIVO MOMENTO.- Momentos en que el peque\u00f1o Rodrigo suelta a llorar de la emoci\u00f3n, cuando el Papa Francisco hizo contacto con \u00e9l y su familia.<\/figcaption><\/figure>\n<ul>\n<li><span style=\"color: #ff0000;\"><strong>Ni\u00f1o con par\u00e1lisis tambi\u00e9n recibi\u00f3 el cari\u00f1o de Su Santidad:<\/strong><\/span><\/li>\n<\/ul>\n<p>Pareciera que la vida se encarga en algunas ocasiones de dar a quien m\u00e1s lo necesita, ese anhelado empujoncito para poder respirar y retomar fuerzas para seguir adelante por amor a los nuestros, esa pareciera ser la historia de un catequista cat\u00f3lico de la Parroquia La Merced, de San Felipe, quien tras la muerte de su padre hace pocos meses, hace catequesis de Primera Comuni\u00f3n conjuntamente con su madre.<\/p>\n<p><strong><span style=\"color: #ff0000;\">BUSCANDO ESE\u00a0GRAN MILAGRO<\/span><\/strong><br \/>\nEstamos hablando del empleado judicial y estudiante de quinto a\u00f1o de Psicolog\u00eda, el sanfelipe\u00f1o Pablo Ignacio \u00c1vila Lambert, de 33 a\u00f1os de edad, menor de tres hermanos: Constanza y Jos\u00e9 Luis. Este vecino durante a\u00f1os ha sufrido con paciencia el tener que lidiar con un hijo enfermo, el peque\u00f1o Rodrigo, de seis a\u00f1os de edad, y su hermanita Beatriz, de nueve.<br \/>\nAs\u00ed las cosas, en busca de recibir una recarga espiritual tras las 20 operaciones que le hicieron al peque\u00f1o Rodrigo, esta familia aconcag\u00fcina sali\u00f3 el pasado lunes a Santiago, buscando la oportunidad de sentir la cercan\u00eda de su l\u00edder espiritual, el Papa Francisco.<br \/>\nDiario El Trabajo habl\u00f3 con Pablo \u00c1vila tras su regreso al valle, \u00e9l nos coment\u00f3 v\u00eda telef\u00f3nica los detalles de este encuentro familiar, una oportunidad en que el Papa toc\u00f3, habl\u00f3, abraz\u00f3 y bes\u00f3 a cada uno de ellos, les escuch\u00f3 y bendijo amorosamente.<br \/>\n<strong>&#8211; \u00bfC\u00f3mo lograste acceder al Papa Francisco?<\/strong><br \/>\n&#8211; Yo ten\u00eda entradas especiales para asistir con toda mi familia a la presentaci\u00f3n del Papa en el Parque O\u2019Higgins hoy (ayer), pero como tengo un hijo en silla de ruedas, s\u00e9 que Rodrigo no aguantar\u00eda tantas horas sentado en ese lugar, as\u00ed que recibimos entradas para estar en la Nunciatura, lo cual s\u00ed logramos aprovechar el lunes.<br \/>\n<strong>&#8211; \u00bfC\u00f3mo fueron los minutos previos a ese encuentro?<\/strong><br \/>\n&#8211; Fue una gran emoci\u00f3n la que se vivi\u00f3 entre los presentes a su llegada, hab\u00eda mucha expectaci\u00f3n mientras nos avisaban en pantalla gigante sobre el recorrido que hac\u00eda el Papa, cuando \u00e9l lleg\u00f3, se acerc\u00f3 a un grupo de personas que le dieron un \u2018solideo\u2019 y un c\u00e1liz de cobre, luego se acerc\u00f3 a m\u00ed y a mi familia.<br \/>\n<strong>&#8211; \u00bfQu\u00e9 hiciste en esos momentos, de qu\u00e9 hablaste con el Papa Francisco?<\/strong><br \/>\n&#8211; Fueron tres minutos, fueron maravillosos, en ese espacio de tiempo yo le pude contar al Papa sobre mi hijo Rodrigo de 6 a\u00f1os de edad, le habl\u00e9 sobre la hidrocefalia y par\u00e1lisis cerebral que padece, que hab\u00eda sido internado hace un a\u00f1o y medio en un hospital, que le hab\u00edan hecho unas 20 operaciones, tambi\u00e9n le present\u00e9 a mi hija Beatriz, de a\u00f1os de edad y a mi esposa Estefan\u00eda, le ped\u00ed que por favor bendijera a mi familia.<br \/>\n<strong>&#8211; \u00bfC\u00f3mo reaccion\u00f3 Su Santidad durante el encuentro?<\/strong><br \/>\n&#8211; \u00c9l mientras yo le cont\u00e9 la historia de mi hijo, lo abraz\u00f3, le dio un beso, luego abraz\u00f3 a mi hija y despu\u00e9s nos dio una bendici\u00f3n como familia. Esa mirada paternal, esa mirada caracter\u00edstica del Papa Francisco nos dec\u00eda \u2018s\u00e9 por lo que est\u00e1s pasando, te comprendo\u2019, lo que nos marc\u00f3 profundamente.<br \/>\nEl Papa Francisco contin\u00faa hoy mi\u00e9rcoles sus actividades en Temuco, luego a otras ciudades, se ir\u00e1 de Chile pronto, pero para esta familia su visita no habr\u00e1 sido en vano, pues cuando m\u00e1s fe necesitaba tener en sus corazones, \u00e9l vino a ellos y les dio esperanza.<br \/>\n<strong>Roberto Gonz\u00e1lez Short<\/strong><\/p>\n<figure id=\"attachment_84137\" aria-describedby=\"caption-attachment-84137\" style=\"width: 580px\" class=\"wp-caption alignnone\"><img data-recalc-dims=\"1\" loading=\"lazy\" decoding=\"async\" class=\"size-full wp-image-84137\" src=\"https:\/\/i0.wp.com\/www.eltrabajo.cl\/2017\/wp-content\/uploads\/2018\/01\/Papa_Pablo-Avila.jpg?resize=580%2C399\" alt=\"Pablo \u00c1vila, sanfelipe\u00f1o que pudo llevar a toda su familia y vivir un encuentro personal con el Papa.\" width=\"580\" height=\"399\" srcset=\"https:\/\/i0.wp.com\/eltrabajo.cl\/portal\/wp-content\/uploads\/2018\/01\/Papa_Pablo-Avila.jpg?w=580&amp;ssl=1 580w, https:\/\/i0.wp.com\/eltrabajo.cl\/portal\/wp-content\/uploads\/2018\/01\/Papa_Pablo-Avila.jpg?resize=200%2C138&amp;ssl=1 200w, https:\/\/i0.wp.com\/eltrabajo.cl\/portal\/wp-content\/uploads\/2018\/01\/Papa_Pablo-Avila.jpg?resize=300%2C206&amp;ssl=1 300w, https:\/\/i0.wp.com\/eltrabajo.cl\/portal\/wp-content\/uploads\/2018\/01\/Papa_Pablo-Avila.jpg?resize=218%2C150&amp;ssl=1 218w, https:\/\/i0.wp.com\/eltrabajo.cl\/portal\/wp-content\/uploads\/2018\/01\/Papa_Pablo-Avila.jpg?resize=400%2C275&amp;ssl=1 400w\" sizes=\"auto, (max-width: 580px) 100vw, 580px\" \/><figcaption id=\"caption-attachment-84137\" class=\"wp-caption-text\">Pablo \u00c1vila, sanfelipe\u00f1o que pudo llevar a toda su familia y vivir un encuentro personal con el Papa.<\/figcaption><\/figure>\n<figure id=\"attachment_84138\" aria-describedby=\"caption-attachment-84138\" style=\"width: 580px\" class=\"wp-caption alignnone\"><img data-recalc-dims=\"1\" loading=\"lazy\" decoding=\"async\" class=\"size-full wp-image-84138\" src=\"https:\/\/i0.wp.com\/www.eltrabajo.cl\/2017\/wp-content\/uploads\/2018\/01\/Papa1-1.jpg?resize=580%2C400\" alt=\"NOTICIA MUNDIAL.- Los noticiarios de todo el mundo transmitieron en vivo el encuentro del Papa con este sanfelipe\u00f1o y su familia.\" width=\"580\" height=\"400\" srcset=\"https:\/\/i0.wp.com\/eltrabajo.cl\/portal\/wp-content\/uploads\/2018\/01\/Papa1-1.jpg?w=580&amp;ssl=1 580w, https:\/\/i0.wp.com\/eltrabajo.cl\/portal\/wp-content\/uploads\/2018\/01\/Papa1-1.jpg?resize=200%2C138&amp;ssl=1 200w, https:\/\/i0.wp.com\/eltrabajo.cl\/portal\/wp-content\/uploads\/2018\/01\/Papa1-1.jpg?resize=300%2C207&amp;ssl=1 300w, https:\/\/i0.wp.com\/eltrabajo.cl\/portal\/wp-content\/uploads\/2018\/01\/Papa1-1.jpg?resize=218%2C150&amp;ssl=1 218w, https:\/\/i0.wp.com\/eltrabajo.cl\/portal\/wp-content\/uploads\/2018\/01\/Papa1-1.jpg?resize=400%2C276&amp;ssl=1 400w\" sizes=\"auto, (max-width: 580px) 100vw, 580px\" \/><figcaption id=\"caption-attachment-84138\" class=\"wp-caption-text\">NOTICIA MUNDIAL.- Los noticiarios de todo el mundo transmitieron en vivo el encuentro del Papa con este sanfelipe\u00f1o y su familia.<\/figcaption><\/figure>\n<figure id=\"attachment_84139\" aria-describedby=\"caption-attachment-84139\" style=\"width: 580px\" class=\"wp-caption alignnone\"><img data-recalc-dims=\"1\" loading=\"lazy\" decoding=\"async\" class=\"size-full wp-image-84139\" src=\"https:\/\/i0.wp.com\/www.eltrabajo.cl\/2017\/wp-content\/uploads\/2018\/01\/Papa2-1.jpg?resize=580%2C399\" alt=\"EN EL FOCO DE LA NOTICIA.- La peque\u00f1a Beatriz tambi\u00e9n fue tocada por el Sumo Pont\u00edfice, como ella, miles de otros ni\u00f1os chilenos so\u00f1aban con este momento.\" width=\"580\" height=\"399\" srcset=\"https:\/\/i0.wp.com\/eltrabajo.cl\/portal\/wp-content\/uploads\/2018\/01\/Papa2-1.jpg?w=580&amp;ssl=1 580w, https:\/\/i0.wp.com\/eltrabajo.cl\/portal\/wp-content\/uploads\/2018\/01\/Papa2-1.jpg?resize=200%2C138&amp;ssl=1 200w, https:\/\/i0.wp.com\/eltrabajo.cl\/portal\/wp-content\/uploads\/2018\/01\/Papa2-1.jpg?resize=300%2C206&amp;ssl=1 300w, https:\/\/i0.wp.com\/eltrabajo.cl\/portal\/wp-content\/uploads\/2018\/01\/Papa2-1.jpg?resize=218%2C150&amp;ssl=1 218w, https:\/\/i0.wp.com\/eltrabajo.cl\/portal\/wp-content\/uploads\/2018\/01\/Papa2-1.jpg?resize=400%2C275&amp;ssl=1 400w\" sizes=\"auto, (max-width: 580px) 100vw, 580px\" \/><figcaption id=\"caption-attachment-84139\" class=\"wp-caption-text\">EN EL FOCO DE LA NOTICIA.- La peque\u00f1a Beatriz tambi\u00e9n fue tocada por el Sumo Pont\u00edfice, como ella, miles de otros ni\u00f1os chilenos so\u00f1aban con este momento.<\/figcaption><\/figure>\n<figure id=\"attachment_84141\" aria-describedby=\"caption-attachment-84141\" style=\"width: 580px\" class=\"wp-caption alignnone\"><img data-recalc-dims=\"1\" loading=\"lazy\" decoding=\"async\" class=\"size-full wp-image-84141\" src=\"https:\/\/i0.wp.com\/www.eltrabajo.cl\/2017\/wp-content\/uploads\/2018\/01\/Papa4.jpg?resize=580%2C399\" alt=\"RECIBIERON SU MILAGRO DE FE.- Nunca m\u00e1s esta familia olvidar\u00e1 el momento en que la m\u00e1xima autoridad de la Iglesia Cat\u00f3lica entr\u00f3 personalmente en sus vidas.\" width=\"580\" height=\"399\" srcset=\"https:\/\/i0.wp.com\/eltrabajo.cl\/portal\/wp-content\/uploads\/2018\/01\/Papa4.jpg?w=580&amp;ssl=1 580w, https:\/\/i0.wp.com\/eltrabajo.cl\/portal\/wp-content\/uploads\/2018\/01\/Papa4.jpg?resize=200%2C138&amp;ssl=1 200w, https:\/\/i0.wp.com\/eltrabajo.cl\/portal\/wp-content\/uploads\/2018\/01\/Papa4.jpg?resize=300%2C206&amp;ssl=1 300w, https:\/\/i0.wp.com\/eltrabajo.cl\/portal\/wp-content\/uploads\/2018\/01\/Papa4.jpg?resize=218%2C150&amp;ssl=1 218w, https:\/\/i0.wp.com\/eltrabajo.cl\/portal\/wp-content\/uploads\/2018\/01\/Papa4.jpg?resize=400%2C275&amp;ssl=1 400w\" sizes=\"auto, (max-width: 580px) 100vw, 580px\" \/><figcaption id=\"caption-attachment-84141\" class=\"wp-caption-text\">RECIBIERON SU MILAGRO DE FE.- Nunca m\u00e1s esta familia olvidar\u00e1 el momento en que la m\u00e1xima autoridad de la Iglesia Cat\u00f3lica entr\u00f3 personalmente en sus vidas.<\/figcaption><\/figure>\n","protected":false},"excerpt":{"rendered":"<p>Ni\u00f1o con par\u00e1lisis tambi\u00e9n recibi\u00f3 el cari\u00f1o de Su Santidad: Pareciera que la vida se encarga en algunas ocasiones de dar a quien m\u00e1s lo necesita, ese anhelado empujoncito para poder respirar&#8230;<\/p>\n","protected":false},"author":1,"featured_media":84141,"comment_status":"closed","ping_status":"open","sticky":false,"template":"","format":"standard","meta":{"advanced_seo_description":"","jetpack_seo_html_title":"","jetpack_seo_noindex":false,"_jetpack_memberships_contains_paid_content":false,"footnotes":""},"categories":[15],"tags":[],"class_list":["post-84136","post","type-post","status-publish","format-standard","has-post-thumbnail","hentry","category-comunidad"],"jetpack_featured_media_url":"https:\/\/i0.wp.com\/eltrabajo.cl\/portal\/wp-content\/uploads\/2018\/01\/Papa4.jpg?fit=580%2C399&ssl=1","jetpack_sharing_enabled":true,"jetpack_likes_enabled":true,"jetpack-related-posts":[],"_links":{"self":[{"href":"https:\/\/eltrabajo.cl\/portal\/wp-json\/wp\/v2\/posts\/84136","targetHints":{"allow":["GET"]}}],"collection":[{"href":"https:\/\/eltrabajo.cl\/portal\/wp-json\/wp\/v2\/posts"}],"about":[{"href":"https:\/\/eltrabajo.cl\/portal\/wp-json\/wp\/v2\/types\/post"}],"author":[{"embeddable":true,"href":"https:\/\/eltrabajo.cl\/portal\/wp-json\/wp\/v2\/users\/1"}],"replies":[{"embeddable":true,"href":"https:\/\/eltrabajo.cl\/portal\/wp-json\/wp\/v2\/comments?post=84136"}],"version-history":[{"count":0,"href":"https:\/\/eltrabajo.cl\/portal\/wp-json\/wp\/v2\/posts\/84136\/revisions"}],"wp:featuredmedia":[{"embeddable":true,"href":"https:\/\/eltrabajo.cl\/portal\/wp-json\/wp\/v2\/media\/84141"}],"wp:attachment":[{"href":"https:\/\/eltrabajo.cl\/portal\/wp-json\/wp\/v2\/media?parent=84136"}],"wp:term":[{"taxonomy":"category","embeddable":true,"href":"https:\/\/eltrabajo.cl\/portal\/wp-json\/wp\/v2\/categories?post=84136"},{"taxonomy":"post_tag","embeddable":true,"href":"https:\/\/eltrabajo.cl\/portal\/wp-json\/wp\/v2\/tags?post=84136"}],"curies":[{"name":"wp","href":"https:\/\/api.w.org\/{rel}","templated":true}]}}