{"id":84153,"date":"2018-01-17T05:03:21","date_gmt":"2018-01-17T09:03:21","guid":{"rendered":"http:\/\/www.eltrabajo.cl\/2017\/?p=84153"},"modified":"2018-01-17T05:03:21","modified_gmt":"2018-01-17T09:03:21","slug":"acceso-por-tacna-sur-a-la-nueva-60-ch-genera-malestar-entre-vecinos","status":"publish","type":"post","link":"https:\/\/eltrabajo.cl\/portal\/acceso-por-tacna-sur-a-la-nueva-60-ch-genera-malestar-entre-vecinos\/","title":{"rendered":"Acceso por Tacna Sur a la nueva 60 CH genera malestar entre vecinos"},"content":{"rendered":"<figure id=\"attachment_84157\" aria-describedby=\"caption-attachment-84157\" style=\"width: 580px\" class=\"wp-caption alignnone\"><img data-recalc-dims=\"1\" loading=\"lazy\" decoding=\"async\" class=\"size-full wp-image-84157\" src=\"https:\/\/i0.wp.com\/www.eltrabajo.cl\/2017\/wp-content\/uploads\/2018\/01\/Malestar2.jpg?resize=580%2C400\" alt=\"ESPERAN SOLUCIONES.- Muy ansiosos estaban la noche del lunes los vecinos de poblaciones como La Nacional, Sol del Inca, Yevide y Las Camelias.\" width=\"580\" height=\"400\" srcset=\"https:\/\/i0.wp.com\/eltrabajo.cl\/portal\/wp-content\/uploads\/2018\/01\/Malestar2.jpg?w=580&amp;ssl=1 580w, https:\/\/i0.wp.com\/eltrabajo.cl\/portal\/wp-content\/uploads\/2018\/01\/Malestar2.jpg?resize=200%2C138&amp;ssl=1 200w, https:\/\/i0.wp.com\/eltrabajo.cl\/portal\/wp-content\/uploads\/2018\/01\/Malestar2.jpg?resize=300%2C207&amp;ssl=1 300w, https:\/\/i0.wp.com\/eltrabajo.cl\/portal\/wp-content\/uploads\/2018\/01\/Malestar2.jpg?resize=218%2C150&amp;ssl=1 218w, https:\/\/i0.wp.com\/eltrabajo.cl\/portal\/wp-content\/uploads\/2018\/01\/Malestar2.jpg?resize=400%2C276&amp;ssl=1 400w\" sizes=\"auto, (max-width: 580px) 100vw, 580px\" \/><figcaption id=\"caption-attachment-84157\" class=\"wp-caption-text\">ESPERAN SOLUCIONES.- Muy ansiosos estaban la noche del lunes los vecinos de poblaciones como La Nacional, Sol del Inca, Yevide y Las Camelias.<\/figcaption><\/figure>\n<ul>\n<li><span style=\"color: #ff0000;\"><strong>Municipio asegura que instalar\u00e1 medidas de mitigaci\u00f3n:<\/strong><\/span><\/li>\n<\/ul>\n<p>Muy grande es el malestar que los vecinos de poblaciones como Yevide, Las Camelias, La Nacional y Sol del Inca han expresado a las autoridades, puntualmente al Concejo Municipal, luego que se aprobara la construcci\u00f3n de una salida pavimentada por el sector Tacna sur para acceder a la nueva Ruta 60 CH, por lo que los vecinos solicitaron una reuni\u00f3n con el propio alcalde Patricio Freire, pues aseguran que nunca se les pidi\u00f3 consentimiento para estas obras.<\/p>\n<p><span style=\"color: #ff0000;\"><strong>PIDEN SEGURIDAD<\/strong><\/span><br \/>\n\u00abEn esencia los vecinos estamos molestos porque nunca se nos consult\u00f3 sobre esta invasi\u00f3n en nuestras poblaciones, lo que nos parece es que hay un alto grado de peligro para los adultos mayores y ni\u00f1os que viven en estas poblaciones, aqu\u00ed estamos hablando de al menos unas 650 familias, en la reuni\u00f3n que hubo en nuestra sede, lamentablemente no se le permiti\u00f3 al alcalde explicar mucho, pues hab\u00eda mucho malestar, a\u00fan as\u00ed para este martes (ayer) planificamos una reuni\u00f3n los dirigentes con las autoridades municipales, esperamos una buena propuesta de mitigaci\u00f3n, lomos de toro y toda clase de trabajos para evitar accidentes\u00bb, coment\u00f3 a Diario El Trabajo la presidenta de la junta vecinal Las Camelias, A\u00edda Salas.<\/p>\n<p><span style=\"color: #ff0000;\"><strong>ALCALDE RESPONDE<\/strong><\/span><br \/>\nPor su parte Patricio Freire, alcalde de San Felipe, respondi\u00f3 a este malestar asegurando que \u00abaqu\u00ed estamos hablando del contexto general de lo que significa la conectividad de la Ruta 60 CH con la comuna de San Felipe, con el sector Poniente de la ciudad, en el proyecto original no ten\u00edamos una salida a esta importante ruta desde San Felipe hacia la costa, no obstante la \u00fanica entrada que ten\u00edamos a esta ruta era por el cruce Monasterio. Los t\u00e9cnicos del MOP vinieron, hicieron los contactos con nuestro municipio y vieron la posibilidad de conectar esa ruta con nuestra ciudad, por eso desde cuando se traz\u00f3 por Tacna sur la salida, hay vecinos esperando trabajos de mitigaci\u00f3n en ese camino, estamos conversando con vecinos de poblaciones como La Nacional, Sol del Inca, Yevide y Las Camelias, pues esta ruta pasa por el medio de estas poblaciones, hay que solucionar estos temas, es un tema no menor, ya que ah\u00ed juegan ni\u00f1os y la seguridad de los vecinos es lo m\u00e1s importante\u00bb.<br \/>\n<strong>Roberto Gonz\u00e1lez Short<\/strong><\/p>\n<figure id=\"attachment_84154\" aria-describedby=\"caption-attachment-84154\" style=\"width: 580px\" class=\"wp-caption alignnone\"><img data-recalc-dims=\"1\" loading=\"lazy\" decoding=\"async\" class=\"size-full wp-image-84154\" src=\"https:\/\/i0.wp.com\/www.eltrabajo.cl\/2017\/wp-content\/uploads\/2018\/01\/Malestar_Aida-Salas.jpg?resize=580%2C399\" alt=\"Presidenta de la junta vecinal Las Camelias, A\u00edda Salas.\" width=\"580\" height=\"399\" srcset=\"https:\/\/i0.wp.com\/eltrabajo.cl\/portal\/wp-content\/uploads\/2018\/01\/Malestar_Aida-Salas.jpg?w=580&amp;ssl=1 580w, https:\/\/i0.wp.com\/eltrabajo.cl\/portal\/wp-content\/uploads\/2018\/01\/Malestar_Aida-Salas.jpg?resize=200%2C138&amp;ssl=1 200w, https:\/\/i0.wp.com\/eltrabajo.cl\/portal\/wp-content\/uploads\/2018\/01\/Malestar_Aida-Salas.jpg?resize=300%2C206&amp;ssl=1 300w, https:\/\/i0.wp.com\/eltrabajo.cl\/portal\/wp-content\/uploads\/2018\/01\/Malestar_Aida-Salas.jpg?resize=218%2C150&amp;ssl=1 218w, https:\/\/i0.wp.com\/eltrabajo.cl\/portal\/wp-content\/uploads\/2018\/01\/Malestar_Aida-Salas.jpg?resize=400%2C275&amp;ssl=1 400w\" sizes=\"auto, (max-width: 580px) 100vw, 580px\" \/><figcaption id=\"caption-attachment-84154\" class=\"wp-caption-text\">Presidenta de la junta vecinal Las Camelias, A\u00edda Salas.<\/figcaption><\/figure>\n<figure id=\"attachment_84155\" aria-describedby=\"caption-attachment-84155\" style=\"width: 580px\" class=\"wp-caption alignnone\"><img data-recalc-dims=\"1\" loading=\"lazy\" decoding=\"async\" class=\"size-full wp-image-84155\" src=\"https:\/\/i0.wp.com\/www.eltrabajo.cl\/2017\/wp-content\/uploads\/2018\/01\/Malestar_Patricio-Freire.jpg?resize=580%2C399\" alt=\"Patricio Freire, alcalde de San Felipe.\" width=\"580\" height=\"399\" srcset=\"https:\/\/i0.wp.com\/eltrabajo.cl\/portal\/wp-content\/uploads\/2018\/01\/Malestar_Patricio-Freire.jpg?w=580&amp;ssl=1 580w, https:\/\/i0.wp.com\/eltrabajo.cl\/portal\/wp-content\/uploads\/2018\/01\/Malestar_Patricio-Freire.jpg?resize=200%2C138&amp;ssl=1 200w, https:\/\/i0.wp.com\/eltrabajo.cl\/portal\/wp-content\/uploads\/2018\/01\/Malestar_Patricio-Freire.jpg?resize=300%2C206&amp;ssl=1 300w, https:\/\/i0.wp.com\/eltrabajo.cl\/portal\/wp-content\/uploads\/2018\/01\/Malestar_Patricio-Freire.jpg?resize=218%2C150&amp;ssl=1 218w, https:\/\/i0.wp.com\/eltrabajo.cl\/portal\/wp-content\/uploads\/2018\/01\/Malestar_Patricio-Freire.jpg?resize=400%2C275&amp;ssl=1 400w\" sizes=\"auto, (max-width: 580px) 100vw, 580px\" \/><figcaption id=\"caption-attachment-84155\" class=\"wp-caption-text\">Patricio Freire, alcalde de San Felipe.<\/figcaption><\/figure>\n<figure id=\"attachment_84156\" aria-describedby=\"caption-attachment-84156\" style=\"width: 580px\" class=\"wp-caption alignnone\"><img data-recalc-dims=\"1\" loading=\"lazy\" decoding=\"async\" class=\"size-full wp-image-84156\" src=\"https:\/\/i0.wp.com\/www.eltrabajo.cl\/2017\/wp-content\/uploads\/2018\/01\/Malestar1.jpg?resize=580%2C398\" alt=\"PIDEN MITIGACIONES.- Los vecinos de estas poblaciones se mostraron muy molestos durante la reuni\u00f3n que sostuvieron con el alcalde y algunos concejales de nuestra comuna.\" width=\"580\" height=\"398\" srcset=\"https:\/\/i0.wp.com\/eltrabajo.cl\/portal\/wp-content\/uploads\/2018\/01\/Malestar1.jpg?w=580&amp;ssl=1 580w, https:\/\/i0.wp.com\/eltrabajo.cl\/portal\/wp-content\/uploads\/2018\/01\/Malestar1.jpg?resize=200%2C137&amp;ssl=1 200w, https:\/\/i0.wp.com\/eltrabajo.cl\/portal\/wp-content\/uploads\/2018\/01\/Malestar1.jpg?resize=300%2C206&amp;ssl=1 300w, https:\/\/i0.wp.com\/eltrabajo.cl\/portal\/wp-content\/uploads\/2018\/01\/Malestar1.jpg?resize=219%2C150&amp;ssl=1 219w, https:\/\/i0.wp.com\/eltrabajo.cl\/portal\/wp-content\/uploads\/2018\/01\/Malestar1.jpg?resize=400%2C274&amp;ssl=1 400w\" sizes=\"auto, (max-width: 580px) 100vw, 580px\" \/><figcaption id=\"caption-attachment-84156\" class=\"wp-caption-text\">PIDEN MITIGACIONES.- Los vecinos de estas poblaciones se mostraron muy molestos durante la reuni\u00f3n que sostuvieron con el alcalde y algunos concejales de nuestra comuna.<\/figcaption><\/figure>\n","protected":false},"excerpt":{"rendered":"<p>Municipio asegura que instalar\u00e1 medidas de mitigaci\u00f3n: Muy grande es el malestar que los vecinos de poblaciones como Yevide, Las Camelias, La Nacional y Sol del Inca han expresado a las autoridades,&#8230;<\/p>\n","protected":false},"author":1,"featured_media":84156,"comment_status":"closed","ping_status":"open","sticky":false,"template":"","format":"standard","meta":{"advanced_seo_description":"","jetpack_seo_html_title":"","jetpack_seo_noindex":false,"_jetpack_memberships_contains_paid_content":false,"footnotes":""},"categories":[15],"tags":[],"class_list":["post-84153","post","type-post","status-publish","format-standard","has-post-thumbnail","hentry","category-comunidad"],"jetpack_featured_media_url":"https:\/\/i0.wp.com\/eltrabajo.cl\/portal\/wp-content\/uploads\/2018\/01\/Malestar1.jpg?fit=580%2C398&ssl=1","jetpack_sharing_enabled":true,"jetpack_likes_enabled":true,"jetpack-related-posts":[],"_links":{"self":[{"href":"https:\/\/eltrabajo.cl\/portal\/wp-json\/wp\/v2\/posts\/84153","targetHints":{"allow":["GET"]}}],"collection":[{"href":"https:\/\/eltrabajo.cl\/portal\/wp-json\/wp\/v2\/posts"}],"about":[{"href":"https:\/\/eltrabajo.cl\/portal\/wp-json\/wp\/v2\/types\/post"}],"author":[{"embeddable":true,"href":"https:\/\/eltrabajo.cl\/portal\/wp-json\/wp\/v2\/users\/1"}],"replies":[{"embeddable":true,"href":"https:\/\/eltrabajo.cl\/portal\/wp-json\/wp\/v2\/comments?post=84153"}],"version-history":[{"count":0,"href":"https:\/\/eltrabajo.cl\/portal\/wp-json\/wp\/v2\/posts\/84153\/revisions"}],"wp:featuredmedia":[{"embeddable":true,"href":"https:\/\/eltrabajo.cl\/portal\/wp-json\/wp\/v2\/media\/84156"}],"wp:attachment":[{"href":"https:\/\/eltrabajo.cl\/portal\/wp-json\/wp\/v2\/media?parent=84153"}],"wp:term":[{"taxonomy":"category","embeddable":true,"href":"https:\/\/eltrabajo.cl\/portal\/wp-json\/wp\/v2\/categories?post=84153"},{"taxonomy":"post_tag","embeddable":true,"href":"https:\/\/eltrabajo.cl\/portal\/wp-json\/wp\/v2\/tags?post=84153"}],"curies":[{"name":"wp","href":"https:\/\/api.w.org\/{rel}","templated":true}]}}