{"id":84183,"date":"2018-01-18T05:06:00","date_gmt":"2018-01-18T09:06:00","guid":{"rendered":"http:\/\/www.eltrabajo.cl\/2017\/?p=84183"},"modified":"2018-01-18T05:06:00","modified_gmt":"2018-01-18T09:06:00","slug":"locura-y-diversion-en-las-piscinas-del-estadio-fiscal-de-san-felipe","status":"publish","type":"post","link":"https:\/\/eltrabajo.cl\/portal\/locura-y-diversion-en-las-piscinas-del-estadio-fiscal-de-san-felipe\/","title":{"rendered":"Locura y diversi\u00f3n en las piscinas del Estadio Fiscal de San Felipe"},"content":{"rendered":"<figure id=\"attachment_84185\" aria-describedby=\"caption-attachment-84185\" style=\"width: 579px\" class=\"wp-caption alignnone\"><img data-recalc-dims=\"1\" loading=\"lazy\" decoding=\"async\" class=\"size-full wp-image-84185\" src=\"https:\/\/i0.wp.com\/www.eltrabajo.cl\/2017\/wp-content\/uploads\/2018\/01\/Verano2.jpg?resize=579%2C340\" alt=\"VOLANDO Y NADANDO.- Algunos, los m\u00e1s atrevidos, saltaron por los aires para darse el chapuz\u00f3n de sus vidas en estas refrescantes aguas.\" width=\"579\" height=\"340\" srcset=\"https:\/\/i0.wp.com\/eltrabajo.cl\/portal\/wp-content\/uploads\/2018\/01\/Verano2.jpg?w=579&amp;ssl=1 579w, https:\/\/i0.wp.com\/eltrabajo.cl\/portal\/wp-content\/uploads\/2018\/01\/Verano2.jpg?resize=200%2C117&amp;ssl=1 200w, https:\/\/i0.wp.com\/eltrabajo.cl\/portal\/wp-content\/uploads\/2018\/01\/Verano2.jpg?resize=300%2C176&amp;ssl=1 300w, https:\/\/i0.wp.com\/eltrabajo.cl\/portal\/wp-content\/uploads\/2018\/01\/Verano2.jpg?resize=255%2C150&amp;ssl=1 255w, https:\/\/i0.wp.com\/eltrabajo.cl\/portal\/wp-content\/uploads\/2018\/01\/Verano2.jpg?resize=400%2C235&amp;ssl=1 400w\" sizes=\"auto, (max-width: 579px) 100vw, 579px\" \/><figcaption id=\"caption-attachment-84185\" class=\"wp-caption-text\">VOLANDO Y NADANDO.- Algunos, los m\u00e1s atrevidos, saltaron por los aires para darse el chapuz\u00f3n de sus vidas en estas refrescantes aguas.<\/figcaption><\/figure>\n<ul>\n<li><span style=\"color: #ff0000;\"><strong>Escuelas de Verano est\u00e1n en su pleno apogeo:<\/strong><\/span><\/li>\n<\/ul>\n<p>El verano 2018 est\u00e1 en pleno esplendor en nuestro pa\u00eds, raz\u00f3n por la cual miles de ni\u00f1os buscan aprovechar sus vacaciones en las Escuelas de Verano que se desarrollan en el marco del programa Mujeres Temporeras con cuidadores principales en algunas escuelas del Valle de Aconcagua. Tal es el caso de los 60 ni\u00f1os que ayer daban rienda suelta a la diversi\u00f3n en las refrescantes piscinas del estadio fiscal de nuestra comuna.<br \/>\nEsta es la Escuela de Verano de la Escuela Jos\u00e9 de San Mart\u00edn, en la que participan ni\u00f1os de esa casa del saber y tambi\u00e9n de otros centros educativos de San Felipe. Esta proyecto est\u00e1 dirigido por la instructora deportiva Judith Pinto, quien adem\u00e1s hace equipo con otros profesionales del IND y del Municipio.<br \/>\n\u00abLas din\u00e1micas a desarrollar son nataci\u00f3n, f\u00fatbol, v\u00f3leibol, pintura y otros juegos al aire libre, estas jornadas iniciaron el lunes 15 de enero y terminar\u00e1n el 16 de febrero, los horarios son de lunes a viernes desde las 8:30 hasta las 17:00 horas, los d\u00edas de piscina son los lunes, mi\u00e9rcoles y viernes, ya no hay cupo para m\u00e1s ni\u00f1os\u00bb, dijo Pinto.<br \/>\n<strong>Roberto Gonz\u00e1lez Short<\/strong><\/p>\n<figure id=\"attachment_84184\" aria-describedby=\"caption-attachment-84184\" style=\"width: 579px\" class=\"wp-caption alignnone\"><img data-recalc-dims=\"1\" loading=\"lazy\" decoding=\"async\" class=\"size-full wp-image-84184\" src=\"https:\/\/i0.wp.com\/www.eltrabajo.cl\/2017\/wp-content\/uploads\/2018\/01\/Verano1.jpg?resize=579%2C387\" alt=\"REFRESCANTES VACACIONES.- Estos peque\u00f1itos de nuestra comuna est\u00e1n disfrutando intensamente de la Escuela de Verano en las piscinas del estadio fiscal.\" width=\"579\" height=\"387\" srcset=\"https:\/\/i0.wp.com\/eltrabajo.cl\/portal\/wp-content\/uploads\/2018\/01\/Verano1.jpg?w=579&amp;ssl=1 579w, https:\/\/i0.wp.com\/eltrabajo.cl\/portal\/wp-content\/uploads\/2018\/01\/Verano1.jpg?resize=200%2C134&amp;ssl=1 200w, https:\/\/i0.wp.com\/eltrabajo.cl\/portal\/wp-content\/uploads\/2018\/01\/Verano1.jpg?resize=300%2C201&amp;ssl=1 300w, https:\/\/i0.wp.com\/eltrabajo.cl\/portal\/wp-content\/uploads\/2018\/01\/Verano1.jpg?resize=224%2C150&amp;ssl=1 224w, https:\/\/i0.wp.com\/eltrabajo.cl\/portal\/wp-content\/uploads\/2018\/01\/Verano1.jpg?resize=400%2C267&amp;ssl=1 400w\" sizes=\"auto, (max-width: 579px) 100vw, 579px\" \/><figcaption id=\"caption-attachment-84184\" class=\"wp-caption-text\">REFRESCANTES VACACIONES.- Estos peque\u00f1itos de nuestra comuna est\u00e1n disfrutando intensamente de la Escuela de Verano en las piscinas del estadio fiscal.<\/figcaption><\/figure>\n<figure id=\"attachment_84186\" aria-describedby=\"caption-attachment-84186\" style=\"width: 579px\" class=\"wp-caption alignnone\"><img data-recalc-dims=\"1\" loading=\"lazy\" decoding=\"async\" class=\"size-full wp-image-84186\" src=\"https:\/\/i0.wp.com\/www.eltrabajo.cl\/2017\/wp-content\/uploads\/2018\/01\/Verano3.jpg?resize=579%2C379\" alt=\"PROFES A CARGO.- Aqu\u00ed tenemos a los seis profesionales que desarrollan este trabajo educativo y lo hacen con mucha alegr\u00eda.\" width=\"579\" height=\"379\" srcset=\"https:\/\/i0.wp.com\/eltrabajo.cl\/portal\/wp-content\/uploads\/2018\/01\/Verano3.jpg?w=579&amp;ssl=1 579w, https:\/\/i0.wp.com\/eltrabajo.cl\/portal\/wp-content\/uploads\/2018\/01\/Verano3.jpg?resize=200%2C131&amp;ssl=1 200w, https:\/\/i0.wp.com\/eltrabajo.cl\/portal\/wp-content\/uploads\/2018\/01\/Verano3.jpg?resize=300%2C196&amp;ssl=1 300w, https:\/\/i0.wp.com\/eltrabajo.cl\/portal\/wp-content\/uploads\/2018\/01\/Verano3.jpg?resize=229%2C150&amp;ssl=1 229w, https:\/\/i0.wp.com\/eltrabajo.cl\/portal\/wp-content\/uploads\/2018\/01\/Verano3.jpg?resize=400%2C262&amp;ssl=1 400w\" sizes=\"auto, (max-width: 579px) 100vw, 579px\" \/><figcaption id=\"caption-attachment-84186\" class=\"wp-caption-text\">PROFES A CARGO.- Aqu\u00ed tenemos a los seis profesionales que desarrollan este trabajo educativo y lo hacen con mucha alegr\u00eda.<\/figcaption><\/figure>\n","protected":false},"excerpt":{"rendered":"<p>Escuelas de Verano est\u00e1n en su pleno apogeo: El verano 2018 est\u00e1 en pleno esplendor en nuestro pa\u00eds, raz\u00f3n por la cual miles de ni\u00f1os buscan aprovechar sus vacaciones en las Escuelas&#8230;<\/p>\n","protected":false},"author":1,"featured_media":84184,"comment_status":"closed","ping_status":"open","sticky":false,"template":"","format":"standard","meta":{"advanced_seo_description":"","jetpack_seo_html_title":"","jetpack_seo_noindex":false,"_jetpack_memberships_contains_paid_content":false,"footnotes":""},"categories":[15],"tags":[],"class_list":["post-84183","post","type-post","status-publish","format-standard","has-post-thumbnail","hentry","category-comunidad"],"jetpack_featured_media_url":"https:\/\/i0.wp.com\/eltrabajo.cl\/portal\/wp-content\/uploads\/2018\/01\/Verano1.jpg?fit=579%2C387&ssl=1","jetpack_sharing_enabled":true,"jetpack_likes_enabled":true,"jetpack-related-posts":[],"_links":{"self":[{"href":"https:\/\/eltrabajo.cl\/portal\/wp-json\/wp\/v2\/posts\/84183","targetHints":{"allow":["GET"]}}],"collection":[{"href":"https:\/\/eltrabajo.cl\/portal\/wp-json\/wp\/v2\/posts"}],"about":[{"href":"https:\/\/eltrabajo.cl\/portal\/wp-json\/wp\/v2\/types\/post"}],"author":[{"embeddable":true,"href":"https:\/\/eltrabajo.cl\/portal\/wp-json\/wp\/v2\/users\/1"}],"replies":[{"embeddable":true,"href":"https:\/\/eltrabajo.cl\/portal\/wp-json\/wp\/v2\/comments?post=84183"}],"version-history":[{"count":0,"href":"https:\/\/eltrabajo.cl\/portal\/wp-json\/wp\/v2\/posts\/84183\/revisions"}],"wp:featuredmedia":[{"embeddable":true,"href":"https:\/\/eltrabajo.cl\/portal\/wp-json\/wp\/v2\/media\/84184"}],"wp:attachment":[{"href":"https:\/\/eltrabajo.cl\/portal\/wp-json\/wp\/v2\/media?parent=84183"}],"wp:term":[{"taxonomy":"category","embeddable":true,"href":"https:\/\/eltrabajo.cl\/portal\/wp-json\/wp\/v2\/categories?post=84183"},{"taxonomy":"post_tag","embeddable":true,"href":"https:\/\/eltrabajo.cl\/portal\/wp-json\/wp\/v2\/tags?post=84183"}],"curies":[{"name":"wp","href":"https:\/\/api.w.org\/{rel}","templated":true}]}}