{"id":84196,"date":"2018-01-19T05:02:05","date_gmt":"2018-01-19T09:02:05","guid":{"rendered":"http:\/\/www.eltrabajo.cl\/2017\/?p=84196"},"modified":"2018-01-19T05:02:05","modified_gmt":"2018-01-19T09:02:05","slug":"handbolistas-sanfelipenas-del-arturo-prat-subcampeonas-nacionales","status":"publish","type":"post","link":"https:\/\/eltrabajo.cl\/portal\/handbolistas-sanfelipenas-del-arturo-prat-subcampeonas-nacionales\/","title":{"rendered":"Handbolistas sanfelipe\u00f1as del Arturo Prat subcampeonas nacionales"},"content":{"rendered":"<figure id=\"attachment_84200\" aria-describedby=\"caption-attachment-84200\" style=\"width: 578px\" class=\"wp-caption alignnone\"><img data-recalc-dims=\"1\" loading=\"lazy\" decoding=\"async\" class=\"size-full wp-image-84200\" src=\"https:\/\/i0.wp.com\/www.eltrabajo.cl\/2017\/wp-content\/uploads\/2018\/01\/Handbol1.jpg?resize=578%2C346\" alt=\"CASTA DE CAMPEONAS.- As\u00ed celebraron nuestras aguerridas deportistas en Alto Hospicio tras recibir la Copa de Subcampeonas nacionales del H\u00e1ndbol en su categor\u00eda.\" width=\"578\" height=\"346\" srcset=\"https:\/\/i0.wp.com\/eltrabajo.cl\/portal\/wp-content\/uploads\/2018\/01\/Handbol1.jpg?w=578&amp;ssl=1 578w, https:\/\/i0.wp.com\/eltrabajo.cl\/portal\/wp-content\/uploads\/2018\/01\/Handbol1.jpg?resize=200%2C120&amp;ssl=1 200w, https:\/\/i0.wp.com\/eltrabajo.cl\/portal\/wp-content\/uploads\/2018\/01\/Handbol1.jpg?resize=300%2C180&amp;ssl=1 300w, https:\/\/i0.wp.com\/eltrabajo.cl\/portal\/wp-content\/uploads\/2018\/01\/Handbol1.jpg?resize=251%2C150&amp;ssl=1 251w, https:\/\/i0.wp.com\/eltrabajo.cl\/portal\/wp-content\/uploads\/2018\/01\/Handbol1.jpg?resize=400%2C239&amp;ssl=1 400w\" sizes=\"auto, (max-width: 578px) 100vw, 578px\" \/><figcaption id=\"caption-attachment-84200\" class=\"wp-caption-text\">CASTA DE CAMPEONAS.- As\u00ed celebraron nuestras aguerridas deportistas en Alto Hospicio tras recibir la Copa de Subcampeonas nacionales del H\u00e1ndbol en su categor\u00eda.<\/figcaption><\/figure>\n<p>Toda una triunfal aventura deportiva es la que vivieron las ni\u00f1as integrantes del poderoso Club Infantil de Balonmano Arturo Prat, luego de su excelente participaci\u00f3n en el Nacional de balonmano disputado en Iquique, torneo que se realizara en Alto Hospicio, los d\u00edas 11, 12 y 13 de este mes. Las jovencitas regresaron esta semana a nuestra comuna con el subcampeonato nacional, ya que lograron el segundo lugar en tan competitivo torneo.<br \/>\nPero m\u00e1s all\u00e1 del placer de haber derrotado a casi todos los clubes que enfrentaron en el camino, lo importante para estas ni\u00f1as tambi\u00e9n fue el haber sido recibidas la ma\u00f1ana de ayer jueves en el Municipio de nuestra comuna, en donde el alcalde Patricio Freire las felicit\u00f3 y escuch\u00f3 los relatos que las deportistas y apoderados compartieron con \u00e9l.<\/p>\n<p><span style=\"color: #ff0000;\"><strong>CHICAS PODEROSAS<\/strong><\/span><br \/>\nSe trata de diez ni\u00f1as que estudian en distintos centros educativos de nuestra comuna, pero que integran el club de sus amores, grupo en el que son guiadas y entrenadas por el experimentado formador de talentos y entrenador deportivo, Ronald Osses, profesional que fue contratado por los mismos apoderados de estas competitivas se\u00f1oritas.<br \/>\n\u00abPara nuestra comuna debe ser un orgullo saber que estas ni\u00f1as han viajado hasta Iquique para dejar muy en alto el nombre de San Felipe, sabemos que ten\u00edan que enfrentarse a las mejores del pa\u00eds en su categor\u00eda, y lo hicieron muy bien, fue ah\u00ed donde vimos que verdaderamente tienen un gran coraz\u00f3n, como autoridad yo las felicito p\u00fablicamente, y tambi\u00e9n como vecino que apoyo siempre a las nuevas generaciones del deporte local\u00bb, coment\u00f3 Patricio Freire durante el emotivo encuentro.<\/p>\n<p><span style=\"color: #ff0000;\"><strong>SON PURA DINAMITA<\/strong><\/span><br \/>\nEstas handbolistas locales salieron el martes 9 en la madrugada rumbo a Santiago, luego volaron a Iquique para encontrarse cara a cara con los m\u00e1s agresivos clubes de nuestro pa\u00eds.<br \/>\nSeg\u00fan informaron los mismos apoderados del Arturo Prat, el Municipio brind\u00f3 transporte ida y vuelta de San Felipe al aeropuerto, lo que les significa un gran apoyo para estas ni\u00f1as, ellas seguir\u00e1n entrenando regularmente en el Fort\u00edn Arturo Prat.<br \/>\nLas integrantes de este club se llaman: Natalia Gonz\u00e1lez, Catalina Hern\u00e1ndez, Mar\u00eda Jos\u00e9 C\u00f3rdoba, Piera Calder\u00f3n, Catalina Plaza, Luciana Hidalgo, Tamara Cruz, Allison Alvarado, Mar\u00eda Ignacia Concha y Yael Alvarado.<br \/>\nDiario El Trabajo habl\u00f3 con varias de las ni\u00f1as minutos antes de ser atendidas por la autoridad comunal. Catalina Plaza Gallardo, 14 a\u00f1os de edad: \u00abFue una bonita experiencia, pudimos ganar varios partidos muy fuertes, al final nos enfrentamos a Las Leonas, son muy poderosas y no logramos ganarles, tambi\u00e9n de las derrotas se aprende, lo importante es participar\u00bb.<br \/>\nTamara Cruz, 13 a\u00f1os de edad: \u00abFue incre\u00edble, quedamos subcampeonas, Las Leonas fue el equipo m\u00e1s duro del torneo, yo seguir\u00e9 en esta categor\u00eda y espero poder enfrentarlas este a\u00f1o\u00bb.<br \/>\nCarol Andrade, apoderada: \u00abMe parece que algunas chiquillas cumplen ya su edad en esta categor\u00eda, seguir\u00e1n ahora en Cadetes y las que quedan seguir\u00e1n luchando duro, veo a mi hija Tamara muy emocionada\u00bb.<br \/>\nEstas ni\u00f1as seguir\u00e1n creciendo y compitiendo duro con miras a ingresar a las Grandes Ligas, dos de ellas por ejemplo, fueron incluidas en el \u2018Equipo Ideal\u2019 que el IND sugiri\u00f3, por lo que de seguro algunas de ellas podr\u00e1n llegar muy lejos.<br \/>\n<strong>Roberto Gonz\u00e1lez Short<\/strong><\/p>\n<figure id=\"attachment_84197\" aria-describedby=\"caption-attachment-84197\" style=\"width: 580px\" class=\"wp-caption alignnone\"><img data-recalc-dims=\"1\" loading=\"lazy\" decoding=\"async\" class=\"size-full wp-image-84197\" src=\"https:\/\/i0.wp.com\/www.eltrabajo.cl\/2017\/wp-content\/uploads\/2018\/01\/Handbol_Carol-Andrade.jpg?resize=580%2C461\" alt=\"Carol Andrade, apoderada del club.\" width=\"580\" height=\"461\" srcset=\"https:\/\/i0.wp.com\/eltrabajo.cl\/portal\/wp-content\/uploads\/2018\/01\/Handbol_Carol-Andrade.jpg?w=580&amp;ssl=1 580w, https:\/\/i0.wp.com\/eltrabajo.cl\/portal\/wp-content\/uploads\/2018\/01\/Handbol_Carol-Andrade.jpg?resize=189%2C150&amp;ssl=1 189w, https:\/\/i0.wp.com\/eltrabajo.cl\/portal\/wp-content\/uploads\/2018\/01\/Handbol_Carol-Andrade.jpg?resize=300%2C238&amp;ssl=1 300w, https:\/\/i0.wp.com\/eltrabajo.cl\/portal\/wp-content\/uploads\/2018\/01\/Handbol_Carol-Andrade.jpg?resize=400%2C318&amp;ssl=1 400w\" sizes=\"auto, (max-width: 580px) 100vw, 580px\" \/><figcaption id=\"caption-attachment-84197\" class=\"wp-caption-text\">Carol Andrade, apoderada del club.<\/figcaption><\/figure>\n<figure id=\"attachment_84198\" aria-describedby=\"caption-attachment-84198\" style=\"width: 580px\" class=\"wp-caption alignnone\"><img data-recalc-dims=\"1\" loading=\"lazy\" decoding=\"async\" class=\"size-full wp-image-84198\" src=\"https:\/\/i0.wp.com\/www.eltrabajo.cl\/2017\/wp-content\/uploads\/2018\/01\/Handbol_Catalina-Plaza.jpg?resize=580%2C661\" alt=\"Catalina Plaza Gallardo, 14 a\u00f1os de edad, jugadora que este a\u00f1o pasa a la categor\u00eda de Cadete.\" width=\"580\" height=\"661\" srcset=\"https:\/\/i0.wp.com\/eltrabajo.cl\/portal\/wp-content\/uploads\/2018\/01\/Handbol_Catalina-Plaza.jpg?w=580&amp;ssl=1 580w, https:\/\/i0.wp.com\/eltrabajo.cl\/portal\/wp-content\/uploads\/2018\/01\/Handbol_Catalina-Plaza.jpg?resize=132%2C150&amp;ssl=1 132w, https:\/\/i0.wp.com\/eltrabajo.cl\/portal\/wp-content\/uploads\/2018\/01\/Handbol_Catalina-Plaza.jpg?resize=263%2C300&amp;ssl=1 263w, https:\/\/i0.wp.com\/eltrabajo.cl\/portal\/wp-content\/uploads\/2018\/01\/Handbol_Catalina-Plaza.jpg?resize=400%2C456&amp;ssl=1 400w\" sizes=\"auto, (max-width: 580px) 100vw, 580px\" \/><figcaption id=\"caption-attachment-84198\" class=\"wp-caption-text\">Catalina Plaza Gallardo, 14 a\u00f1os de edad, jugadora que este a\u00f1o pasa a la categor\u00eda de Cadete.<\/figcaption><\/figure>\n<figure id=\"attachment_84199\" aria-describedby=\"caption-attachment-84199\" style=\"width: 580px\" class=\"wp-caption alignnone\"><img data-recalc-dims=\"1\" loading=\"lazy\" decoding=\"async\" class=\"size-full wp-image-84199\" src=\"https:\/\/i0.wp.com\/www.eltrabajo.cl\/2017\/wp-content\/uploads\/2018\/01\/Handbol_Tamara-Cruz.jpg?resize=580%2C585\" alt=\"Tamara Cruz, 13 a\u00f1os de edad, una de las mejores jugadoras.\" width=\"580\" height=\"585\" srcset=\"https:\/\/i0.wp.com\/eltrabajo.cl\/portal\/wp-content\/uploads\/2018\/01\/Handbol_Tamara-Cruz.jpg?w=580&amp;ssl=1 580w, https:\/\/i0.wp.com\/eltrabajo.cl\/portal\/wp-content\/uploads\/2018\/01\/Handbol_Tamara-Cruz.jpg?resize=149%2C150&amp;ssl=1 149w, https:\/\/i0.wp.com\/eltrabajo.cl\/portal\/wp-content\/uploads\/2018\/01\/Handbol_Tamara-Cruz.jpg?resize=297%2C300&amp;ssl=1 297w, https:\/\/i0.wp.com\/eltrabajo.cl\/portal\/wp-content\/uploads\/2018\/01\/Handbol_Tamara-Cruz.jpg?resize=400%2C403&amp;ssl=1 400w\" sizes=\"auto, (max-width: 580px) 100vw, 580px\" \/><figcaption id=\"caption-attachment-84199\" class=\"wp-caption-text\">Tamara Cruz, 13 a\u00f1os de edad, una de las mejores jugadoras.<\/figcaption><\/figure>\n<figure id=\"attachment_84201\" aria-describedby=\"caption-attachment-84201\" style=\"width: 579px\" class=\"wp-caption alignnone\"><img data-recalc-dims=\"1\" loading=\"lazy\" decoding=\"async\" class=\"size-full wp-image-84201\" src=\"https:\/\/i0.wp.com\/www.eltrabajo.cl\/2017\/wp-content\/uploads\/2018\/01\/Handbol2.jpg?resize=579%2C381\" alt=\"CELEBRIDADES LOCALES.- Las ni\u00f1as fueron recibidas ayer jueves en la oficina del alcalde sanfelipe\u00f1o Patricio Freire.\" width=\"579\" height=\"381\" srcset=\"https:\/\/i0.wp.com\/eltrabajo.cl\/portal\/wp-content\/uploads\/2018\/01\/Handbol2.jpg?w=579&amp;ssl=1 579w, https:\/\/i0.wp.com\/eltrabajo.cl\/portal\/wp-content\/uploads\/2018\/01\/Handbol2.jpg?resize=200%2C132&amp;ssl=1 200w, https:\/\/i0.wp.com\/eltrabajo.cl\/portal\/wp-content\/uploads\/2018\/01\/Handbol2.jpg?resize=300%2C197&amp;ssl=1 300w, https:\/\/i0.wp.com\/eltrabajo.cl\/portal\/wp-content\/uploads\/2018\/01\/Handbol2.jpg?resize=228%2C150&amp;ssl=1 228w, https:\/\/i0.wp.com\/eltrabajo.cl\/portal\/wp-content\/uploads\/2018\/01\/Handbol2.jpg?resize=400%2C263&amp;ssl=1 400w\" sizes=\"auto, (max-width: 579px) 100vw, 579px\" \/><figcaption id=\"caption-attachment-84201\" class=\"wp-caption-text\">CELEBRIDADES LOCALES.- Las ni\u00f1as fueron recibidas ayer jueves en la oficina del alcalde sanfelipe\u00f1o Patricio Freire.<\/figcaption><\/figure>\n<figure id=\"attachment_84202\" aria-describedby=\"caption-attachment-84202\" style=\"width: 579px\" class=\"wp-caption alignnone\"><img data-recalc-dims=\"1\" loading=\"lazy\" decoding=\"async\" class=\"size-full wp-image-84202\" src=\"https:\/\/i0.wp.com\/www.eltrabajo.cl\/2017\/wp-content\/uploads\/2018\/01\/Handbol3.jpg?resize=579%2C362\" alt=\"EN PLENA ACCI\u00d3N.- As\u00ed luci\u00f3 la potent\u00edsima jugadora Mar\u00eda Jos\u00e9 C\u00f3rdoba Ubilla, extremo izquierdo del equipo sanfelipe\u00f1o.\" width=\"579\" height=\"362\" srcset=\"https:\/\/i0.wp.com\/eltrabajo.cl\/portal\/wp-content\/uploads\/2018\/01\/Handbol3.jpg?w=579&amp;ssl=1 579w, https:\/\/i0.wp.com\/eltrabajo.cl\/portal\/wp-content\/uploads\/2018\/01\/Handbol3.jpg?resize=200%2C125&amp;ssl=1 200w, https:\/\/i0.wp.com\/eltrabajo.cl\/portal\/wp-content\/uploads\/2018\/01\/Handbol3.jpg?resize=300%2C188&amp;ssl=1 300w, https:\/\/i0.wp.com\/eltrabajo.cl\/portal\/wp-content\/uploads\/2018\/01\/Handbol3.jpg?resize=240%2C150&amp;ssl=1 240w, https:\/\/i0.wp.com\/eltrabajo.cl\/portal\/wp-content\/uploads\/2018\/01\/Handbol3.jpg?resize=400%2C250&amp;ssl=1 400w\" sizes=\"auto, (max-width: 579px) 100vw, 579px\" \/><figcaption id=\"caption-attachment-84202\" class=\"wp-caption-text\">EN PLENA ACCI\u00d3N.- As\u00ed luci\u00f3 la potent\u00edsima jugadora Mar\u00eda Jos\u00e9 C\u00f3rdoba Ubilla, extremo izquierdo del equipo sanfelipe\u00f1o.<\/figcaption><\/figure>\n<figure id=\"attachment_84203\" aria-describedby=\"caption-attachment-84203\" style=\"width: 580px\" class=\"wp-caption alignnone\"><img data-recalc-dims=\"1\" loading=\"lazy\" decoding=\"async\" class=\"size-full wp-image-84203\" src=\"https:\/\/i0.wp.com\/www.eltrabajo.cl\/2017\/wp-content\/uploads\/2018\/01\/Handbol4.jpg?resize=580%2C586\" alt=\"LA HINCHADA.- Estas peque\u00f1itas son las hinchas m\u00e1s fieles del equipo, y quienes pronto jugar\u00e1n en el mismo, Colomba Ulloa y Gabriela Serrano.\" width=\"580\" height=\"586\" srcset=\"https:\/\/i0.wp.com\/eltrabajo.cl\/portal\/wp-content\/uploads\/2018\/01\/Handbol4.jpg?w=580&amp;ssl=1 580w, https:\/\/i0.wp.com\/eltrabajo.cl\/portal\/wp-content\/uploads\/2018\/01\/Handbol4.jpg?resize=148%2C150&amp;ssl=1 148w, https:\/\/i0.wp.com\/eltrabajo.cl\/portal\/wp-content\/uploads\/2018\/01\/Handbol4.jpg?resize=297%2C300&amp;ssl=1 297w, https:\/\/i0.wp.com\/eltrabajo.cl\/portal\/wp-content\/uploads\/2018\/01\/Handbol4.jpg?resize=400%2C404&amp;ssl=1 400w\" sizes=\"auto, (max-width: 580px) 100vw, 580px\" \/><figcaption id=\"caption-attachment-84203\" class=\"wp-caption-text\">LA HINCHADA.- Estas peque\u00f1itas son las hinchas m\u00e1s fieles del equipo, y quienes pronto jugar\u00e1n en el mismo, Colomba Ulloa y Gabriela Serrano.<\/figcaption><\/figure>\n","protected":false},"excerpt":{"rendered":"<p>Toda una triunfal aventura deportiva es la que vivieron las ni\u00f1as integrantes del poderoso Club Infantil de Balonmano Arturo Prat, luego de su excelente participaci\u00f3n en el Nacional de balonmano disputado en&#8230;<\/p>\n","protected":false},"author":1,"featured_media":84201,"comment_status":"open","ping_status":"open","sticky":false,"template":"","format":"standard","meta":{"advanced_seo_description":"","jetpack_seo_html_title":"","jetpack_seo_noindex":false,"_jetpack_memberships_contains_paid_content":false,"footnotes":""},"categories":[15],"tags":[],"class_list":["post-84196","post","type-post","status-publish","format-standard","has-post-thumbnail","hentry","category-comunidad"],"jetpack_featured_media_url":"https:\/\/i0.wp.com\/eltrabajo.cl\/portal\/wp-content\/uploads\/2018\/01\/Handbol2.jpg?fit=579%2C381&ssl=1","jetpack_sharing_enabled":true,"jetpack_likes_enabled":true,"jetpack-related-posts":[],"_links":{"self":[{"href":"https:\/\/eltrabajo.cl\/portal\/wp-json\/wp\/v2\/posts\/84196","targetHints":{"allow":["GET"]}}],"collection":[{"href":"https:\/\/eltrabajo.cl\/portal\/wp-json\/wp\/v2\/posts"}],"about":[{"href":"https:\/\/eltrabajo.cl\/portal\/wp-json\/wp\/v2\/types\/post"}],"author":[{"embeddable":true,"href":"https:\/\/eltrabajo.cl\/portal\/wp-json\/wp\/v2\/users\/1"}],"replies":[{"embeddable":true,"href":"https:\/\/eltrabajo.cl\/portal\/wp-json\/wp\/v2\/comments?post=84196"}],"version-history":[{"count":0,"href":"https:\/\/eltrabajo.cl\/portal\/wp-json\/wp\/v2\/posts\/84196\/revisions"}],"wp:featuredmedia":[{"embeddable":true,"href":"https:\/\/eltrabajo.cl\/portal\/wp-json\/wp\/v2\/media\/84201"}],"wp:attachment":[{"href":"https:\/\/eltrabajo.cl\/portal\/wp-json\/wp\/v2\/media?parent=84196"}],"wp:term":[{"taxonomy":"category","embeddable":true,"href":"https:\/\/eltrabajo.cl\/portal\/wp-json\/wp\/v2\/categories?post=84196"},{"taxonomy":"post_tag","embeddable":true,"href":"https:\/\/eltrabajo.cl\/portal\/wp-json\/wp\/v2\/tags?post=84196"}],"curies":[{"name":"wp","href":"https:\/\/api.w.org\/{rel}","templated":true}]}}