{"id":84205,"date":"2018-01-19T05:00:53","date_gmt":"2018-01-19T09:00:53","guid":{"rendered":"http:\/\/www.eltrabajo.cl\/2017\/?p=84205"},"modified":"2018-01-19T05:00:53","modified_gmt":"2018-01-19T09:00:53","slug":"vecinos-de-chorrillos-ya-tienen-el-plano-de-pavimentacion-en-sus-manos","status":"publish","type":"post","link":"https:\/\/eltrabajo.cl\/portal\/vecinos-de-chorrillos-ya-tienen-el-plano-de-pavimentacion-en-sus-manos\/","title":{"rendered":"Vecinos de Chorrillos ya tienen el plano de pavimentaci\u00f3n en sus manos"},"content":{"rendered":"<figure id=\"attachment_84210\" aria-describedby=\"caption-attachment-84210\" style=\"width: 579px\" class=\"wp-caption alignnone\"><img data-recalc-dims=\"1\" loading=\"lazy\" decoding=\"async\" class=\"size-full wp-image-84210\" src=\"https:\/\/i0.wp.com\/www.eltrabajo.cl\/2017\/wp-content\/uploads\/2018\/01\/Planos2.jpg?resize=579%2C386\" alt=\"YA FALTA POCO.- Seg\u00fan este documento, ser\u00e1 pavimentado desde Avenida Diego de Almagro hasta Costanera Poniente, o sea, 430 metros lineales con una calzada de 7 metros de ancho, solera y acera.\" width=\"579\" height=\"386\" srcset=\"https:\/\/i0.wp.com\/eltrabajo.cl\/portal\/wp-content\/uploads\/2018\/01\/Planos2.jpg?w=579&amp;ssl=1 579w, https:\/\/i0.wp.com\/eltrabajo.cl\/portal\/wp-content\/uploads\/2018\/01\/Planos2.jpg?resize=200%2C133&amp;ssl=1 200w, https:\/\/i0.wp.com\/eltrabajo.cl\/portal\/wp-content\/uploads\/2018\/01\/Planos2.jpg?resize=300%2C200&amp;ssl=1 300w, https:\/\/i0.wp.com\/eltrabajo.cl\/portal\/wp-content\/uploads\/2018\/01\/Planos2.jpg?resize=225%2C150&amp;ssl=1 225w, https:\/\/i0.wp.com\/eltrabajo.cl\/portal\/wp-content\/uploads\/2018\/01\/Planos2.jpg?resize=400%2C267&amp;ssl=1 400w\" sizes=\"auto, (max-width: 579px) 100vw, 579px\" \/><figcaption id=\"caption-attachment-84210\" class=\"wp-caption-text\">YA FALTA POCO.- Seg\u00fan este documento, ser\u00e1 pavimentado desde Avenida Diego de Almagro hasta Costanera Poniente, o sea, 430 metros lineales con una calzada de 7 metros de ancho, solera y acera.<\/figcaption><\/figure>\n<ul>\n<li><span style=\"color: #ff0000;\"><strong>Casi medio kil\u00f3metro de camino ser\u00e1 mejorado:<\/strong><\/span><\/li>\n<\/ul>\n<p>Luego que muchos vecinos de varias poblaciones como Eusebio Lillo, Chorrillos y Departamental, se manifestaran en Calle Chorrillos para exigir que las autoridades de nuestra comuna les den una respuesta positiva al problema de calles sin pavimentaci\u00f3n que siempre han sufrido, y luego tambi\u00e9n de recibir la promesa de pronto tener en sus manos el plano del proyecto que asegurar\u00eda la v\u00eda asfaltada en ese sector de nuestra comuna, la ma\u00f1ana de ayer jueves estos vecinos recibieron el documento en cuesti\u00f3n.<\/p>\n<p><strong><span style=\"color: #ff0000;\">PLANO EST\u00c1 LISTO<\/span><\/strong><br \/>\nDe inmediato los vecinos salieron a revisar el enorme mapa, mismo que confirma que el dise\u00f1o de ingenier\u00eda se est\u00e1 ejecutando, con un costo de $13 millones, este proyecto del plano y dise\u00f1o cuenta con el financiamiento del Gobierno Regional de Valpara\u00edso; y se encuentra ya en la \u00faltima etapa de ejecuci\u00f3n; ser\u00e1 pavimentado desde Avenida Diego de Almagro hasta Costanera Poniente, o sea, 430 metros lineales con una calzada de 7 metros de ancho, solera y acera.<br \/>\nDiario El Trabajo habl\u00f3 con algunos vecinos, quienes muy contentos acudieron a una reuni\u00f3n de trabajo con el alcalde Patricio Freire en las dependencias municipales.<br \/>\nPor otra parte el Secpla de la municipalidad, Claudio Paredes, confirm\u00f3 a nuestro medio que \u00abcuando se tienen un dise\u00f1o aprobado por Serviu, hay un gran avance, ya no hablamos de ideas, sue\u00f1os o promesas, sino de hechos concretos, por ello esperamos tener los recursos para la construcci\u00f3n de la calle durante este a\u00f1o 2018\u00bb.<\/p>\n<p><span style=\"color: #ff0000;\"><strong>VECINOS OPINAN<\/strong><\/span><br \/>\n\u00abEstamos muy felices aqu\u00ed en nuestra poblaci\u00f3n, despu\u00e9s de tantos a\u00f1os podremos comer y dormir sin tanto polvo y piedras volando, ojala que pronto est\u00e9 todo aprobado\u00bb, dijo la vecina Jazm\u00edn Gonz\u00e1lez, as\u00ed tambi\u00e9n la se\u00f1ora Rosa Carrasco, quien coment\u00f3 que \u00abya era tiempo, son muchos a\u00f1os de pasar el a\u00f1o con barro, polvo y tierra, no habr\u00e1 invierno o verano que nos genere tanto malestar\u00bb. Tambi\u00e9n David Olivares, conocido deportista y tambi\u00e9n vecino del sector Afectado, expres\u00f3 su alegr\u00eda, \u00abllevamos varios meses presionando para que nos muestren las autoridades que s\u00ed est\u00e1n trabajando por estas poblaciones, ahora que tenemos el plano de seguro que no tendremos m\u00e1s polvo en Chorrillos\u00bb.<br \/>\n<strong>Roberto Gonz\u00e1lez Short<\/strong><\/p>\n<figure id=\"attachment_84206\" aria-describedby=\"caption-attachment-84206\" style=\"width: 580px\" class=\"wp-caption alignnone\"><img data-recalc-dims=\"1\" loading=\"lazy\" decoding=\"async\" class=\"size-full wp-image-84206\" src=\"https:\/\/i0.wp.com\/www.eltrabajo.cl\/2017\/wp-content\/uploads\/2018\/01\/Plano_David-Olivares.jpg?resize=580%2C581\" alt=\"David Olivares, deportista y vecino de Chorrillos.\" width=\"580\" height=\"581\" srcset=\"https:\/\/i0.wp.com\/eltrabajo.cl\/portal\/wp-content\/uploads\/2018\/01\/Plano_David-Olivares.jpg?w=580&amp;ssl=1 580w, https:\/\/i0.wp.com\/eltrabajo.cl\/portal\/wp-content\/uploads\/2018\/01\/Plano_David-Olivares.jpg?resize=150%2C150&amp;ssl=1 150w, https:\/\/i0.wp.com\/eltrabajo.cl\/portal\/wp-content\/uploads\/2018\/01\/Plano_David-Olivares.jpg?resize=300%2C300&amp;ssl=1 300w, https:\/\/i0.wp.com\/eltrabajo.cl\/portal\/wp-content\/uploads\/2018\/01\/Plano_David-Olivares.jpg?resize=400%2C401&amp;ssl=1 400w\" sizes=\"auto, (max-width: 580px) 100vw, 580px\" \/><figcaption id=\"caption-attachment-84206\" class=\"wp-caption-text\">David Olivares, deportista y vecino de Chorrillos.<\/figcaption><\/figure>\n<figure id=\"attachment_84207\" aria-describedby=\"caption-attachment-84207\" style=\"width: 580px\" class=\"wp-caption alignnone\"><img data-recalc-dims=\"1\" loading=\"lazy\" decoding=\"async\" class=\"size-full wp-image-84207\" src=\"https:\/\/i0.wp.com\/www.eltrabajo.cl\/2017\/wp-content\/uploads\/2018\/01\/Plano_Jazmin-Gonzalez.jpg?resize=580%2C522\" alt=\"Jazm\u00edn Gonz\u00e1lez, vecina contenta con este proyecto.\" width=\"580\" height=\"522\" srcset=\"https:\/\/i0.wp.com\/eltrabajo.cl\/portal\/wp-content\/uploads\/2018\/01\/Plano_Jazmin-Gonzalez.jpg?w=580&amp;ssl=1 580w, https:\/\/i0.wp.com\/eltrabajo.cl\/portal\/wp-content\/uploads\/2018\/01\/Plano_Jazmin-Gonzalez.jpg?resize=167%2C150&amp;ssl=1 167w, https:\/\/i0.wp.com\/eltrabajo.cl\/portal\/wp-content\/uploads\/2018\/01\/Plano_Jazmin-Gonzalez.jpg?resize=300%2C270&amp;ssl=1 300w, https:\/\/i0.wp.com\/eltrabajo.cl\/portal\/wp-content\/uploads\/2018\/01\/Plano_Jazmin-Gonzalez.jpg?resize=400%2C360&amp;ssl=1 400w\" sizes=\"auto, (max-width: 580px) 100vw, 580px\" \/><figcaption id=\"caption-attachment-84207\" class=\"wp-caption-text\">Jazm\u00edn Gonz\u00e1lez, vecina contenta con este proyecto.<\/figcaption><\/figure>\n<figure id=\"attachment_84208\" aria-describedby=\"caption-attachment-84208\" style=\"width: 580px\" class=\"wp-caption alignnone\"><img data-recalc-dims=\"1\" loading=\"lazy\" decoding=\"async\" class=\"size-full wp-image-84208\" src=\"https:\/\/i0.wp.com\/www.eltrabajo.cl\/2017\/wp-content\/uploads\/2018\/01\/Plano_Rosa-Carrasco.jpg?resize=580%2C542\" alt=\"Do\u00f1a Rosa Carrasco, vecina del sector.\" width=\"580\" height=\"542\" srcset=\"https:\/\/i0.wp.com\/eltrabajo.cl\/portal\/wp-content\/uploads\/2018\/01\/Plano_Rosa-Carrasco.jpg?w=580&amp;ssl=1 580w, https:\/\/i0.wp.com\/eltrabajo.cl\/portal\/wp-content\/uploads\/2018\/01\/Plano_Rosa-Carrasco.jpg?resize=161%2C150&amp;ssl=1 161w, https:\/\/i0.wp.com\/eltrabajo.cl\/portal\/wp-content\/uploads\/2018\/01\/Plano_Rosa-Carrasco.jpg?resize=300%2C280&amp;ssl=1 300w, https:\/\/i0.wp.com\/eltrabajo.cl\/portal\/wp-content\/uploads\/2018\/01\/Plano_Rosa-Carrasco.jpg?resize=400%2C374&amp;ssl=1 400w\" sizes=\"auto, (max-width: 580px) 100vw, 580px\" \/><figcaption id=\"caption-attachment-84208\" class=\"wp-caption-text\">Do\u00f1a Rosa Carrasco, vecina del sector.<\/figcaption><\/figure>\n<figure id=\"attachment_84209\" aria-describedby=\"caption-attachment-84209\" style=\"width: 580px\" class=\"wp-caption alignnone\"><img data-recalc-dims=\"1\" loading=\"lazy\" decoding=\"async\" class=\"size-full wp-image-84209\" src=\"https:\/\/i0.wp.com\/www.eltrabajo.cl\/2017\/wp-content\/uploads\/2018\/01\/Plano1.jpg?resize=580%2C365\" alt=\"D\u00c9CADAS ESPERANDO.- Varios vecinos de Poblaci\u00f3n Chorrillos celebraban ayer el ya tener en sus manos el plano del proyecto que les mejorar\u00e1 su calidad de vida.\" width=\"580\" height=\"365\" srcset=\"https:\/\/i0.wp.com\/eltrabajo.cl\/portal\/wp-content\/uploads\/2018\/01\/Plano1.jpg?w=580&amp;ssl=1 580w, https:\/\/i0.wp.com\/eltrabajo.cl\/portal\/wp-content\/uploads\/2018\/01\/Plano1.jpg?resize=200%2C126&amp;ssl=1 200w, https:\/\/i0.wp.com\/eltrabajo.cl\/portal\/wp-content\/uploads\/2018\/01\/Plano1.jpg?resize=300%2C189&amp;ssl=1 300w, https:\/\/i0.wp.com\/eltrabajo.cl\/portal\/wp-content\/uploads\/2018\/01\/Plano1.jpg?resize=238%2C150&amp;ssl=1 238w, https:\/\/i0.wp.com\/eltrabajo.cl\/portal\/wp-content\/uploads\/2018\/01\/Plano1.jpg?resize=400%2C252&amp;ssl=1 400w\" sizes=\"auto, (max-width: 580px) 100vw, 580px\" \/><figcaption id=\"caption-attachment-84209\" class=\"wp-caption-text\">D\u00c9CADAS ESPERANDO.- Varios vecinos de Poblaci\u00f3n Chorrillos celebraban ayer el ya tener en sus manos el plano del proyecto que les mejorar\u00e1 su calidad de vida.<\/figcaption><\/figure>\n","protected":false},"excerpt":{"rendered":"<p>Casi medio kil\u00f3metro de camino ser\u00e1 mejorado: Luego que muchos vecinos de varias poblaciones como Eusebio Lillo, Chorrillos y Departamental, se manifestaran en Calle Chorrillos para exigir que las autoridades de nuestra&#8230;<\/p>\n","protected":false},"author":1,"featured_media":84209,"comment_status":"open","ping_status":"open","sticky":false,"template":"","format":"standard","meta":{"advanced_seo_description":"","jetpack_seo_html_title":"","jetpack_seo_noindex":false,"_jetpack_memberships_contains_paid_content":false,"footnotes":""},"categories":[15],"tags":[],"class_list":["post-84205","post","type-post","status-publish","format-standard","has-post-thumbnail","hentry","category-comunidad"],"jetpack_featured_media_url":"https:\/\/i0.wp.com\/eltrabajo.cl\/portal\/wp-content\/uploads\/2018\/01\/Plano1.jpg?fit=580%2C365&ssl=1","jetpack_sharing_enabled":true,"jetpack_likes_enabled":true,"jetpack-related-posts":[],"_links":{"self":[{"href":"https:\/\/eltrabajo.cl\/portal\/wp-json\/wp\/v2\/posts\/84205","targetHints":{"allow":["GET"]}}],"collection":[{"href":"https:\/\/eltrabajo.cl\/portal\/wp-json\/wp\/v2\/posts"}],"about":[{"href":"https:\/\/eltrabajo.cl\/portal\/wp-json\/wp\/v2\/types\/post"}],"author":[{"embeddable":true,"href":"https:\/\/eltrabajo.cl\/portal\/wp-json\/wp\/v2\/users\/1"}],"replies":[{"embeddable":true,"href":"https:\/\/eltrabajo.cl\/portal\/wp-json\/wp\/v2\/comments?post=84205"}],"version-history":[{"count":0,"href":"https:\/\/eltrabajo.cl\/portal\/wp-json\/wp\/v2\/posts\/84205\/revisions"}],"wp:featuredmedia":[{"embeddable":true,"href":"https:\/\/eltrabajo.cl\/portal\/wp-json\/wp\/v2\/media\/84209"}],"wp:attachment":[{"href":"https:\/\/eltrabajo.cl\/portal\/wp-json\/wp\/v2\/media?parent=84205"}],"wp:term":[{"taxonomy":"category","embeddable":true,"href":"https:\/\/eltrabajo.cl\/portal\/wp-json\/wp\/v2\/categories?post=84205"},{"taxonomy":"post_tag","embeddable":true,"href":"https:\/\/eltrabajo.cl\/portal\/wp-json\/wp\/v2\/tags?post=84205"}],"curies":[{"name":"wp","href":"https:\/\/api.w.org\/{rel}","templated":true}]}}