{"id":84215,"date":"2018-01-19T05:03:30","date_gmt":"2018-01-19T09:03:30","guid":{"rendered":"http:\/\/www.eltrabajo.cl\/2017\/?p=84215"},"modified":"2018-01-19T05:03:30","modified_gmt":"2018-01-19T09:03:30","slug":"escuela-21-de-mayo-aun-tiene-vacantes-para-el-ano-escolar-2018","status":"publish","type":"post","link":"https:\/\/eltrabajo.cl\/portal\/escuela-21-de-mayo-aun-tiene-vacantes-para-el-ano-escolar-2018\/","title":{"rendered":"Escuela 21 de Mayo a\u00fan tiene vacantes para el A\u00f1o Escolar 2018"},"content":{"rendered":"<figure id=\"attachment_84216\" aria-describedby=\"caption-attachment-84216\" style=\"width: 580px\" class=\"wp-caption alignnone\"><img data-recalc-dims=\"1\" loading=\"lazy\" decoding=\"async\" class=\"size-full wp-image-84216\" src=\"https:\/\/i0.wp.com\/www.eltrabajo.cl\/2017\/wp-content\/uploads\/2018\/01\/Coro-Escuela-21-de-Mayo.jpg?resize=580%2C372\" alt=\"Uno de los \u00e9nfasis del trabajo para 2018, ser\u00e1 el art\u00edstico, donde a trav\u00e9s de instancias corales, por ejemplo, los profesores han potenciado el talento de los alumnos y alumnas.\" width=\"580\" height=\"372\" srcset=\"https:\/\/i0.wp.com\/eltrabajo.cl\/portal\/wp-content\/uploads\/2018\/01\/Coro-Escuela-21-de-Mayo.jpg?w=580&amp;ssl=1 580w, https:\/\/i0.wp.com\/eltrabajo.cl\/portal\/wp-content\/uploads\/2018\/01\/Coro-Escuela-21-de-Mayo.jpg?resize=200%2C128&amp;ssl=1 200w, https:\/\/i0.wp.com\/eltrabajo.cl\/portal\/wp-content\/uploads\/2018\/01\/Coro-Escuela-21-de-Mayo.jpg?resize=300%2C192&amp;ssl=1 300w, https:\/\/i0.wp.com\/eltrabajo.cl\/portal\/wp-content\/uploads\/2018\/01\/Coro-Escuela-21-de-Mayo.jpg?resize=234%2C150&amp;ssl=1 234w, https:\/\/i0.wp.com\/eltrabajo.cl\/portal\/wp-content\/uploads\/2018\/01\/Coro-Escuela-21-de-Mayo.jpg?resize=400%2C257&amp;ssl=1 400w\" sizes=\"auto, (max-width: 580px) 100vw, 580px\" \/><figcaption id=\"caption-attachment-84216\" class=\"wp-caption-text\">Uno de los \u00e9nfasis del trabajo para 2018, ser\u00e1 el art\u00edstico, donde a trav\u00e9s de instancias corales, por ejemplo, los profesores han potenciado el talento de los alumnos y alumnas.<\/figcaption><\/figure>\n<ul>\n<li><span style=\"color: #ff0000;\"><strong>Director Germ\u00e1n Godoy destac\u00f3 los \u00e9nfasis en deporte, arte y cuidado del medio ambiente que promueve el establecimiento.<\/strong><\/span><\/li>\n<\/ul>\n<p>Un llamado a las familias de la comuna de San Felipe y alrededores, a conocer la labor y el proyecto educativo que impulsa la Escuela 21 de Mayo, formul\u00f3 su director Germ\u00e1n Godoy, quien coment\u00f3 que las matr\u00edculas contin\u00faan abiertas y hay vacantes a\u00fan en pr\u00e1cticamente todos los niveles.<br \/>\nEl director manifest\u00f3 que la Escuela est\u00e1 fortaleciendo el sello deportivo, medioambiental y art\u00edstico, lo que permite garantizar una educaci\u00f3n integral para los alumnos y alumnas, lo que sumado a la serie de programas y de apoyos ministeriales y municipales a trav\u00e9s de la Daem, han favorecido un proceso muy satisfactorio que se espera pueda consolidarse en las \u00e1reas de convivencia, inclusi\u00f3n y de formaci\u00f3n acad\u00e9mica.<br \/>\nGerm\u00e1n Godoy destac\u00f3 que para este a\u00f1o hay varias acciones que se est\u00e1n impulsando, dentro de las cuales figura la incorporaci\u00f3n de los padres y apoderados en experiencias art\u00edsticas y deportivas.<br \/>\n\u00abLas matr\u00edculas est\u00e1n abiertas y contaremos este a\u00f1o con una amplia gama de talleres, donde privilegiaremos los deportes, el arte y el medio ambiente. Queremos incluir a los apoderados en algunos talleres, sobre todo de danza y en otras iniciativas que daremos a conocer m\u00e1s adelante, a modo de sorpresa\u00bb, se\u00f1al\u00f3.<br \/>\nLa Escuela ingres\u00f3 el 2017 en la Liga de H\u00e1ndbol, por lo que tambi\u00e9n hay expectativas acerca del buen desempe\u00f1o de los alumnos que practican esta disciplina.<br \/>\n\u00abSeguiremos en la Liga, donde con mucho entusiasmo los ni\u00f1os dieron lo mejor de ellos el a\u00f1o pasado, as\u00ed es que seguir\u00e1n jugando, porque es una instancia muy significativa, tanto en lo extracurricular, como en el desarrollo de cada uno a partir de la interacci\u00f3n con ni\u00f1os de otras escuelas\u00bb, explic\u00f3 Godoy.<br \/>\nConvenios, nuevos talleres y articulaci\u00f3n con otros organismos, son algunos de los elementos que este 2018 se incorporan en el trabajo de la Escuela 21 de Mayo, donde se suman diversas tem\u00e1ticas relacionadas con la inclusi\u00f3n e integraci\u00f3n, as\u00ed como desde el punto de vista pedag\u00f3gico.<br \/>\n\u00abEste a\u00f1o contaremos con una casa para estimulaci\u00f3n temprana con los ni\u00f1os. Eso nos compromete y potencia los desaf\u00edos que tenemos por delante. Estamos en conversaciones con instituciones, con las que formalizaremos convenios de colaboraci\u00f3n, pues queremos fortalecer las redes comunales, la vinculaci\u00f3n. La idea es generar m\u00e1s y mejores oportunidades, entendiendo que desde la escuela es posible hacer justicia social\u00bb, precis\u00f3.<br \/>\nA\u00f1adi\u00f3 que \u00abvamos a continuar nuestra labor para mejorar los aprendizajes y contratamos un sistema para tener planificaciones y mediciones en l\u00ednea, por lo que estamos esperando el inicio de clases con mucho entusiasmo\u00bb.<br \/>\nLos padres y apoderados interesados en matricular a sus hijos en la Escuela 21 de Mayo, pueden acercarse al establecimiento en horario de 09.00 a 15.00 horas, de lunes a viernes, para conocer m\u00e1s sobre el proyecto educativo y de igual manera, pueden comunicarse al tel\u00e9fono 342516204.<\/p>\n<figure id=\"attachment_84217\" aria-describedby=\"caption-attachment-84217\" style=\"width: 580px\" class=\"wp-caption alignnone\"><img data-recalc-dims=\"1\" loading=\"lazy\" decoding=\"async\" class=\"size-full wp-image-84217\" src=\"https:\/\/i0.wp.com\/www.eltrabajo.cl\/2017\/wp-content\/uploads\/2018\/01\/German-Godoy-Director-Escuela-21-de-Mayo.jpg?resize=580%2C420\" alt=\"Germ\u00e1n Godoy, director de la Escuela 21 de Mayo.\" width=\"580\" height=\"420\" srcset=\"https:\/\/i0.wp.com\/eltrabajo.cl\/portal\/wp-content\/uploads\/2018\/01\/German-Godoy-Director-Escuela-21-de-Mayo.jpg?w=580&amp;ssl=1 580w, https:\/\/i0.wp.com\/eltrabajo.cl\/portal\/wp-content\/uploads\/2018\/01\/German-Godoy-Director-Escuela-21-de-Mayo.jpg?resize=200%2C145&amp;ssl=1 200w, https:\/\/i0.wp.com\/eltrabajo.cl\/portal\/wp-content\/uploads\/2018\/01\/German-Godoy-Director-Escuela-21-de-Mayo.jpg?resize=300%2C217&amp;ssl=1 300w, https:\/\/i0.wp.com\/eltrabajo.cl\/portal\/wp-content\/uploads\/2018\/01\/German-Godoy-Director-Escuela-21-de-Mayo.jpg?resize=207%2C150&amp;ssl=1 207w, https:\/\/i0.wp.com\/eltrabajo.cl\/portal\/wp-content\/uploads\/2018\/01\/German-Godoy-Director-Escuela-21-de-Mayo.jpg?resize=400%2C290&amp;ssl=1 400w\" sizes=\"auto, (max-width: 580px) 100vw, 580px\" \/><figcaption id=\"caption-attachment-84217\" class=\"wp-caption-text\">Germ\u00e1n Godoy, director de la Escuela 21 de Mayo.<\/figcaption><\/figure>\n","protected":false},"excerpt":{"rendered":"<p>Director Germ\u00e1n Godoy destac\u00f3 los \u00e9nfasis en deporte, arte y cuidado del medio ambiente que promueve el establecimiento. Un llamado a las familias de la comuna de San Felipe y alrededores, a&#8230;<\/p>\n","protected":false},"author":1,"featured_media":84216,"comment_status":"open","ping_status":"open","sticky":false,"template":"","format":"standard","meta":{"advanced_seo_description":"","jetpack_seo_html_title":"","jetpack_seo_noindex":false,"_jetpack_memberships_contains_paid_content":false,"footnotes":""},"categories":[15],"tags":[],"class_list":["post-84215","post","type-post","status-publish","format-standard","has-post-thumbnail","hentry","category-comunidad"],"jetpack_featured_media_url":"https:\/\/i0.wp.com\/eltrabajo.cl\/portal\/wp-content\/uploads\/2018\/01\/Coro-Escuela-21-de-Mayo.jpg?fit=580%2C372&ssl=1","jetpack_sharing_enabled":true,"jetpack_likes_enabled":true,"jetpack-related-posts":[],"_links":{"self":[{"href":"https:\/\/eltrabajo.cl\/portal\/wp-json\/wp\/v2\/posts\/84215","targetHints":{"allow":["GET"]}}],"collection":[{"href":"https:\/\/eltrabajo.cl\/portal\/wp-json\/wp\/v2\/posts"}],"about":[{"href":"https:\/\/eltrabajo.cl\/portal\/wp-json\/wp\/v2\/types\/post"}],"author":[{"embeddable":true,"href":"https:\/\/eltrabajo.cl\/portal\/wp-json\/wp\/v2\/users\/1"}],"replies":[{"embeddable":true,"href":"https:\/\/eltrabajo.cl\/portal\/wp-json\/wp\/v2\/comments?post=84215"}],"version-history":[{"count":0,"href":"https:\/\/eltrabajo.cl\/portal\/wp-json\/wp\/v2\/posts\/84215\/revisions"}],"wp:featuredmedia":[{"embeddable":true,"href":"https:\/\/eltrabajo.cl\/portal\/wp-json\/wp\/v2\/media\/84216"}],"wp:attachment":[{"href":"https:\/\/eltrabajo.cl\/portal\/wp-json\/wp\/v2\/media?parent=84215"}],"wp:term":[{"taxonomy":"category","embeddable":true,"href":"https:\/\/eltrabajo.cl\/portal\/wp-json\/wp\/v2\/categories?post=84215"},{"taxonomy":"post_tag","embeddable":true,"href":"https:\/\/eltrabajo.cl\/portal\/wp-json\/wp\/v2\/tags?post=84215"}],"curies":[{"name":"wp","href":"https:\/\/api.w.org\/{rel}","templated":true}]}}