{"id":84231,"date":"2018-01-22T05:01:08","date_gmt":"2018-01-22T09:01:08","guid":{"rendered":"http:\/\/www.eltrabajo.cl\/2017\/?p=84231"},"modified":"2018-01-22T05:01:08","modified_gmt":"2018-01-22T09:01:08","slug":"club-aereo-de-san-felipe-celebro-sus-76-anos-de-vuelo-sin-escalas","status":"publish","type":"post","link":"https:\/\/eltrabajo.cl\/portal\/club-aereo-de-san-felipe-celebro-sus-76-anos-de-vuelo-sin-escalas\/","title":{"rendered":"Club A\u00e9reo de San Felipe celebr\u00f3 sus 76 a\u00f1os de vuelo sin escalas"},"content":{"rendered":"<figure id=\"attachment_84239\" aria-describedby=\"caption-attachment-84239\" style=\"width: 580px\" class=\"wp-caption alignnone\"><img data-recalc-dims=\"1\" loading=\"lazy\" decoding=\"async\" class=\"size-full wp-image-84239\" src=\"https:\/\/i0.wp.com\/www.eltrabajo.cl\/2017\/wp-content\/uploads\/2018\/01\/club-aereo-san-felipe2.jpg?resize=580%2C399\" alt=\"FLAMANTE DIRECTORIO.- Ellos son los pilotos que conforman el directorio del club: Andr\u00e9s Valenzuela, director de operaciones; Cristopher De la Puente, director de la Escuela de Vuelo; Ren\u00e9 Mart\u00ednez, presidente; Sergio Tapia, director de materiales y Enrique Stange, tesorero.\" width=\"580\" height=\"399\" srcset=\"https:\/\/i0.wp.com\/eltrabajo.cl\/portal\/wp-content\/uploads\/2018\/01\/club-aereo-san-felipe2.jpg?w=580&amp;ssl=1 580w, https:\/\/i0.wp.com\/eltrabajo.cl\/portal\/wp-content\/uploads\/2018\/01\/club-aereo-san-felipe2.jpg?resize=200%2C138&amp;ssl=1 200w, https:\/\/i0.wp.com\/eltrabajo.cl\/portal\/wp-content\/uploads\/2018\/01\/club-aereo-san-felipe2.jpg?resize=300%2C206&amp;ssl=1 300w, https:\/\/i0.wp.com\/eltrabajo.cl\/portal\/wp-content\/uploads\/2018\/01\/club-aereo-san-felipe2.jpg?resize=218%2C150&amp;ssl=1 218w, https:\/\/i0.wp.com\/eltrabajo.cl\/portal\/wp-content\/uploads\/2018\/01\/club-aereo-san-felipe2.jpg?resize=400%2C275&amp;ssl=1 400w\" sizes=\"auto, (max-width: 580px) 100vw, 580px\" \/><figcaption id=\"caption-attachment-84239\" class=\"wp-caption-text\">FLAMANTE DIRECTORIO.- Ellos son los pilotos que conforman el directorio del club: Andr\u00e9s Valenzuela, director de operaciones; Cristopher De la Puente, director de la Escuela de Vuelo; Ren\u00e9 Mart\u00ednez, presidente; Sergio Tapia, director de materiales y Enrique Stange, tesorero.<\/figcaption><\/figure>\n<ul>\n<li><span style=\"color: #ff0000;\"><strong>Directorio apuesta sus alas a los \u2018paseos populares\u2019:<\/strong><\/span><\/li>\n<\/ul>\n<p>Con gran alegr\u00eda y varias actividades a\u00e9reas fueron celebrados este s\u00e1bado los 76 a\u00f1os de existencia del Club A\u00e9reo de San Felipe, instituci\u00f3n fundada el 22 de enero de 1942 por iniciativa del piloto V\u00edctor Laf\u00f3n, quien fuera tambi\u00e9n su primer presidente. La celebraci\u00f3n de este s\u00e1bado se desarroll\u00f3 con ricas bebidas, varios paseos o vuelos populares en los aviones del club, oportunidad en la que las c\u00e1maras de Diario El Trabajo registraron varias gr\u00e1ficas a\u00e9reas de nuestra ciudad.<\/p>\n<p><span style=\"color: #ff0000;\"><strong>J\u00d3VENES PILOTOS<\/strong><\/span><br \/>\nRecientemente al directorio del club se le inyect\u00f3 nueva y revitalizante sangre juvenil, pues las riendas de la instituci\u00f3n est\u00e1n dirigidas por j\u00f3venes y talentosos muchachos llenos de ideas y sanas ambiciones profesionales.<br \/>\n\u00abDe momento somos 31 pilotos los que conformamos este club a\u00e9reo, todos los socios estamos muy orgullosos de poder participar en esta insigne instituci\u00f3n. Son muchos y grandes pilotos de alto vuelo los que han sido parte de nuestra instituci\u00f3n a lo largo de estos 76 a\u00f1os, por ejemplo a nuestro club se uni\u00f3 en 1945 Julia Librecht, la primera piloto del Valle de Aconcagua, y una de las primeras del pa\u00eds en volar con su licencia; tambi\u00e9n nos han honrado pilotos de gran categor\u00eda como Maurice Barrere, Eneas Grisolia y otros excelentes socios. Nuestra idea, como nuevo directorio del club, es promocionar la escuela de vuelo, para que j\u00f3venes y adultos hasta los 50 a\u00f1os puedan, si quieren, aprender a volar un avi\u00f3n, y tambi\u00e9n recordar a los lectores de Diario El Trabajo y a los aconcag\u00fcinos en general, que nuestros aviones est\u00e1n al servicio de todos, que estamos desde hace muchos a\u00f1os realizando paseos populares, lo que se cobra es simb\u00f3lico, pues somos una instituci\u00f3n sin fines de lucro, no somos una empresa, somos el club a\u00e9reo de los sanfelipe\u00f1os, por eso tambi\u00e9n en nuestros planes est\u00e1 el poder ampliar nuestra pista de los 1.020 metros actuales a quiz\u00e1s unos 1.200 metros, como en alg\u00fan momento fue\u00bb, dijo a nuestro medio el presidente del Club A\u00e9reo de San Felipe, Ren\u00e9 Mart\u00ednez Castillo.<br \/>\nUno de los experimentados pilotos que habl\u00f3 con Diario El Trabajo es Maurice Barrere (Hijo Ilustre de San Felipe), quien ahora est\u00e1 disfrutando de su retiro pero siempre vinculado al club y sigue siendo la persona serena y jovial que siempre ha sido, \u00abla aviaci\u00f3n ha sido mi vida, volar ha sido mi pasi\u00f3n desde joven. A los pilotos j\u00f3venes yo les digo, que me hacen muy feliz, no s\u00f3lo alegran el club, alegran mi coraz\u00f3n, porque s\u00e9 que ahora ellos vuelan por m\u00ed\u00bb.<br \/>\nEste club cuenta con dos aviones en funcionamiento y un tercero en ajustes b\u00e1sicos, cada uno soporta a cuatro personas incluido el piloto, son naves muy estables y con una autonom\u00eda de tres horas y media con tanque lleno.<\/p>\n<p><span style=\"color: #ff0000;\"><strong>REGALONA DEL CLUB<\/strong><\/span><br \/>\nOtra de las personas que ha servido muchos a\u00f1os al club, es do\u00f1a Eliana Moreira, ella coment\u00f3 a nuestro medio lo feliz que ha sido durante estos 45 a\u00f1os de servicio, \u00abesta es mi segunda casa, siento que sido una persona \u00fatil a los dem\u00e1s, a lo largo de estos 45 a\u00f1os he visto a muchos pilotos llegar, formarse y partir, otros ya nos han dejado, pero siempre mi cari\u00f1o a los pilotos y a la instituci\u00f3n ha sido genuino\u00bb, dijo Moreira, quien junto a su bella hija Cecilia han sostenido el casino del club y en pleno funcionamiento. Los interesados en volar con estos experimentados pilotos pueden llamar al 990397719.<br \/>\n<strong>Roberto Gonz\u00e1lez Short<\/strong><\/p>\n<figure id=\"attachment_84232\" aria-describedby=\"caption-attachment-84232\" style=\"width: 580px\" class=\"wp-caption alignnone\"><img data-recalc-dims=\"1\" loading=\"lazy\" decoding=\"async\" class=\"size-full wp-image-84232\" src=\"https:\/\/i0.wp.com\/www.eltrabajo.cl\/2017\/wp-content\/uploads\/2018\/01\/club-aereo-san-felipe_Cristopher-De-la-Puente-y-Andres-Valenzuela.jpg?resize=580%2C399\" alt=\"LOS PILOTAZOS.- Cristopher \u2018Pantera\u2019 De la Puente y Andr\u00e9s Valenzuela, durante el vuelo sobre nuestra ciudad para hacer fotos para Diario El Trabajo.\" width=\"580\" height=\"399\" srcset=\"https:\/\/i0.wp.com\/eltrabajo.cl\/portal\/wp-content\/uploads\/2018\/01\/club-aereo-san-felipe_Cristopher-De-la-Puente-y-Andres-Valenzuela.jpg?w=580&amp;ssl=1 580w, https:\/\/i0.wp.com\/eltrabajo.cl\/portal\/wp-content\/uploads\/2018\/01\/club-aereo-san-felipe_Cristopher-De-la-Puente-y-Andres-Valenzuela.jpg?resize=200%2C138&amp;ssl=1 200w, https:\/\/i0.wp.com\/eltrabajo.cl\/portal\/wp-content\/uploads\/2018\/01\/club-aereo-san-felipe_Cristopher-De-la-Puente-y-Andres-Valenzuela.jpg?resize=300%2C206&amp;ssl=1 300w, https:\/\/i0.wp.com\/eltrabajo.cl\/portal\/wp-content\/uploads\/2018\/01\/club-aereo-san-felipe_Cristopher-De-la-Puente-y-Andres-Valenzuela.jpg?resize=218%2C150&amp;ssl=1 218w, https:\/\/i0.wp.com\/eltrabajo.cl\/portal\/wp-content\/uploads\/2018\/01\/club-aereo-san-felipe_Cristopher-De-la-Puente-y-Andres-Valenzuela.jpg?resize=400%2C275&amp;ssl=1 400w\" sizes=\"auto, (max-width: 580px) 100vw, 580px\" \/><figcaption id=\"caption-attachment-84232\" class=\"wp-caption-text\">LOS PILOTAZOS.- Cristopher \u2018Pantera\u2019 De la Puente y Andr\u00e9s Valenzuela, durante el vuelo sobre nuestra ciudad para hacer fotos para Diario El Trabajo.<\/figcaption><\/figure>\n<figure id=\"attachment_84233\" aria-describedby=\"caption-attachment-84233\" style=\"width: 580px\" class=\"wp-caption alignnone\"><img data-recalc-dims=\"1\" loading=\"lazy\" decoding=\"async\" class=\"size-full wp-image-84233\" src=\"https:\/\/i0.wp.com\/www.eltrabajo.cl\/2017\/wp-content\/uploads\/2018\/01\/club-aereo-san-felipe_Eliana-Moreira.jpg?resize=580%2C580\" alt=\"Eliana Moreira, ha laborado en la instituci\u00f3n por 45 a\u00f1os.\" width=\"580\" height=\"580\" srcset=\"https:\/\/i0.wp.com\/eltrabajo.cl\/portal\/wp-content\/uploads\/2018\/01\/club-aereo-san-felipe_Eliana-Moreira.jpg?w=580&amp;ssl=1 580w, https:\/\/i0.wp.com\/eltrabajo.cl\/portal\/wp-content\/uploads\/2018\/01\/club-aereo-san-felipe_Eliana-Moreira.jpg?resize=150%2C150&amp;ssl=1 150w, https:\/\/i0.wp.com\/eltrabajo.cl\/portal\/wp-content\/uploads\/2018\/01\/club-aereo-san-felipe_Eliana-Moreira.jpg?resize=300%2C300&amp;ssl=1 300w, https:\/\/i0.wp.com\/eltrabajo.cl\/portal\/wp-content\/uploads\/2018\/01\/club-aereo-san-felipe_Eliana-Moreira.jpg?resize=400%2C400&amp;ssl=1 400w\" sizes=\"auto, (max-width: 580px) 100vw, 580px\" \/><figcaption id=\"caption-attachment-84233\" class=\"wp-caption-text\">Eliana Moreira, ha laborado en la instituci\u00f3n por 45 a\u00f1os.<\/figcaption><\/figure>\n<figure id=\"attachment_84234\" aria-describedby=\"caption-attachment-84234\" style=\"width: 579px\" class=\"wp-caption alignnone\"><img data-recalc-dims=\"1\" loading=\"lazy\" decoding=\"async\" class=\"size-full wp-image-84234\" src=\"https:\/\/i0.wp.com\/www.eltrabajo.cl\/2017\/wp-content\/uploads\/2018\/01\/club-aereo-san-felipe_Julia-Librecht.jpg?resize=579%2C678\" alt=\"Julia Librecht, primera mujer piloto del Aconcagua.\" width=\"579\" height=\"678\" srcset=\"https:\/\/i0.wp.com\/eltrabajo.cl\/portal\/wp-content\/uploads\/2018\/01\/club-aereo-san-felipe_Julia-Librecht.jpg?w=579&amp;ssl=1 579w, https:\/\/i0.wp.com\/eltrabajo.cl\/portal\/wp-content\/uploads\/2018\/01\/club-aereo-san-felipe_Julia-Librecht.jpg?resize=128%2C150&amp;ssl=1 128w, https:\/\/i0.wp.com\/eltrabajo.cl\/portal\/wp-content\/uploads\/2018\/01\/club-aereo-san-felipe_Julia-Librecht.jpg?resize=256%2C300&amp;ssl=1 256w, https:\/\/i0.wp.com\/eltrabajo.cl\/portal\/wp-content\/uploads\/2018\/01\/club-aereo-san-felipe_Julia-Librecht.jpg?resize=400%2C468&amp;ssl=1 400w\" sizes=\"auto, (max-width: 579px) 100vw, 579px\" \/><figcaption id=\"caption-attachment-84234\" class=\"wp-caption-text\">Julia Librecht, primera mujer piloto del Aconcagua.<\/figcaption><\/figure>\n<figure id=\"attachment_84235\" aria-describedby=\"caption-attachment-84235\" style=\"width: 579px\" class=\"wp-caption alignnone\"><img data-recalc-dims=\"1\" loading=\"lazy\" decoding=\"async\" class=\"size-full wp-image-84235\" src=\"https:\/\/i0.wp.com\/www.eltrabajo.cl\/2017\/wp-content\/uploads\/2018\/01\/club-aereo-san-felipe_Maurice-Barrere.jpg?resize=579%2C612\" alt=\"Maurice Barrere, viejo \u2018Lobo del aire\u2019, ahora retirado.\" width=\"579\" height=\"612\" srcset=\"https:\/\/i0.wp.com\/eltrabajo.cl\/portal\/wp-content\/uploads\/2018\/01\/club-aereo-san-felipe_Maurice-Barrere.jpg?w=579&amp;ssl=1 579w, https:\/\/i0.wp.com\/eltrabajo.cl\/portal\/wp-content\/uploads\/2018\/01\/club-aereo-san-felipe_Maurice-Barrere.jpg?resize=142%2C150&amp;ssl=1 142w, https:\/\/i0.wp.com\/eltrabajo.cl\/portal\/wp-content\/uploads\/2018\/01\/club-aereo-san-felipe_Maurice-Barrere.jpg?resize=284%2C300&amp;ssl=1 284w, https:\/\/i0.wp.com\/eltrabajo.cl\/portal\/wp-content\/uploads\/2018\/01\/club-aereo-san-felipe_Maurice-Barrere.jpg?resize=400%2C423&amp;ssl=1 400w\" sizes=\"auto, (max-width: 579px) 100vw, 579px\" \/><figcaption id=\"caption-attachment-84235\" class=\"wp-caption-text\">Maurice Barrere, viejo \u2018Lobo del aire\u2019, ahora retirado.<\/figcaption><\/figure>\n<figure id=\"attachment_84236\" aria-describedby=\"caption-attachment-84236\" style=\"width: 579px\" class=\"wp-caption alignnone\"><img data-recalc-dims=\"1\" loading=\"lazy\" decoding=\"async\" class=\"size-full wp-image-84236\" src=\"https:\/\/i0.wp.com\/www.eltrabajo.cl\/2017\/wp-content\/uploads\/2018\/01\/club-aereo-san-felipe_Rene-Martinez.jpg?resize=579%2C592\" alt=\"Presidente del Club A\u00e9reo de San Felipe, Ren\u00e9 Mart\u00ednez Castillo.\" width=\"579\" height=\"592\" srcset=\"https:\/\/i0.wp.com\/eltrabajo.cl\/portal\/wp-content\/uploads\/2018\/01\/club-aereo-san-felipe_Rene-Martinez.jpg?w=579&amp;ssl=1 579w, https:\/\/i0.wp.com\/eltrabajo.cl\/portal\/wp-content\/uploads\/2018\/01\/club-aereo-san-felipe_Rene-Martinez.jpg?resize=147%2C150&amp;ssl=1 147w, https:\/\/i0.wp.com\/eltrabajo.cl\/portal\/wp-content\/uploads\/2018\/01\/club-aereo-san-felipe_Rene-Martinez.jpg?resize=293%2C300&amp;ssl=1 293w, https:\/\/i0.wp.com\/eltrabajo.cl\/portal\/wp-content\/uploads\/2018\/01\/club-aereo-san-felipe_Rene-Martinez.jpg?resize=400%2C409&amp;ssl=1 400w\" sizes=\"auto, (max-width: 579px) 100vw, 579px\" \/><figcaption id=\"caption-attachment-84236\" class=\"wp-caption-text\">Presidente del Club A\u00e9reo de San Felipe, Ren\u00e9 Mart\u00ednez Castillo.<\/figcaption><\/figure>\n<figure id=\"attachment_84237\" aria-describedby=\"caption-attachment-84237\" style=\"width: 579px\" class=\"wp-caption alignnone\"><img data-recalc-dims=\"1\" loading=\"lazy\" decoding=\"async\" class=\"size-full wp-image-84237\" src=\"https:\/\/i0.wp.com\/www.eltrabajo.cl\/2017\/wp-content\/uploads\/2018\/01\/club-aereo-san-felipe_Victor-Lafon.jpg?resize=579%2C700\" alt=\"V\u00edctor Laf\u00f3n, primer presidente del club, falleci\u00f3 volando, en lo que era su pasi\u00f3n.\" width=\"579\" height=\"700\" srcset=\"https:\/\/i0.wp.com\/eltrabajo.cl\/portal\/wp-content\/uploads\/2018\/01\/club-aereo-san-felipe_Victor-Lafon.jpg?w=579&amp;ssl=1 579w, https:\/\/i0.wp.com\/eltrabajo.cl\/portal\/wp-content\/uploads\/2018\/01\/club-aereo-san-felipe_Victor-Lafon.jpg?resize=124%2C150&amp;ssl=1 124w, https:\/\/i0.wp.com\/eltrabajo.cl\/portal\/wp-content\/uploads\/2018\/01\/club-aereo-san-felipe_Victor-Lafon.jpg?resize=248%2C300&amp;ssl=1 248w, https:\/\/i0.wp.com\/eltrabajo.cl\/portal\/wp-content\/uploads\/2018\/01\/club-aereo-san-felipe_Victor-Lafon.jpg?resize=400%2C484&amp;ssl=1 400w\" sizes=\"auto, (max-width: 579px) 100vw, 579px\" \/><figcaption id=\"caption-attachment-84237\" class=\"wp-caption-text\">V\u00edctor Laf\u00f3n, primer presidente del club, falleci\u00f3 volando, en lo que era su pasi\u00f3n.<\/figcaption><\/figure>\n<figure id=\"attachment_84238\" aria-describedby=\"caption-attachment-84238\" style=\"width: 580px\" class=\"wp-caption alignnone\"><img data-recalc-dims=\"1\" loading=\"lazy\" decoding=\"async\" class=\"size-full wp-image-84238\" src=\"https:\/\/i0.wp.com\/www.eltrabajo.cl\/2017\/wp-content\/uploads\/2018\/01\/club-aereo-san-felipe1.jpg?resize=580%2C399\" alt=\"FELIZ CUMPLEA\u00d1OS.- Aqu\u00ed tenemos a parte de la gran familia del Club A\u00e9reo de San Felipe, posando para nuestras c\u00e1maras en la pista de aterrizaje.\" width=\"580\" height=\"399\" srcset=\"https:\/\/i0.wp.com\/eltrabajo.cl\/portal\/wp-content\/uploads\/2018\/01\/club-aereo-san-felipe1.jpg?w=580&amp;ssl=1 580w, https:\/\/i0.wp.com\/eltrabajo.cl\/portal\/wp-content\/uploads\/2018\/01\/club-aereo-san-felipe1.jpg?resize=200%2C138&amp;ssl=1 200w, https:\/\/i0.wp.com\/eltrabajo.cl\/portal\/wp-content\/uploads\/2018\/01\/club-aereo-san-felipe1.jpg?resize=300%2C206&amp;ssl=1 300w, https:\/\/i0.wp.com\/eltrabajo.cl\/portal\/wp-content\/uploads\/2018\/01\/club-aereo-san-felipe1.jpg?resize=218%2C150&amp;ssl=1 218w, https:\/\/i0.wp.com\/eltrabajo.cl\/portal\/wp-content\/uploads\/2018\/01\/club-aereo-san-felipe1.jpg?resize=400%2C275&amp;ssl=1 400w\" sizes=\"auto, (max-width: 580px) 100vw, 580px\" \/><figcaption id=\"caption-attachment-84238\" class=\"wp-caption-text\">FELIZ CUMPLEA\u00d1OS.- Aqu\u00ed tenemos a parte de la gran familia del Club A\u00e9reo de San Felipe, posando para nuestras c\u00e1maras en la pista de aterrizaje.<\/figcaption><\/figure>\n<figure id=\"attachment_84240\" aria-describedby=\"caption-attachment-84240\" style=\"width: 580px\" class=\"wp-caption alignnone\"><img data-recalc-dims=\"1\" loading=\"lazy\" decoding=\"async\" class=\"size-full wp-image-84240\" src=\"https:\/\/i0.wp.com\/www.eltrabajo.cl\/2017\/wp-content\/uploads\/2018\/01\/club-aereo-san-felipe3.jpg?resize=580%2C400\" alt=\"A VOLAR AMIGOS.- As\u00ed se ve San Felipe a 4.000 pies de altura, una experiencia tambi\u00e9n al alcance de toda la familia.\" width=\"580\" height=\"400\" srcset=\"https:\/\/i0.wp.com\/eltrabajo.cl\/portal\/wp-content\/uploads\/2018\/01\/club-aereo-san-felipe3.jpg?w=580&amp;ssl=1 580w, https:\/\/i0.wp.com\/eltrabajo.cl\/portal\/wp-content\/uploads\/2018\/01\/club-aereo-san-felipe3.jpg?resize=200%2C138&amp;ssl=1 200w, https:\/\/i0.wp.com\/eltrabajo.cl\/portal\/wp-content\/uploads\/2018\/01\/club-aereo-san-felipe3.jpg?resize=300%2C207&amp;ssl=1 300w, https:\/\/i0.wp.com\/eltrabajo.cl\/portal\/wp-content\/uploads\/2018\/01\/club-aereo-san-felipe3.jpg?resize=218%2C150&amp;ssl=1 218w, https:\/\/i0.wp.com\/eltrabajo.cl\/portal\/wp-content\/uploads\/2018\/01\/club-aereo-san-felipe3.jpg?resize=400%2C276&amp;ssl=1 400w\" sizes=\"auto, (max-width: 580px) 100vw, 580px\" \/><figcaption id=\"caption-attachment-84240\" class=\"wp-caption-text\">A VOLAR AMIGOS.- As\u00ed se ve San Felipe a 4.000 pies de altura, una experiencia tambi\u00e9n al alcance de toda la familia.<\/figcaption><\/figure>\n","protected":false},"excerpt":{"rendered":"<p>Directorio apuesta sus alas a los \u2018paseos populares\u2019: Con gran alegr\u00eda y varias actividades a\u00e9reas fueron celebrados este s\u00e1bado los 76 a\u00f1os de existencia del Club A\u00e9reo de San Felipe, instituci\u00f3n fundada&#8230;<\/p>\n","protected":false},"author":1,"featured_media":84238,"comment_status":"open","ping_status":"open","sticky":false,"template":"","format":"standard","meta":{"advanced_seo_description":"","jetpack_seo_html_title":"","jetpack_seo_noindex":false,"_jetpack_memberships_contains_paid_content":false,"footnotes":""},"categories":[15],"tags":[],"class_list":["post-84231","post","type-post","status-publish","format-standard","has-post-thumbnail","hentry","category-comunidad"],"jetpack_featured_media_url":"https:\/\/i0.wp.com\/eltrabajo.cl\/portal\/wp-content\/uploads\/2018\/01\/club-aereo-san-felipe1.jpg?fit=580%2C399&ssl=1","jetpack_sharing_enabled":true,"jetpack_likes_enabled":true,"jetpack-related-posts":[],"_links":{"self":[{"href":"https:\/\/eltrabajo.cl\/portal\/wp-json\/wp\/v2\/posts\/84231","targetHints":{"allow":["GET"]}}],"collection":[{"href":"https:\/\/eltrabajo.cl\/portal\/wp-json\/wp\/v2\/posts"}],"about":[{"href":"https:\/\/eltrabajo.cl\/portal\/wp-json\/wp\/v2\/types\/post"}],"author":[{"embeddable":true,"href":"https:\/\/eltrabajo.cl\/portal\/wp-json\/wp\/v2\/users\/1"}],"replies":[{"embeddable":true,"href":"https:\/\/eltrabajo.cl\/portal\/wp-json\/wp\/v2\/comments?post=84231"}],"version-history":[{"count":0,"href":"https:\/\/eltrabajo.cl\/portal\/wp-json\/wp\/v2\/posts\/84231\/revisions"}],"wp:featuredmedia":[{"embeddable":true,"href":"https:\/\/eltrabajo.cl\/portal\/wp-json\/wp\/v2\/media\/84238"}],"wp:attachment":[{"href":"https:\/\/eltrabajo.cl\/portal\/wp-json\/wp\/v2\/media?parent=84231"}],"wp:term":[{"taxonomy":"category","embeddable":true,"href":"https:\/\/eltrabajo.cl\/portal\/wp-json\/wp\/v2\/categories?post=84231"},{"taxonomy":"post_tag","embeddable":true,"href":"https:\/\/eltrabajo.cl\/portal\/wp-json\/wp\/v2\/tags?post=84231"}],"curies":[{"name":"wp","href":"https:\/\/api.w.org\/{rel}","templated":true}]}}