{"id":84315,"date":"2018-01-24T05:05:07","date_gmt":"2018-01-24T09:05:07","guid":{"rendered":"http:\/\/www.eltrabajo.cl\/2017\/?p=84315"},"modified":"2018-01-24T05:05:07","modified_gmt":"2018-01-24T09:05:07","slug":"selfa-antiman-enfrenta-ahora-la-mas-importante-lucha-de-su-vida-el-cancer","status":"publish","type":"post","link":"https:\/\/eltrabajo.cl\/portal\/selfa-antiman-enfrenta-ahora-la-mas-importante-lucha-de-su-vida-el-cancer\/","title":{"rendered":"Selfa Antim\u00e1n enfrenta ahora la m\u00e1s importante lucha de su vida: El C\u00e1ncer"},"content":{"rendered":"<figure id=\"attachment_84318\" aria-describedby=\"caption-attachment-84318\" style=\"width: 580px\" class=\"wp-caption alignnone\"><img data-recalc-dims=\"1\" loading=\"lazy\" decoding=\"async\" class=\"size-full wp-image-84318\" src=\"https:\/\/i0.wp.com\/www.eltrabajo.cl\/2017\/wp-content\/uploads\/2018\/01\/Selfa-Antiman2.jpg?resize=580%2C399\" alt=\"DISTINCI\u00d3N ESPECIAL.- Aqu\u00ed nos muestra Selfa uno de los m\u00e1s recientes reconocimientos que ha recibido por parte del gobierno. Ella cuenta con m\u00e1s de 70 galardones recibidos en su vida.\" width=\"580\" height=\"399\" srcset=\"https:\/\/i0.wp.com\/eltrabajo.cl\/portal\/wp-content\/uploads\/2018\/01\/Selfa-Antiman2.jpg?w=580&amp;ssl=1 580w, https:\/\/i0.wp.com\/eltrabajo.cl\/portal\/wp-content\/uploads\/2018\/01\/Selfa-Antiman2.jpg?resize=200%2C138&amp;ssl=1 200w, https:\/\/i0.wp.com\/eltrabajo.cl\/portal\/wp-content\/uploads\/2018\/01\/Selfa-Antiman2.jpg?resize=300%2C206&amp;ssl=1 300w, https:\/\/i0.wp.com\/eltrabajo.cl\/portal\/wp-content\/uploads\/2018\/01\/Selfa-Antiman2.jpg?resize=218%2C150&amp;ssl=1 218w, https:\/\/i0.wp.com\/eltrabajo.cl\/portal\/wp-content\/uploads\/2018\/01\/Selfa-Antiman2.jpg?resize=400%2C275&amp;ssl=1 400w\" sizes=\"auto, (max-width: 580px) 100vw, 580px\" \/><figcaption id=\"caption-attachment-84318\" class=\"wp-caption-text\">DISTINCI\u00d3N ESPECIAL.- Aqu\u00ed nos muestra Selfa uno de los m\u00e1s recientes reconocimientos que ha recibido por parte del gobierno. Ella cuenta con m\u00e1s de 70 galardones recibidos en su vida.<\/figcaption><\/figure>\n<ul>\n<li><span style=\"color: #ff0000;\"><strong>Aunque la activista social sufre el temido mal, no deja de luchar:<\/strong><\/span><\/li>\n<\/ul>\n<p>Una de las activistas sociales m\u00e1s en\u00e9rgicas de todo Chile y quien desde muy joven se ha dedicado a enfrentar las injusticias de la vida por los m\u00e1s necesitados, hizo p\u00fablico en exclusiva la tarde de ayer a nuestro medio, que est\u00e1 enfrentando una lucha por su vida, luego que hace varios meses los m\u00e9dicos le dictaminaran c\u00e1ncer de h\u00edgado y g\u00e1strico, raz\u00f3n por la cual hoy compartimos esta entrevista especial para nuestros lectores, se trata de Selfa Antim\u00e1n Nahuelqu\u00edn, nacida en Puerto Ays\u00e9n hace ya 74 a\u00f1os.<\/p>\n<p><span style=\"color: #ff0000;\"><strong>A SOLAS CON SELFA<\/strong><\/span><br \/>\nPero no publicamos esta entrevista a ra\u00edz de que sufra esta enfermedad, lo hacemos porque esta vecina de Santa Mar\u00eda siempre ha sostenido un contacto cercano con los medios de comunicaci\u00f3n, y porque ella tambi\u00e9n se ha ganado con los a\u00f1os el respeto y cari\u00f1o de nuestros lectores en el Valle de Aconcagua.<br \/>\n<strong>&#8211; \u00bfD\u00f3nde naciste y c\u00f3mo te convertiste en una lideresa social?<\/strong><br \/>\n&#8211; Tengo 74 a\u00f1os de edad. Nac\u00ed y me cri\u00e9 en Puerto Ays\u00e9n, curs\u00e9 y termin\u00e9 mis estudios en la Escuela Normalista de Ays\u00e9n, inici\u00e9 mi vida p\u00fablica como una alegre basquetbolista del desaparecido Club Uni\u00f3n Deportiva, de Ays\u00e9n. Luego de un tiempo fui la entrenadora de ese club de mis amores, as\u00ed a mis 17 a\u00f1os fui nombrada dirigenta de la rama femenina de esa instituci\u00f3n deportiva, yo no ten\u00eda idea o discurso para ser una lideresa, sin embargo logr\u00e9 ponerle empe\u00f1o a mis funciones, no le huyo a los desaf\u00edos, por eso empec\u00e9 a desarrollar liderazgo en mi comunidad.<br \/>\n<strong>&#8211; \u00bfParticipaste en otras actividades que no fueran tus luchas sociales?<\/strong><br \/>\n&#8211; S\u00ed. Durante mi juventud tambi\u00e9n particip\u00e9 en la fundaci\u00f3n de Radio General Marchant, era una emisora comunitaria, ningunos de los j\u00f3venes ten\u00edamos idea clara de qu\u00e9 era hacer Radio, pero r\u00e1pidamente aprendimos sobre la marcha y nos organizamos. Tambi\u00e9n fui educadora de B\u00e1sica en esa escuela de donde egres\u00e9, fueron a\u00f1os de muchos sue\u00f1os por cumplir.<br \/>\n<strong>&#8211; \u00bfC\u00f3mo te convertiste en la activista social que todos conocemos?<\/strong><br \/>\n&#8211; Mi visi\u00f3n se fue ampliando conforme vi las injusticias de la vida, mientras yo alfabetizaba en mi regi\u00f3n, me involucr\u00e9 tambi\u00e9n con un curita del pueblo, con \u00e9l \u00edbamos a las c\u00e1rceles para dar apoyo a los presos, recog\u00edamos ropa para las familias pobres de la provincia. No soy comunista ni pertenezco a ning\u00fan partido pol\u00edtico, pero no hay que serlo para luchar por los derechos de los dem\u00e1s y los m\u00edos propios. Me toc\u00f3 luchar por los temporeros y hasta por el regreso de la democracia a nuestro pa\u00eds. Con el tiempo los grandes movimientos nacionales me invitaron tambi\u00e9n a sus luchas, as\u00ed fui siendo cada vez de m\u00e1s utilidad a mi gente y a quien lo necesitara.<br \/>\n<strong>&#8211; \u00bfCon qui\u00e9n te casaste y qu\u00e9 descendencia tienes?<\/strong><br \/>\n&#8211; Mi esposo, el \u00fanico esposo, fue Rigoberto B\u00f3rquez, con \u00e9l tuve cuatro hijos, y dos que criamos: Patricio, Rigoberto, Iv\u00e1n, Julia, Ra\u00fal y Alejandro, ellos me regalaron ocho nietos y tres bisnietos.<br \/>\n<strong>&#8211; \u00bfC\u00f3mo est\u00e1s tomando esta agresiva enfermedad?<\/strong><br \/>\n&#8211; Como tengo que tomarla. Con valent\u00eda y dignamente. Mi enfermedad es seria. Es un c\u00e1ncer que ya se ha ramificado a varios \u00f3rganos vitales de mi cuerpo, igual me estoy sometiendo a la Quimioterapia, en algo me ha servido, aunque tambi\u00e9n estoy con otros remedios alternativos.<br \/>\n<strong>&#8211; \u00bfQu\u00e9 te gustar\u00eda compartir con nuestros lectores?<\/strong><br \/>\n&#8211; A los j\u00f3venes quiero decirles que aprendan a valorarse, a luchar por cumplir sus sue\u00f1os, tambi\u00e9n a tantas personas que me han llamado desde tantas partes del pa\u00eds, por todo el apoyo moral que me est\u00e1n dando en este problema tan serio de salud.<br \/>\nQuienes laboramos en Diario El Trabajo hoy nos queremos plegar al esp\u00edritu de lucha personal de do\u00f1a Selfa Antim\u00e1n, en estos momentos en que tanta fuerza se necesita para superar las adversidades que la vida le presenta. \u00a1Fuerza Selfita!<br \/>\n<strong>Roberto Gonz\u00e1lez Short<\/strong><\/p>\n<figure id=\"attachment_84316\" aria-describedby=\"caption-attachment-84316\" style=\"width: 579px\" class=\"wp-caption alignnone\"><img data-recalc-dims=\"1\" loading=\"lazy\" decoding=\"async\" class=\"size-full wp-image-84316\" src=\"https:\/\/i0.wp.com\/www.eltrabajo.cl\/2017\/wp-content\/uploads\/2018\/01\/Selfa-Antiman-3.jpg?resize=579%2C697\" alt=\"CON SUS DOS RODRIGOS.- As\u00ed luc\u00edan Selfa y su esposo Rodrigo, cuando era una bella jovencita llena de ilusiones y luchar que enfrentar.\" width=\"579\" height=\"697\" srcset=\"https:\/\/i0.wp.com\/eltrabajo.cl\/portal\/wp-content\/uploads\/2018\/01\/Selfa-Antiman-3.jpg?w=579&amp;ssl=1 579w, https:\/\/i0.wp.com\/eltrabajo.cl\/portal\/wp-content\/uploads\/2018\/01\/Selfa-Antiman-3.jpg?resize=125%2C150&amp;ssl=1 125w, https:\/\/i0.wp.com\/eltrabajo.cl\/portal\/wp-content\/uploads\/2018\/01\/Selfa-Antiman-3.jpg?resize=249%2C300&amp;ssl=1 249w, https:\/\/i0.wp.com\/eltrabajo.cl\/portal\/wp-content\/uploads\/2018\/01\/Selfa-Antiman-3.jpg?resize=400%2C482&amp;ssl=1 400w\" sizes=\"auto, (max-width: 579px) 100vw, 579px\" \/><figcaption id=\"caption-attachment-84316\" class=\"wp-caption-text\">CON SUS DOS RODRIGOS.- As\u00ed luc\u00edan Selfa y su esposo Rodrigo, cuando era una bella jovencita llena de ilusiones y luchar que enfrentar.<\/figcaption><\/figure>\n<figure id=\"attachment_84317\" aria-describedby=\"caption-attachment-84317\" style=\"width: 579px\" class=\"wp-caption alignnone\"><img data-recalc-dims=\"1\" loading=\"lazy\" decoding=\"async\" class=\"size-full wp-image-84317\" src=\"https:\/\/i0.wp.com\/www.eltrabajo.cl\/2017\/wp-content\/uploads\/2018\/01\/Selfa-Antiman1.jpg?resize=579%2C869\" alt=\"SIEMPRE SELFA.- La gran activista social sigue siendo una de las figuras emblem\u00e1ticas de la lucha del hombre por el hombre en busca de la igualdad de derechos.\" width=\"579\" height=\"869\" srcset=\"https:\/\/i0.wp.com\/eltrabajo.cl\/portal\/wp-content\/uploads\/2018\/01\/Selfa-Antiman1.jpg?w=579&amp;ssl=1 579w, https:\/\/i0.wp.com\/eltrabajo.cl\/portal\/wp-content\/uploads\/2018\/01\/Selfa-Antiman1.jpg?resize=100%2C150&amp;ssl=1 100w, https:\/\/i0.wp.com\/eltrabajo.cl\/portal\/wp-content\/uploads\/2018\/01\/Selfa-Antiman1.jpg?resize=200%2C300&amp;ssl=1 200w, https:\/\/i0.wp.com\/eltrabajo.cl\/portal\/wp-content\/uploads\/2018\/01\/Selfa-Antiman1.jpg?resize=400%2C600&amp;ssl=1 400w\" sizes=\"auto, (max-width: 579px) 100vw, 579px\" \/><figcaption id=\"caption-attachment-84317\" class=\"wp-caption-text\">SIEMPRE SELFA.- La gran activista social sigue siendo una de las figuras emblem\u00e1ticas de la lucha del hombre por el hombre en busca de la igualdad de derechos.<\/figcaption><\/figure>\n","protected":false},"excerpt":{"rendered":"<p>Aunque la activista social sufre el temido mal, no deja de luchar: Una de las activistas sociales m\u00e1s en\u00e9rgicas de todo Chile y quien desde muy joven se ha dedicado a enfrentar&#8230;<\/p>\n","protected":false},"author":1,"featured_media":84318,"comment_status":"open","ping_status":"open","sticky":false,"template":"","format":"standard","meta":{"advanced_seo_description":"","jetpack_seo_html_title":"","jetpack_seo_noindex":false,"_jetpack_memberships_contains_paid_content":false,"footnotes":""},"categories":[15],"tags":[],"class_list":["post-84315","post","type-post","status-publish","format-standard","has-post-thumbnail","hentry","category-comunidad"],"jetpack_featured_media_url":"https:\/\/i0.wp.com\/eltrabajo.cl\/portal\/wp-content\/uploads\/2018\/01\/Selfa-Antiman2.jpg?fit=580%2C399&ssl=1","jetpack_sharing_enabled":true,"jetpack_likes_enabled":true,"jetpack-related-posts":[],"_links":{"self":[{"href":"https:\/\/eltrabajo.cl\/portal\/wp-json\/wp\/v2\/posts\/84315","targetHints":{"allow":["GET"]}}],"collection":[{"href":"https:\/\/eltrabajo.cl\/portal\/wp-json\/wp\/v2\/posts"}],"about":[{"href":"https:\/\/eltrabajo.cl\/portal\/wp-json\/wp\/v2\/types\/post"}],"author":[{"embeddable":true,"href":"https:\/\/eltrabajo.cl\/portal\/wp-json\/wp\/v2\/users\/1"}],"replies":[{"embeddable":true,"href":"https:\/\/eltrabajo.cl\/portal\/wp-json\/wp\/v2\/comments?post=84315"}],"version-history":[{"count":0,"href":"https:\/\/eltrabajo.cl\/portal\/wp-json\/wp\/v2\/posts\/84315\/revisions"}],"wp:featuredmedia":[{"embeddable":true,"href":"https:\/\/eltrabajo.cl\/portal\/wp-json\/wp\/v2\/media\/84318"}],"wp:attachment":[{"href":"https:\/\/eltrabajo.cl\/portal\/wp-json\/wp\/v2\/media?parent=84315"}],"wp:term":[{"taxonomy":"category","embeddable":true,"href":"https:\/\/eltrabajo.cl\/portal\/wp-json\/wp\/v2\/categories?post=84315"},{"taxonomy":"post_tag","embeddable":true,"href":"https:\/\/eltrabajo.cl\/portal\/wp-json\/wp\/v2\/tags?post=84315"}],"curies":[{"name":"wp","href":"https:\/\/api.w.org\/{rel}","templated":true}]}}