{"id":84347,"date":"2018-01-25T05:06:54","date_gmt":"2018-01-25T09:06:54","guid":{"rendered":"http:\/\/www.eltrabajo.cl\/2017\/?p=84347"},"modified":"2018-01-25T05:06:54","modified_gmt":"2018-01-25T09:06:54","slug":"le-quitan-su-furgon-por-una-denuncia-hecha-por-un-hombre-que-no-existe","status":"publish","type":"post","link":"https:\/\/eltrabajo.cl\/portal\/le-quitan-su-furgon-por-una-denuncia-hecha-por-un-hombre-que-no-existe\/","title":{"rendered":"Le quitan su furg\u00f3n por una denuncia hecha por un hombre que no existe"},"content":{"rendered":"<figure id=\"attachment_84348\" aria-describedby=\"caption-attachment-84348\" style=\"width: 580px\" class=\"wp-caption alignnone\"><img data-recalc-dims=\"1\" loading=\"lazy\" decoding=\"async\" class=\"size-full wp-image-84348\" src=\"https:\/\/i0.wp.com\/www.eltrabajo.cl\/2017\/wp-content\/uploads\/2018\/01\/Furgon1.jpg?resize=580%2C400\" alt=\"DENUNCIANTE FANTASMA.- Do\u00f1a Alicia y su hijo Juan Carlos est\u00e1n ya cansados de pedir a las autoridades judiciales que les devuelva su furg\u00f3n, pues tal como lo indica el Registro Civil, el denunciante no existe.\" width=\"580\" height=\"400\" srcset=\"https:\/\/i0.wp.com\/eltrabajo.cl\/portal\/wp-content\/uploads\/2018\/01\/Furgon1.jpg?w=580&amp;ssl=1 580w, https:\/\/i0.wp.com\/eltrabajo.cl\/portal\/wp-content\/uploads\/2018\/01\/Furgon1.jpg?resize=200%2C138&amp;ssl=1 200w, https:\/\/i0.wp.com\/eltrabajo.cl\/portal\/wp-content\/uploads\/2018\/01\/Furgon1.jpg?resize=300%2C207&amp;ssl=1 300w, https:\/\/i0.wp.com\/eltrabajo.cl\/portal\/wp-content\/uploads\/2018\/01\/Furgon1.jpg?resize=218%2C150&amp;ssl=1 218w, https:\/\/i0.wp.com\/eltrabajo.cl\/portal\/wp-content\/uploads\/2018\/01\/Furgon1.jpg?resize=400%2C276&amp;ssl=1 400w\" sizes=\"auto, (max-width: 580px) 100vw, 580px\" \/><figcaption id=\"caption-attachment-84348\" class=\"wp-caption-text\">DENUNCIANTE FANTASMA.- Do\u00f1a Alicia y su hijo Juan Carlos est\u00e1n ya cansados de pedir a las autoridades judiciales que les devuelva su furg\u00f3n, pues tal como lo indica el Registro Civil, el denunciante no existe.<\/figcaption><\/figure>\n<ul>\n<li><span style=\"color: #ff0000;\"><strong>Ins\u00f3lito error en 1996 afecta cruelmente a due\u00f1a y su familia:<\/strong><\/span><\/li>\n<\/ul>\n<p>Un ins\u00f3lito caso es el que en Diario El Trabajo estamos investigando desde hace varios d\u00edas, y decimos que es \u2018ins\u00f3lito\u2019, porque se trata de la incautaci\u00f3n que hizo Carabineros de San Felipe de un furg\u00f3n Suzuki blanco, patente DI 2766-3, a\u00f1o 1991. Lo extra\u00f1o de esta situaci\u00f3n es que la propietaria del veh\u00edculo, do\u00f1a Alicia Carvajal Carvajal, vecina de Poblaci\u00f3n El Llano, camino Tocornal, lo compr\u00f3 hace ocho a\u00f1os, y desde 2011 su hijo lo ha conducido tanto para trasladar a su madre y t\u00edas a todas las diligencias personales de la familia, as\u00ed como para laborar y llevar honradamente el sustento para su casa.<\/p>\n<p><span style=\"color: #ff0000;\"><strong>TODO UN MISTERIO<\/strong><\/span><br \/>\nNuestro medio logr\u00f3 entrevistar a la due\u00f1a y a su hijo Carlos Vega Carvajal, quienes explicaron c\u00f3mo les est\u00e1 afectando esta complicada situaci\u00f3n. La primera en hablar fue do\u00f1a Alicia Carvajal.<br \/>\n<strong>&#8211; \u00bfCu\u00e1ndo y por qu\u00e9 les fue decomisado su furg\u00f3n?<\/strong><br \/>\n&#8211; El lunes 14 de enero pasado Carabineros le decomis\u00f3 en la plaza de San Felipe el furg\u00f3n que conduce mi hijo, luego que en la pantalla les saliera que ese furg\u00f3n estaba encargado por Robo, seg\u00fan los carabineros, este reclamo estaba vigente desde 1996, pero lo raro de mi caso, es que la persona que denunci\u00f3 este supuesto robo, no existe.<br \/>\n<strong>&#8211; \u00bfEst\u00e1 segura de que este denunciante no existe?<\/strong><br \/>\n&#8211; As\u00ed como se lo estoy diciendo, el denunciante report\u00f3 en ese momento que \u00e9l se llama V\u00edctor Manuel Or\u00f3stica Herrera, sin domicilio ni n\u00famero de Rut, o sea, Carabineros meti\u00f3 al sistema un encargo por Robo, de una persona que no existe, y con ese argumento ahora ellos mismos, Carabineros, nos quita nuestro veh\u00edculo, creo que es una injusticia, pues mi hijo tiene a su esposa inv\u00e1lida y necesita el furg\u00f3n para llevarla a sus tratamientos, adem\u00e1s, \u00e9l se gana la vida en la feria con mi furg\u00f3n.<br \/>\n<strong>&#8211; \u00bfA qui\u00e9n compr\u00f3 usted este furg\u00f3n?<\/strong><br \/>\n&#8211; Yo le compr\u00e9 el furg\u00f3n a don Ricardo Arturo Mu\u00f1oz Bruna hace 8 a\u00f1os, y ni a \u00e9l ni a m\u00ed, ni a otros due\u00f1os del furg\u00f3n alguna vez Carabineros hab\u00eda incautado el auto, pese a que han hecho los controles en carretera que ocasionalmente hacen, y nada hab\u00eda pasado.<br \/>\n<strong>&#8211; \u00bfQu\u00e9 respuesta les da ahora Carabineros en San Felipe?<\/strong><br \/>\n&#8211; En Carabineros de San Felipe no nos han querido dar el Parte, nos dicen que lo pasaron a Fiscal\u00eda (en este caso de Los Andes), porque ellos ten\u00edan que ubicar a quien denunci\u00f3 en 1996 para saber qu\u00e9 hab\u00eda pasado con esa denuncia, y as\u00ed determinar si me devolv\u00edan mi furg\u00f3n.<\/p>\n<p><span style=\"color: #ff0000;\"><strong>\u00abNO SOMOS DELINCUENTES\u00bb<\/strong><\/span><br \/>\nDiario El Trabajo tambi\u00e9n habl\u00f3 con don Juan Carlos Vega, hijo de la due\u00f1a que conduc\u00eda el furg\u00f3n: \u00abA m\u00ed me est\u00e1 afectando much\u00edsimo el no contar con nuestro furg\u00f3n, pues trabajo en la feria los d\u00edas domingo, tambi\u00e9n necesito transportar a mi se\u00f1ora cada tres d\u00edas a las curaciones al hospital, pero ahora no tengo c\u00f3mo hacerlo, creo que esto es una injusticia de Carabineros, soy una persona honrada que pago mis impuestos y contribuyo con mi pa\u00eds, estamos tambi\u00e9n ya valorando demandar a Carabineros por este atropello, ellos nos han tratado como a delincuentes, as\u00ed nos han tratado Carabineros, y no somos delincuentes\u00bb.<\/p>\n<p><span style=\"color: #ff0000;\"><strong>CARABINEROS RESPONDE<\/strong><\/span><br \/>\nDiario El Trabajo consult\u00f3 al comisario H\u00e9ctor Soto sobre este caso en particular, a lo que la autoridad respondi\u00f3 que \u00abrealizada su consulta puedo confirmar que efectivamente en 1996 hubo una denuncia por el Robo de ese veh\u00edculo en la comuna de Los Andes, en lo cual en ese momento de acuerdo al protocolo se realiz\u00f3 el encargo respectivo. El 15 de enero ese veh\u00edculo fue fiscalizado en la v\u00eda p\u00fablica y al consultar la documentaci\u00f3n y antecedentes de la patente, arroj\u00f3 que efectivamente manten\u00eda encargo por Robo, por lo que se adopt\u00f3 el procedimiento de rigor, el veh\u00edculo ya fue derivado a los corrales municipales en espera de lo que disponga la fiscal\u00eda, para poder regularizar el tema y eventualmente entregar el veh\u00edculo a su propietario, pero ya con el tema regularizado\u00bb, dijo Soto.<\/p>\n<p><span style=\"color: #ff0000;\"><strong>MUY CONTRADICTORIO<\/strong><\/span><br \/>\nDiario El Trabajo tambi\u00e9n verific\u00f3 la informaci\u00f3n que emite la Fiscal\u00eda de Los Andes, misma que se\u00f1ala que el denunciante en 1996 se identific\u00f3 como V\u00edctor Manuel Or\u00f3stica Herrera, Carabineros valid\u00f3 el encargo en ese momento, pero la persona no existe, en el Registro Civil de San Felipe confirmaron que nunca ha existido una persona con ese nombre y apellidos, por lo tanto no concuerda con lo dicho por el Comisario Soto, ya que al ser consultado sobre c\u00f3mo se instaura un Encargo por Robo de veh\u00edculo, don H\u00e9ctor Soto indic\u00f3 que \u00abtoda denuncia en caso de un veh\u00edculo robado, debe ser hecha por el due\u00f1o del mismo veh\u00edculo\u00bb, lo que deja entonces una evidente contradicci\u00f3n a ser resuelta por las autoridades.<br \/>\n<strong>Roberto Gonz\u00e1lez Short<\/strong><\/p>\n<figure id=\"attachment_84349\" aria-describedby=\"caption-attachment-84349\" style=\"width: 580px\" class=\"wp-caption alignnone\"><img data-recalc-dims=\"1\" loading=\"lazy\" decoding=\"async\" class=\"size-full wp-image-84349\" src=\"https:\/\/i0.wp.com\/www.eltrabajo.cl\/2017\/wp-content\/uploads\/2018\/01\/Furgon2.jpg?resize=580%2C400\" alt=\"DUE\u00d1A EXIGE EXPLICACIONES.- Estos son los registros del furg\u00f3n que demuestran que do\u00f1a Alicia Carvajal es su verdadera due\u00f1a.\" width=\"580\" height=\"400\" srcset=\"https:\/\/i0.wp.com\/eltrabajo.cl\/portal\/wp-content\/uploads\/2018\/01\/Furgon2.jpg?w=580&amp;ssl=1 580w, https:\/\/i0.wp.com\/eltrabajo.cl\/portal\/wp-content\/uploads\/2018\/01\/Furgon2.jpg?resize=200%2C138&amp;ssl=1 200w, https:\/\/i0.wp.com\/eltrabajo.cl\/portal\/wp-content\/uploads\/2018\/01\/Furgon2.jpg?resize=300%2C207&amp;ssl=1 300w, https:\/\/i0.wp.com\/eltrabajo.cl\/portal\/wp-content\/uploads\/2018\/01\/Furgon2.jpg?resize=218%2C150&amp;ssl=1 218w, https:\/\/i0.wp.com\/eltrabajo.cl\/portal\/wp-content\/uploads\/2018\/01\/Furgon2.jpg?resize=400%2C276&amp;ssl=1 400w\" sizes=\"auto, (max-width: 580px) 100vw, 580px\" \/><figcaption id=\"caption-attachment-84349\" class=\"wp-caption-text\">DUE\u00d1A EXIGE EXPLICACIONES.- Estos son los registros del furg\u00f3n que demuestran que do\u00f1a Alicia Carvajal es su verdadera due\u00f1a.<\/figcaption><\/figure>\n","protected":false},"excerpt":{"rendered":"<p>Ins\u00f3lito error en 1996 afecta cruelmente a due\u00f1a y su familia: Un ins\u00f3lito caso es el que en Diario El Trabajo estamos investigando desde hace varios d\u00edas, y decimos que es \u2018ins\u00f3lito\u2019,&#8230;<\/p>\n","protected":false},"author":1,"featured_media":84348,"comment_status":"open","ping_status":"open","sticky":false,"template":"","format":"standard","meta":{"advanced_seo_description":"","jetpack_seo_html_title":"","jetpack_seo_noindex":false,"_jetpack_memberships_contains_paid_content":false,"footnotes":""},"categories":[15],"tags":[],"class_list":["post-84347","post","type-post","status-publish","format-standard","has-post-thumbnail","hentry","category-comunidad"],"jetpack_featured_media_url":"https:\/\/i0.wp.com\/eltrabajo.cl\/portal\/wp-content\/uploads\/2018\/01\/Furgon1.jpg?fit=580%2C400&ssl=1","jetpack_sharing_enabled":true,"jetpack_likes_enabled":true,"jetpack-related-posts":[],"_links":{"self":[{"href":"https:\/\/eltrabajo.cl\/portal\/wp-json\/wp\/v2\/posts\/84347","targetHints":{"allow":["GET"]}}],"collection":[{"href":"https:\/\/eltrabajo.cl\/portal\/wp-json\/wp\/v2\/posts"}],"about":[{"href":"https:\/\/eltrabajo.cl\/portal\/wp-json\/wp\/v2\/types\/post"}],"author":[{"embeddable":true,"href":"https:\/\/eltrabajo.cl\/portal\/wp-json\/wp\/v2\/users\/1"}],"replies":[{"embeddable":true,"href":"https:\/\/eltrabajo.cl\/portal\/wp-json\/wp\/v2\/comments?post=84347"}],"version-history":[{"count":0,"href":"https:\/\/eltrabajo.cl\/portal\/wp-json\/wp\/v2\/posts\/84347\/revisions"}],"wp:featuredmedia":[{"embeddable":true,"href":"https:\/\/eltrabajo.cl\/portal\/wp-json\/wp\/v2\/media\/84348"}],"wp:attachment":[{"href":"https:\/\/eltrabajo.cl\/portal\/wp-json\/wp\/v2\/media?parent=84347"}],"wp:term":[{"taxonomy":"category","embeddable":true,"href":"https:\/\/eltrabajo.cl\/portal\/wp-json\/wp\/v2\/categories?post=84347"},{"taxonomy":"post_tag","embeddable":true,"href":"https:\/\/eltrabajo.cl\/portal\/wp-json\/wp\/v2\/tags?post=84347"}],"curies":[{"name":"wp","href":"https:\/\/api.w.org\/{rel}","templated":true}]}}