{"id":84375,"date":"2018-01-26T05:06:59","date_gmt":"2018-01-26T09:06:59","guid":{"rendered":"http:\/\/www.eltrabajo.cl\/2017\/?p=84375"},"modified":"2018-01-26T05:06:59","modified_gmt":"2018-01-26T09:06:59","slug":"obreros-llevan-17-meses-esperando-a-que-sindico-de-quiebra-les-pague-sus-salarios","status":"publish","type":"post","link":"https:\/\/eltrabajo.cl\/portal\/obreros-llevan-17-meses-esperando-a-que-sindico-de-quiebra-les-pague-sus-salarios\/","title":{"rendered":"Obreros llevan 17 meses esperando a que S\u00edndico de Quiebra les pague sus salarios"},"content":{"rendered":"<figure id=\"attachment_84379\" aria-describedby=\"caption-attachment-84379\" style=\"width: 579px\" class=\"wp-caption alignnone\"><img data-recalc-dims=\"1\" loading=\"lazy\" decoding=\"async\" class=\"size-full wp-image-84379\" src=\"https:\/\/i0.wp.com\/www.eltrabajo.cl\/2017\/wp-content\/uploads\/2018\/01\/Constructora2.jpg?resize=579%2C332\" alt=\"LIQUIDADOR NO PAGA.- Esta es una copia de la Boleta de Garant\u00eda por $51.113.498 (2.056.500 UF), documento fechado el 26 de junio de 2015, en Santiago.\" width=\"579\" height=\"332\" srcset=\"https:\/\/i0.wp.com\/eltrabajo.cl\/portal\/wp-content\/uploads\/2018\/01\/Constructora2.jpg?w=579&amp;ssl=1 579w, https:\/\/i0.wp.com\/eltrabajo.cl\/portal\/wp-content\/uploads\/2018\/01\/Constructora2.jpg?resize=200%2C115&amp;ssl=1 200w, https:\/\/i0.wp.com\/eltrabajo.cl\/portal\/wp-content\/uploads\/2018\/01\/Constructora2.jpg?resize=300%2C172&amp;ssl=1 300w, https:\/\/i0.wp.com\/eltrabajo.cl\/portal\/wp-content\/uploads\/2018\/01\/Constructora2.jpg?resize=262%2C150&amp;ssl=1 262w, https:\/\/i0.wp.com\/eltrabajo.cl\/portal\/wp-content\/uploads\/2018\/01\/Constructora2.jpg?resize=400%2C229&amp;ssl=1 400w\" sizes=\"auto, (max-width: 579px) 100vw, 579px\" \/><figcaption id=\"caption-attachment-84379\" class=\"wp-caption-text\">LIQUIDADOR NO PAGA.- Esta es una copia de la Boleta de Garant\u00eda por $51.113.498 (2.056.500 UF), documento fechado el 26 de junio de 2015, en Santiago.<\/figcaption><\/figure>\n<ul>\n<li><strong><span style=\"color: #ff0000;\">Luego que Constructora Santa Adriana los despidiera en 2016:<\/span>\u00a0Serviu no responde a nuestras consultas, S\u00edndico de Quiebra no paga lo que debe a estos obreros y el tiempo sigue corriendo.<\/strong><\/li>\n<\/ul>\n<p>Una indigna situaci\u00f3n econ\u00f3mica es la que aseguran estar viviendo varios obreros de construcci\u00f3n, al menos nueve, quienes laboraron para la desaparecida Constructora Santa Adriana, encargada hasta agosto de 2016 de las obras en el proyecto Futura Casa, ubicado en Enc\u00f3n 53, as\u00ed lo comentaron a Diario El Trabajo dos de ellos.<br \/>\nLa situaci\u00f3n denunciada por estos obreros se\u00f1ala que en agosto de 2016 esa empresa fue reclamada por Liquidaci\u00f3n Forzosa por uno de sus acreedores, situaci\u00f3n que implicaba deudas de la misma con quien le demandaba, as\u00ed las cosas, Constructora Santa Adriana se vio obligada a desaparecer, quedando para pagar a sus empleados una Boleta de Garant\u00eda por $51.113.498 (2.056.500 UF), documento fechado el 26 de junio de 2015, en Santiago.<\/p>\n<p><span style=\"color: #ff0000;\"><strong>EN DESACUERDO<\/strong><\/span><br \/>\nLa empresa desapareci\u00f3 y el Serviu qued\u00f3 como ente garantista de esa millonaria boleta, sin embargo el problema se ha generado cuando despu\u00e9s que el Liquidador o S\u00edndico de Quiebras, don Cristian Herrera Raihilly, no cancelara los montos que reclaman estos obreros por salarios atrasados, esto por no llegar a un acuerdo satisfactorio con los mismos, seg\u00fan se desprende de documentaci\u00f3n ya en poder del Serviu de San Felipe.<\/p>\n<p><span style=\"color: #ff0000;\"><strong>ESPERAN PAGO<\/strong><\/span><br \/>\nSobre este malestar habl\u00f3 con nuestro medio el exbodeguero de Constructora Santa Adriana, don Jos\u00e9 Guerrero Pardo, quien nos asegur\u00f3 esperar alg\u00fan alivio econ\u00f3mico cuando reciba el dinero que le adeuda, \u00abme deben $2.608.646, trabaj\u00e9 para esa empresa hasta agosto de 2016, este problema nos afect\u00f3 y nos afecta, porque de un d\u00eda para otro quedamos sin trabajo y sin remuneraci\u00f3n, nosotros tenemos familia. Al Serviu les pedimos que nos ayuden a presionar al S\u00edndico de Quiebras para que nos pague esas platas, pues la Boleta est\u00e1 \u2018congelada\u2019 en Valpara\u00edso por el Serviu, y ya vamos para dos a\u00f1os sin que nos paguen\u00bb, indic\u00f3 Guerrero a Diario El Trabajo.<br \/>\nOtro de los afectados es don Luis Norambuena, a quien se le debe, seg\u00fan explica \u00e9l mismo, la suma de $1.382.810, \u00abs\u00e9 que estar\u00e9 contento cuando me paguen, pero hasta el momento no nos han pagado, vamos ya para a\u00f1o y medio esperando\u00bb.<\/p>\n<p><span style=\"color: #ff0000;\"><strong>SIN RESPUESTAS<\/strong><\/span><br \/>\nDe esta situaci\u00f3n ya est\u00e1 enterada la delegada provincial del Serviu San Felipe-Los Andes, Natalia R\u00edos Rojas, seg\u00fan lo demuestra una carta emitida por estos obreros que ya ingres\u00f3 a su despacho. Esta carta se\u00f1ala el malestar y necesidades que ellos est\u00e1n viviendo, y en la misma misiva se le pide a la funcionaria acelerar el tr\u00e1mite para cobrar lo que por derecho les pertenece.<br \/>\nSeg\u00fan este documento, el Tribunal de Letras de San Felipe hace alg\u00fan tiempo fall\u00f3 a favor de los obreros, pero hasta el momento la Boleta de Garant\u00eda y sus salarios no se hacen efectivos.<br \/>\nDiario El Trabajo visit\u00f3 Serviu San Felipe, pero la se\u00f1ora Natalia R\u00edos se encuentra de vacaciones, por lo que no logramos obtener una versi\u00f3n oficial sobre este tema, a\u00fan as\u00ed cumplimos con nuestro oficio de buscar informaci\u00f3n que hoy compartimos con nuestros lectores.<br \/>\n<strong>Roberto Gonz\u00e1lez Short<\/strong><\/p>\n<figure id=\"attachment_84376\" aria-describedby=\"caption-attachment-84376\" style=\"width: 579px\" class=\"wp-caption alignnone\"><img data-recalc-dims=\"1\" loading=\"lazy\" decoding=\"async\" class=\"size-full wp-image-84376\" src=\"https:\/\/i0.wp.com\/www.eltrabajo.cl\/2017\/wp-content\/uploads\/2018\/01\/Constructora_Jose-Guerrero.jpg?resize=579%2C608\" alt=\"Exbodeguero de Constructora Santa Adriana, don Jos\u00e9 Guerrero Pardo.\" width=\"579\" height=\"608\" srcset=\"https:\/\/i0.wp.com\/eltrabajo.cl\/portal\/wp-content\/uploads\/2018\/01\/Constructora_Jose-Guerrero.jpg?w=579&amp;ssl=1 579w, https:\/\/i0.wp.com\/eltrabajo.cl\/portal\/wp-content\/uploads\/2018\/01\/Constructora_Jose-Guerrero.jpg?resize=143%2C150&amp;ssl=1 143w, https:\/\/i0.wp.com\/eltrabajo.cl\/portal\/wp-content\/uploads\/2018\/01\/Constructora_Jose-Guerrero.jpg?resize=286%2C300&amp;ssl=1 286w, https:\/\/i0.wp.com\/eltrabajo.cl\/portal\/wp-content\/uploads\/2018\/01\/Constructora_Jose-Guerrero.jpg?resize=400%2C420&amp;ssl=1 400w\" sizes=\"auto, (max-width: 579px) 100vw, 579px\" \/><figcaption id=\"caption-attachment-84376\" class=\"wp-caption-text\">Exbodeguero de Constructora Santa Adriana, don Jos\u00e9 Guerrero Pardo.<\/figcaption><\/figure>\n<figure id=\"attachment_84377\" aria-describedby=\"caption-attachment-84377\" style=\"width: 579px\" class=\"wp-caption alignnone\"><img data-recalc-dims=\"1\" loading=\"lazy\" decoding=\"async\" class=\"size-full wp-image-84377\" src=\"https:\/\/i0.wp.com\/www.eltrabajo.cl\/2017\/wp-content\/uploads\/2018\/01\/Constructora_Luis-Norambuena.jpg?resize=579%2C586\" alt=\"A don Luis Norambuena le deben la suma de $1.382.810.\" width=\"579\" height=\"586\" srcset=\"https:\/\/i0.wp.com\/eltrabajo.cl\/portal\/wp-content\/uploads\/2018\/01\/Constructora_Luis-Norambuena.jpg?w=579&amp;ssl=1 579w, https:\/\/i0.wp.com\/eltrabajo.cl\/portal\/wp-content\/uploads\/2018\/01\/Constructora_Luis-Norambuena.jpg?resize=148%2C150&amp;ssl=1 148w, https:\/\/i0.wp.com\/eltrabajo.cl\/portal\/wp-content\/uploads\/2018\/01\/Constructora_Luis-Norambuena.jpg?resize=296%2C300&amp;ssl=1 296w, https:\/\/i0.wp.com\/eltrabajo.cl\/portal\/wp-content\/uploads\/2018\/01\/Constructora_Luis-Norambuena.jpg?resize=400%2C405&amp;ssl=1 400w\" sizes=\"auto, (max-width: 579px) 100vw, 579px\" \/><figcaption id=\"caption-attachment-84377\" class=\"wp-caption-text\">A don Luis Norambuena le deben la suma de $1.382.810.<\/figcaption><\/figure>\n<figure id=\"attachment_84378\" aria-describedby=\"caption-attachment-84378\" style=\"width: 579px\" class=\"wp-caption alignnone\"><img data-recalc-dims=\"1\" loading=\"lazy\" decoding=\"async\" class=\"size-full wp-image-84378\" src=\"https:\/\/i0.wp.com\/www.eltrabajo.cl\/2017\/wp-content\/uploads\/2018\/01\/Constructora1.jpg?resize=579%2C386\" alt=\"CONTRARELOJ.- Las obras de Casa Futura ya casi ser\u00e1n inauguradas, mientras que algunos obreros esperan a que se les pague casi $12 millones que la otra empresa les adeuda.\" width=\"579\" height=\"386\" srcset=\"https:\/\/i0.wp.com\/eltrabajo.cl\/portal\/wp-content\/uploads\/2018\/01\/Constructora1.jpg?w=579&amp;ssl=1 579w, https:\/\/i0.wp.com\/eltrabajo.cl\/portal\/wp-content\/uploads\/2018\/01\/Constructora1.jpg?resize=200%2C133&amp;ssl=1 200w, https:\/\/i0.wp.com\/eltrabajo.cl\/portal\/wp-content\/uploads\/2018\/01\/Constructora1.jpg?resize=300%2C200&amp;ssl=1 300w, https:\/\/i0.wp.com\/eltrabajo.cl\/portal\/wp-content\/uploads\/2018\/01\/Constructora1.jpg?resize=225%2C150&amp;ssl=1 225w, https:\/\/i0.wp.com\/eltrabajo.cl\/portal\/wp-content\/uploads\/2018\/01\/Constructora1.jpg?resize=400%2C267&amp;ssl=1 400w\" sizes=\"auto, (max-width: 579px) 100vw, 579px\" \/><figcaption id=\"caption-attachment-84378\" class=\"wp-caption-text\">CONTRARELOJ.- Las obras de Casa Futura ya casi ser\u00e1n inauguradas, mientras que algunos obreros esperan a que se les pague casi $12 millones que la otra empresa les adeuda.<\/figcaption><\/figure>\n<figure id=\"attachment_84380\" aria-describedby=\"caption-attachment-84380\" style=\"width: 579px\" class=\"wp-caption alignnone\"><img data-recalc-dims=\"1\" loading=\"lazy\" decoding=\"async\" class=\"size-full wp-image-84380\" src=\"https:\/\/i0.wp.com\/www.eltrabajo.cl\/2017\/wp-content\/uploads\/2018\/01\/Constructora3.jpg?resize=579%2C870\" alt=\"PIDEN JUSTICIA.- Esta es la carta enviada al Serviu por estos obreros, quienes llevan casi a\u00f1o y medio esperando sus finiquitos y salarios.\" width=\"579\" height=\"870\" srcset=\"https:\/\/i0.wp.com\/eltrabajo.cl\/portal\/wp-content\/uploads\/2018\/01\/Constructora3.jpg?w=579&amp;ssl=1 579w, https:\/\/i0.wp.com\/eltrabajo.cl\/portal\/wp-content\/uploads\/2018\/01\/Constructora3.jpg?resize=100%2C150&amp;ssl=1 100w, https:\/\/i0.wp.com\/eltrabajo.cl\/portal\/wp-content\/uploads\/2018\/01\/Constructora3.jpg?resize=200%2C300&amp;ssl=1 200w, https:\/\/i0.wp.com\/eltrabajo.cl\/portal\/wp-content\/uploads\/2018\/01\/Constructora3.jpg?resize=400%2C601&amp;ssl=1 400w\" sizes=\"auto, (max-width: 579px) 100vw, 579px\" \/><figcaption id=\"caption-attachment-84380\" class=\"wp-caption-text\">PIDEN JUSTICIA.- Esta es la carta enviada al Serviu por estos obreros, quienes llevan casi a\u00f1o y medio esperando sus finiquitos y salarios.<\/figcaption><\/figure>\n","protected":false},"excerpt":{"rendered":"<p>Luego que Constructora Santa Adriana los despidiera en 2016:\u00a0Serviu no responde a nuestras consultas, S\u00edndico de Quiebra no paga lo que debe a estos obreros y el tiempo sigue corriendo. Una indigna&#8230;<\/p>\n","protected":false},"author":1,"featured_media":84381,"comment_status":"open","ping_status":"open","sticky":false,"template":"","format":"standard","meta":{"advanced_seo_description":"","jetpack_seo_html_title":"","jetpack_seo_noindex":false,"_jetpack_memberships_contains_paid_content":false,"footnotes":""},"categories":[15],"tags":[],"class_list":["post-84375","post","type-post","status-publish","format-standard","has-post-thumbnail","hentry","category-comunidad"],"jetpack_featured_media_url":"https:\/\/i0.wp.com\/eltrabajo.cl\/portal\/wp-content\/uploads\/2018\/01\/trabajadores.jpg?fit=580%2C352&ssl=1","jetpack_sharing_enabled":true,"jetpack_likes_enabled":true,"jetpack-related-posts":[],"_links":{"self":[{"href":"https:\/\/eltrabajo.cl\/portal\/wp-json\/wp\/v2\/posts\/84375","targetHints":{"allow":["GET"]}}],"collection":[{"href":"https:\/\/eltrabajo.cl\/portal\/wp-json\/wp\/v2\/posts"}],"about":[{"href":"https:\/\/eltrabajo.cl\/portal\/wp-json\/wp\/v2\/types\/post"}],"author":[{"embeddable":true,"href":"https:\/\/eltrabajo.cl\/portal\/wp-json\/wp\/v2\/users\/1"}],"replies":[{"embeddable":true,"href":"https:\/\/eltrabajo.cl\/portal\/wp-json\/wp\/v2\/comments?post=84375"}],"version-history":[{"count":0,"href":"https:\/\/eltrabajo.cl\/portal\/wp-json\/wp\/v2\/posts\/84375\/revisions"}],"wp:featuredmedia":[{"embeddable":true,"href":"https:\/\/eltrabajo.cl\/portal\/wp-json\/wp\/v2\/media\/84381"}],"wp:attachment":[{"href":"https:\/\/eltrabajo.cl\/portal\/wp-json\/wp\/v2\/media?parent=84375"}],"wp:term":[{"taxonomy":"category","embeddable":true,"href":"https:\/\/eltrabajo.cl\/portal\/wp-json\/wp\/v2\/categories?post=84375"},{"taxonomy":"post_tag","embeddable":true,"href":"https:\/\/eltrabajo.cl\/portal\/wp-json\/wp\/v2\/tags?post=84375"}],"curies":[{"name":"wp","href":"https:\/\/api.w.org\/{rel}","templated":true}]}}