{"id":84407,"date":"2018-01-30T05:00:16","date_gmt":"2018-01-30T09:00:16","guid":{"rendered":"http:\/\/www.eltrabajo.cl\/2017\/?p=84407"},"modified":"2018-01-30T05:00:16","modified_gmt":"2018-01-30T09:00:16","slug":"devuelven-billetera-extraviada-por-joven-chofer-del-samu","status":"publish","type":"post","link":"https:\/\/eltrabajo.cl\/portal\/devuelven-billetera-extraviada-por-joven-chofer-del-samu\/","title":{"rendered":"Devuelven billetera extraviada por joven chofer del Samu"},"content":{"rendered":"<figure id=\"attachment_84408\" aria-describedby=\"caption-attachment-84408\" style=\"width: 580px\" class=\"wp-caption alignnone\"><img data-recalc-dims=\"1\" loading=\"lazy\" decoding=\"async\" class=\"size-full wp-image-84408\" src=\"https:\/\/i0.wp.com\/www.eltrabajo.cl\/2017\/wp-content\/uploads\/2018\/01\/BILLETERA-RECUPERADA.jpg?resize=580%2C353\" alt=\"La joven pareja que devolvi\u00f3 la billetera a Carabineros junto al conductor del Samu que la extravi\u00f3 y personal policial que hizo posible la devoluci\u00f3n.\" width=\"580\" height=\"353\" srcset=\"https:\/\/i0.wp.com\/eltrabajo.cl\/portal\/wp-content\/uploads\/2018\/01\/BILLETERA-RECUPERADA.jpg?w=580&amp;ssl=1 580w, https:\/\/i0.wp.com\/eltrabajo.cl\/portal\/wp-content\/uploads\/2018\/01\/BILLETERA-RECUPERADA.jpg?resize=200%2C122&amp;ssl=1 200w, https:\/\/i0.wp.com\/eltrabajo.cl\/portal\/wp-content\/uploads\/2018\/01\/BILLETERA-RECUPERADA.jpg?resize=300%2C183&amp;ssl=1 300w, https:\/\/i0.wp.com\/eltrabajo.cl\/portal\/wp-content\/uploads\/2018\/01\/BILLETERA-RECUPERADA.jpg?resize=246%2C150&amp;ssl=1 246w, https:\/\/i0.wp.com\/eltrabajo.cl\/portal\/wp-content\/uploads\/2018\/01\/BILLETERA-RECUPERADA.jpg?resize=400%2C243&amp;ssl=1 400w\" sizes=\"auto, (max-width: 580px) 100vw, 580px\" \/><figcaption id=\"caption-attachment-84408\" class=\"wp-caption-text\">La joven pareja que devolvi\u00f3 la billetera a Carabineros junto al conductor del Samu que la extravi\u00f3 y personal policial que hizo posible la devoluci\u00f3n.<\/figcaption><\/figure>\n<p>En dependencias de la Tenencia de Carabineros de Catemu se concret\u00f3 la devoluci\u00f3n de una billetera con documentos y $200.000 en efectivo perteneciente al conductor del Samu, Eric Manzano, extraviada en las afueras del Cesfam de esa localidad, siendo encontrada por una pareja de j\u00f3venes: Yanira Zamora y Juan Contreras quienes se dirigieron hasta la unidad policial para dar cuenta del hallazgo.<br \/>\nTras las diligencias efectuadas por el Cabo 2\u00ba Alberto Ortiz durante la tarde de este lunes, el afectado logr\u00f3 ser ubicado de inmediato, concret\u00e1ndose la devoluci\u00f3n de su documentaci\u00f3n personal y el dinero en efectivo, destac\u00e1ndose el acto de nobleza y consideraci\u00f3n de la pareja de j\u00f3venes, quienes fueron fundamentales en esta entrega.<\/p>\n","protected":false},"excerpt":{"rendered":"<p>En dependencias de la Tenencia de Carabineros de Catemu se concret\u00f3 la devoluci\u00f3n de una billetera con documentos y $200.000 en efectivo perteneciente al conductor del Samu, Eric Manzano, extraviada en las&#8230;<\/p>\n","protected":false},"author":1,"featured_media":84408,"comment_status":"open","ping_status":"open","sticky":false,"template":"","format":"standard","meta":{"advanced_seo_description":"","jetpack_seo_html_title":"","jetpack_seo_noindex":false,"_jetpack_memberships_contains_paid_content":false,"footnotes":""},"categories":[15],"tags":[],"class_list":["post-84407","post","type-post","status-publish","format-standard","has-post-thumbnail","hentry","category-comunidad"],"jetpack_featured_media_url":"https:\/\/i0.wp.com\/eltrabajo.cl\/portal\/wp-content\/uploads\/2018\/01\/BILLETERA-RECUPERADA.jpg?fit=580%2C353&ssl=1","jetpack_sharing_enabled":true,"jetpack_likes_enabled":true,"jetpack-related-posts":[],"_links":{"self":[{"href":"https:\/\/eltrabajo.cl\/portal\/wp-json\/wp\/v2\/posts\/84407","targetHints":{"allow":["GET"]}}],"collection":[{"href":"https:\/\/eltrabajo.cl\/portal\/wp-json\/wp\/v2\/posts"}],"about":[{"href":"https:\/\/eltrabajo.cl\/portal\/wp-json\/wp\/v2\/types\/post"}],"author":[{"embeddable":true,"href":"https:\/\/eltrabajo.cl\/portal\/wp-json\/wp\/v2\/users\/1"}],"replies":[{"embeddable":true,"href":"https:\/\/eltrabajo.cl\/portal\/wp-json\/wp\/v2\/comments?post=84407"}],"version-history":[{"count":0,"href":"https:\/\/eltrabajo.cl\/portal\/wp-json\/wp\/v2\/posts\/84407\/revisions"}],"wp:featuredmedia":[{"embeddable":true,"href":"https:\/\/eltrabajo.cl\/portal\/wp-json\/wp\/v2\/media\/84408"}],"wp:attachment":[{"href":"https:\/\/eltrabajo.cl\/portal\/wp-json\/wp\/v2\/media?parent=84407"}],"wp:term":[{"taxonomy":"category","embeddable":true,"href":"https:\/\/eltrabajo.cl\/portal\/wp-json\/wp\/v2\/categories?post=84407"},{"taxonomy":"post_tag","embeddable":true,"href":"https:\/\/eltrabajo.cl\/portal\/wp-json\/wp\/v2\/tags?post=84407"}],"curies":[{"name":"wp","href":"https:\/\/api.w.org\/{rel}","templated":true}]}}