{"id":84425,"date":"2018-01-30T05:05:00","date_gmt":"2018-01-30T09:05:00","guid":{"rendered":"http:\/\/www.eltrabajo.cl\/2017\/?p=84425"},"modified":"2018-01-30T05:05:00","modified_gmt":"2018-01-30T09:05:00","slug":"increible-experiencia-ninos-del-hogar-pablo-vi-aprenden-a-surfear","status":"publish","type":"post","link":"https:\/\/eltrabajo.cl\/portal\/increible-experiencia-ninos-del-hogar-pablo-vi-aprenden-a-surfear\/","title":{"rendered":"Incre\u00edble experiencia: Ni\u00f1os del Hogar \u2018Pablo VI\u2019 aprenden a surfear"},"content":{"rendered":"<figure id=\"attachment_84426\" aria-describedby=\"caption-attachment-84426\" style=\"width: 580px\" class=\"wp-caption alignnone\"><img data-recalc-dims=\"1\" loading=\"lazy\" decoding=\"async\" class=\"size-full wp-image-84426\" src=\"https:\/\/i0.wp.com\/www.eltrabajo.cl\/2017\/wp-content\/uploads\/2018\/01\/surf-pablo-vi-1.jpg?resize=580%2C399\" alt=\"Gracias a la Fundaci\u00f3n Mar\u00eda de la Luz y Desaf\u00edo Levantemos Chile, los ni\u00f1os del Hogar Pablo VI est\u00e1n desarrollando un taller en la Escuela de Surf \u2018San Sebasti\u00e1n\u2019 de Cartagena.\" width=\"580\" height=\"399\" srcset=\"https:\/\/i0.wp.com\/eltrabajo.cl\/portal\/wp-content\/uploads\/2018\/01\/surf-pablo-vi-1.jpg?w=580&amp;ssl=1 580w, https:\/\/i0.wp.com\/eltrabajo.cl\/portal\/wp-content\/uploads\/2018\/01\/surf-pablo-vi-1.jpg?resize=200%2C138&amp;ssl=1 200w, https:\/\/i0.wp.com\/eltrabajo.cl\/portal\/wp-content\/uploads\/2018\/01\/surf-pablo-vi-1.jpg?resize=300%2C206&amp;ssl=1 300w, https:\/\/i0.wp.com\/eltrabajo.cl\/portal\/wp-content\/uploads\/2018\/01\/surf-pablo-vi-1.jpg?resize=218%2C150&amp;ssl=1 218w, https:\/\/i0.wp.com\/eltrabajo.cl\/portal\/wp-content\/uploads\/2018\/01\/surf-pablo-vi-1.jpg?resize=400%2C275&amp;ssl=1 400w\" sizes=\"auto, (max-width: 580px) 100vw, 580px\" \/><figcaption id=\"caption-attachment-84426\" class=\"wp-caption-text\">Gracias a la Fundaci\u00f3n Mar\u00eda de la Luz y Desaf\u00edo Levantemos Chile, los ni\u00f1os del Hogar Pablo VI est\u00e1n desarrollando un taller en la Escuela de Surf \u2018San Sebasti\u00e1n\u2019 de Cartagena.<\/figcaption><\/figure>\n<p>Durante todo el mes de enero, los j\u00f3venes participar\u00e1n en un taller donde aprender\u00e1n los aspectos b\u00e1sicos para dominar la tabla sobre las olas y las precauciones que deben tener al momento de ingresar al mar.<br \/>\nCon el objetivo de entregar una actividad recreativa diferente durante estas vacaciones de verano, la Fundaci\u00f3n Mar\u00eda de la Luz en conjunto con Desaf\u00edo Levantemos Chile, est\u00e1n desarrollando en la Escuela de Surf \u2018San Sebasti\u00e1n\u2019 de Cartagena, un taller pr\u00e1ctico para que los ni\u00f1os de la residencia \u2018Pablo VI\u2019 de San Felipe aprendan a surfear y conozcan la importancia de cuidar nuestro medio ambiente.<br \/>\n\u201cEstamos muy felices de poder entregarles esta tremenda oportunidad a nuestros ni\u00f1os. El surf es un deporte que transmite valores tan importantes como la responsabilidad, el esfuerzo y la disciplina. Es a trav\u00e9s de estas acciones que buscamos involucrarnos con la comunidad e incentivar la sociabilizaci\u00f3n de nuestros ni\u00f1os, quienes gracias a Desaf\u00edo Levantemos Chile han podido acceder a estas actividades\u201d, se\u00f1ala la gerente general de la Fundaci\u00f3n Mar\u00eda de la Luz, Lisette Allende.<br \/>\nLos cursos continuar\u00e1n los d\u00edas 18 y 25 de enero en el balneario de San Sebasti\u00e1n en la comuna de Cartagena.<\/p>\n<figure id=\"attachment_84427\" aria-describedby=\"caption-attachment-84427\" style=\"width: 580px\" class=\"wp-caption alignnone\"><img data-recalc-dims=\"1\" loading=\"lazy\" decoding=\"async\" class=\"size-full wp-image-84427\" src=\"https:\/\/i0.wp.com\/www.eltrabajo.cl\/2017\/wp-content\/uploads\/2018\/01\/surf-pablo-vi-2.jpg?resize=580%2C400\" alt=\"Lo aprendido en la arena se pone en pr\u00e1ctica una vez en el agua, en una experiencia inolvidable para los menores.\" width=\"580\" height=\"400\" srcset=\"https:\/\/i0.wp.com\/eltrabajo.cl\/portal\/wp-content\/uploads\/2018\/01\/surf-pablo-vi-2.jpg?w=580&amp;ssl=1 580w, https:\/\/i0.wp.com\/eltrabajo.cl\/portal\/wp-content\/uploads\/2018\/01\/surf-pablo-vi-2.jpg?resize=200%2C138&amp;ssl=1 200w, https:\/\/i0.wp.com\/eltrabajo.cl\/portal\/wp-content\/uploads\/2018\/01\/surf-pablo-vi-2.jpg?resize=300%2C207&amp;ssl=1 300w, https:\/\/i0.wp.com\/eltrabajo.cl\/portal\/wp-content\/uploads\/2018\/01\/surf-pablo-vi-2.jpg?resize=218%2C150&amp;ssl=1 218w, https:\/\/i0.wp.com\/eltrabajo.cl\/portal\/wp-content\/uploads\/2018\/01\/surf-pablo-vi-2.jpg?resize=400%2C276&amp;ssl=1 400w\" sizes=\"auto, (max-width: 580px) 100vw, 580px\" \/><figcaption id=\"caption-attachment-84427\" class=\"wp-caption-text\">Lo aprendido en la arena se pone en pr\u00e1ctica una vez en el agua, en una experiencia inolvidable para los menores.<\/figcaption><\/figure>\n<figure id=\"attachment_84428\" aria-describedby=\"caption-attachment-84428\" style=\"width: 580px\" class=\"wp-caption alignnone\"><img data-recalc-dims=\"1\" loading=\"lazy\" decoding=\"async\" class=\"size-full wp-image-84428\" src=\"https:\/\/i0.wp.com\/www.eltrabajo.cl\/2017\/wp-content\/uploads\/2018\/01\/surf-pablo-vi-3.jpg?resize=580%2C399\" alt=\"Gracias a la Fundaci\u00f3n Mar\u00eda de la Luz y Desaf\u00edo Levantemos Chile, los ni\u00f1os del Hogar Pablo VI est\u00e1n desarrollando un taller en la Escuela de Surf \u2018San Sebasti\u00e1n\u2019 de Cartagena.\" width=\"580\" height=\"399\" srcset=\"https:\/\/i0.wp.com\/eltrabajo.cl\/portal\/wp-content\/uploads\/2018\/01\/surf-pablo-vi-3.jpg?w=580&amp;ssl=1 580w, https:\/\/i0.wp.com\/eltrabajo.cl\/portal\/wp-content\/uploads\/2018\/01\/surf-pablo-vi-3.jpg?resize=200%2C138&amp;ssl=1 200w, https:\/\/i0.wp.com\/eltrabajo.cl\/portal\/wp-content\/uploads\/2018\/01\/surf-pablo-vi-3.jpg?resize=300%2C206&amp;ssl=1 300w, https:\/\/i0.wp.com\/eltrabajo.cl\/portal\/wp-content\/uploads\/2018\/01\/surf-pablo-vi-3.jpg?resize=218%2C150&amp;ssl=1 218w, https:\/\/i0.wp.com\/eltrabajo.cl\/portal\/wp-content\/uploads\/2018\/01\/surf-pablo-vi-3.jpg?resize=400%2C275&amp;ssl=1 400w\" sizes=\"auto, (max-width: 580px) 100vw, 580px\" \/><figcaption id=\"caption-attachment-84428\" class=\"wp-caption-text\">Gracias a la Fundaci\u00f3n Mar\u00eda de la Luz y Desaf\u00edo Levantemos Chile, los ni\u00f1os del Hogar Pablo VI est\u00e1n desarrollando un taller en la Escuela de Surf \u2018San Sebasti\u00e1n\u2019 de Cartagena.<\/figcaption><\/figure>\n","protected":false},"excerpt":{"rendered":"<p>Durante todo el mes de enero, los j\u00f3venes participar\u00e1n en un taller donde aprender\u00e1n los aspectos b\u00e1sicos para dominar la tabla sobre las olas y las precauciones que deben tener al momento&#8230;<\/p>\n","protected":false},"author":1,"featured_media":84428,"comment_status":"open","ping_status":"open","sticky":false,"template":"","format":"standard","meta":{"advanced_seo_description":"","jetpack_seo_html_title":"","jetpack_seo_noindex":false,"_jetpack_memberships_contains_paid_content":false,"footnotes":""},"categories":[15],"tags":[],"class_list":["post-84425","post","type-post","status-publish","format-standard","has-post-thumbnail","hentry","category-comunidad"],"jetpack_featured_media_url":"https:\/\/i0.wp.com\/eltrabajo.cl\/portal\/wp-content\/uploads\/2018\/01\/surf-pablo-vi-3.jpg?fit=580%2C399&ssl=1","jetpack_sharing_enabled":true,"jetpack_likes_enabled":true,"jetpack-related-posts":[],"_links":{"self":[{"href":"https:\/\/eltrabajo.cl\/portal\/wp-json\/wp\/v2\/posts\/84425","targetHints":{"allow":["GET"]}}],"collection":[{"href":"https:\/\/eltrabajo.cl\/portal\/wp-json\/wp\/v2\/posts"}],"about":[{"href":"https:\/\/eltrabajo.cl\/portal\/wp-json\/wp\/v2\/types\/post"}],"author":[{"embeddable":true,"href":"https:\/\/eltrabajo.cl\/portal\/wp-json\/wp\/v2\/users\/1"}],"replies":[{"embeddable":true,"href":"https:\/\/eltrabajo.cl\/portal\/wp-json\/wp\/v2\/comments?post=84425"}],"version-history":[{"count":0,"href":"https:\/\/eltrabajo.cl\/portal\/wp-json\/wp\/v2\/posts\/84425\/revisions"}],"wp:featuredmedia":[{"embeddable":true,"href":"https:\/\/eltrabajo.cl\/portal\/wp-json\/wp\/v2\/media\/84428"}],"wp:attachment":[{"href":"https:\/\/eltrabajo.cl\/portal\/wp-json\/wp\/v2\/media?parent=84425"}],"wp:term":[{"taxonomy":"category","embeddable":true,"href":"https:\/\/eltrabajo.cl\/portal\/wp-json\/wp\/v2\/categories?post=84425"},{"taxonomy":"post_tag","embeddable":true,"href":"https:\/\/eltrabajo.cl\/portal\/wp-json\/wp\/v2\/tags?post=84425"}],"curies":[{"name":"wp","href":"https:\/\/api.w.org\/{rel}","templated":true}]}}