{"id":84430,"date":"2018-01-30T05:06:41","date_gmt":"2018-01-30T09:06:41","guid":{"rendered":"http:\/\/www.eltrabajo.cl\/2017\/?p=84430"},"modified":"2018-01-30T05:06:41","modified_gmt":"2018-01-30T09:06:41","slug":"chicas-del-san-felipe-basket-regresan-de-valdivia-con-tercer-lugar-nacional","status":"publish","type":"post","link":"https:\/\/eltrabajo.cl\/portal\/chicas-del-san-felipe-basket-regresan-de-valdivia-con-tercer-lugar-nacional\/","title":{"rendered":"Chicas del San Felipe B\u00e1sket regresan de Valdivia con Tercer lugar Nacional"},"content":{"rendered":"<figure id=\"attachment_84434\" aria-describedby=\"caption-attachment-84434\" style=\"width: 580px\" class=\"wp-caption alignnone\"><img data-recalc-dims=\"1\" loading=\"lazy\" decoding=\"async\" class=\"size-full wp-image-84434\" src=\"https:\/\/i0.wp.com\/www.eltrabajo.cl\/2017\/wp-content\/uploads\/2018\/01\/Sanfe1.jpg?resize=580%2C399\" alt=\"REGRESARON LAS GUERRERAS.- Ellas son parte de las chicas del San Felipe B\u00e1sket femenino de nuestra comuna, a su llegada a nuestra comuna ayer temprano.\" width=\"580\" height=\"399\" srcset=\"https:\/\/i0.wp.com\/eltrabajo.cl\/portal\/wp-content\/uploads\/2018\/01\/Sanfe1.jpg?w=580&amp;ssl=1 580w, https:\/\/i0.wp.com\/eltrabajo.cl\/portal\/wp-content\/uploads\/2018\/01\/Sanfe1.jpg?resize=200%2C138&amp;ssl=1 200w, https:\/\/i0.wp.com\/eltrabajo.cl\/portal\/wp-content\/uploads\/2018\/01\/Sanfe1.jpg?resize=300%2C206&amp;ssl=1 300w, https:\/\/i0.wp.com\/eltrabajo.cl\/portal\/wp-content\/uploads\/2018\/01\/Sanfe1.jpg?resize=218%2C150&amp;ssl=1 218w, https:\/\/i0.wp.com\/eltrabajo.cl\/portal\/wp-content\/uploads\/2018\/01\/Sanfe1.jpg?resize=400%2C275&amp;ssl=1 400w\" sizes=\"auto, (max-width: 580px) 100vw, 580px\" \/><figcaption id=\"caption-attachment-84434\" class=\"wp-caption-text\">REGRESARON LAS GUERRERAS.- Ellas son parte de las chicas del San Felipe B\u00e1sket femenino de nuestra comuna, a su llegada a nuestra comuna ayer temprano.<\/figcaption><\/figure>\n<ul>\n<li><span style=\"color: #ff0000;\"><strong>Las m\u00e1s peque\u00f1itas ya calientan para la Copa Panchita de Valpara\u00edso:<\/strong><\/span><\/li>\n<\/ul>\n<p>Fueron 32 chicas sanfelipe\u00f1as las que regresaron la ma\u00f1ana de ayer lunes a nuestra comuna, luego de viajar del 23 al 28 de enero a la Regi\u00f3n de Los R\u00edos, periodo en el que participaron en el Torneo Vivamos b\u00e1squetbol 2018 que se desarroll\u00f3 en Collilelfu, Valdivia. Ellas conforman las categor\u00edas U13, U15 y U18 del San Felipe B\u00e1sket femenino, que naci\u00f3 hace un a\u00f1o.<\/p>\n<p><span style=\"color: #ff0000;\"><strong>TERCER LUGAR<\/strong><\/span><br \/>\nSin embargo el hecho de ser invitadas no les significa un \u00e9xito absoluto si lo que buscan es ganar copas y medallas, ya que al ser este club un proyecto autofinanciado, no cuentan con los recursos para comprar productos de hidrataci\u00f3n personal.<br \/>\nLas ni\u00f1as regresaron ostentando el tercer lugar nacional, luego de enfrentarse a potent\u00edsimos clubes de Santiago, Quilpu\u00e9, Talca, Osorno, Antofagasta, Punta Arenas y a las mismas anfitrionas del Club Collilelfu, organizadoras del torneo.<\/p>\n<p><span style=\"color: #ff0000;\"><strong>CIFRAS Y SUE\u00d1OS<\/strong><\/span><br \/>\nDiario El Trabajo habl\u00f3 con uno de los entrenadores de San Felipe B\u00e1sket, Marco Cueto: \u00abEn la categor\u00eda U13 ten\u00edamos seis equipos, de la U15 eran ocho equipos y en la U18 ten\u00edamos dos equipos, de esta jornada hago un balance positivo, para ser el primer viaje del club de estas chicas, tambi\u00e9n estamos bastantes felices con la U13, ellas lograron el tercer lugar nacional, la camada de estas ni\u00f1as nuevas apenas llevan ocho meses a un a\u00f1o, son nuevas, y por eso nos alegra m\u00e1s. Por otra parte las m\u00e1s peque\u00f1itas, la U11 se est\u00e1n preparando para la Copa Panchita 2018 que se disputar\u00e1 en Valpara\u00edso el 7, 8 y 9 de febrero, all\u00e1 ellas se enfrentar\u00e1n con clubes de todo Chile y con algunos clubes extranjeros\u00bb, indic\u00f3 Cueto.<br \/>\nAs\u00ed tambi\u00e9n la ni\u00f1a Antonia Araya, de 9 a\u00f1os de edad, nos coment\u00f3 que \u00abfue muy dif\u00edcil, peleamos bien los partidos y ganamos el tercer lugar, disfrut\u00e9 mucho del viaje y compartir con todas mis compa\u00f1eras\u00bb.<br \/>\nEs importante destacar que varios comerciantes como Panader\u00eda Victoria, Desarrollo Agrario, de Llay Llay, desde hace alg\u00fan tiempo vienen brindando apoyo a estos chicos. Recordar tambi\u00e9n que durante todo el a\u00f1o 2017 ellas estuvieron metidas en grande en el Torneo Femicentro, en el que las tres categor\u00edas lograron terceros lugares. Las personas interesadas en apoyar a estas ni\u00f1as y jovencitas para que sigan creciendo como deportistas, pueden llamar al 944578782.<br \/>\n<strong>Roberto Gonz\u00e1lez Short<\/strong><\/p>\n<figure id=\"attachment_84431\" aria-describedby=\"caption-attachment-84431\" style=\"width: 580px\" class=\"wp-caption alignnone\"><img data-recalc-dims=\"1\" loading=\"lazy\" decoding=\"async\" class=\"size-full wp-image-84431\" src=\"https:\/\/i0.wp.com\/www.eltrabajo.cl\/2017\/wp-content\/uploads\/2018\/01\/Sanfe_Antonia-Araya.jpg?resize=580%2C399\" alt=\"Antonia Araya, de 9 a\u00f1os de edad, jugadora de la U13 del San Felipe B\u00e1sket.\" width=\"580\" height=\"399\" srcset=\"https:\/\/i0.wp.com\/eltrabajo.cl\/portal\/wp-content\/uploads\/2018\/01\/Sanfe_Antonia-Araya.jpg?w=580&amp;ssl=1 580w, https:\/\/i0.wp.com\/eltrabajo.cl\/portal\/wp-content\/uploads\/2018\/01\/Sanfe_Antonia-Araya.jpg?resize=200%2C138&amp;ssl=1 200w, https:\/\/i0.wp.com\/eltrabajo.cl\/portal\/wp-content\/uploads\/2018\/01\/Sanfe_Antonia-Araya.jpg?resize=300%2C206&amp;ssl=1 300w, https:\/\/i0.wp.com\/eltrabajo.cl\/portal\/wp-content\/uploads\/2018\/01\/Sanfe_Antonia-Araya.jpg?resize=218%2C150&amp;ssl=1 218w, https:\/\/i0.wp.com\/eltrabajo.cl\/portal\/wp-content\/uploads\/2018\/01\/Sanfe_Antonia-Araya.jpg?resize=400%2C275&amp;ssl=1 400w\" sizes=\"auto, (max-width: 580px) 100vw, 580px\" \/><figcaption id=\"caption-attachment-84431\" class=\"wp-caption-text\">Antonia Araya, de 9 a\u00f1os de edad, jugadora de la U13 del San Felipe B\u00e1sket.<\/figcaption><\/figure>\n<figure id=\"attachment_84432\" aria-describedby=\"caption-attachment-84432\" style=\"width: 580px\" class=\"wp-caption alignnone\"><img data-recalc-dims=\"1\" loading=\"lazy\" decoding=\"async\" class=\"size-full wp-image-84432\" src=\"https:\/\/i0.wp.com\/www.eltrabajo.cl\/2017\/wp-content\/uploads\/2018\/01\/Sanfe_Marco-Cueto.jpg?resize=580%2C399\" alt=\"Entrenador de San Felipe B\u00e1sket, Marco Cueto.\" width=\"580\" height=\"399\" srcset=\"https:\/\/i0.wp.com\/eltrabajo.cl\/portal\/wp-content\/uploads\/2018\/01\/Sanfe_Marco-Cueto.jpg?w=580&amp;ssl=1 580w, https:\/\/i0.wp.com\/eltrabajo.cl\/portal\/wp-content\/uploads\/2018\/01\/Sanfe_Marco-Cueto.jpg?resize=200%2C138&amp;ssl=1 200w, https:\/\/i0.wp.com\/eltrabajo.cl\/portal\/wp-content\/uploads\/2018\/01\/Sanfe_Marco-Cueto.jpg?resize=300%2C206&amp;ssl=1 300w, https:\/\/i0.wp.com\/eltrabajo.cl\/portal\/wp-content\/uploads\/2018\/01\/Sanfe_Marco-Cueto.jpg?resize=218%2C150&amp;ssl=1 218w, https:\/\/i0.wp.com\/eltrabajo.cl\/portal\/wp-content\/uploads\/2018\/01\/Sanfe_Marco-Cueto.jpg?resize=400%2C275&amp;ssl=1 400w\" sizes=\"auto, (max-width: 580px) 100vw, 580px\" \/><figcaption id=\"caption-attachment-84432\" class=\"wp-caption-text\">Entrenador de San Felipe B\u00e1sket, Marco Cueto.<\/figcaption><\/figure>\n<figure id=\"attachment_84433\" aria-describedby=\"caption-attachment-84433\" style=\"width: 578px\" class=\"wp-caption alignnone\"><img data-recalc-dims=\"1\" loading=\"lazy\" decoding=\"async\" class=\"size-full wp-image-84433\" src=\"https:\/\/i0.wp.com\/www.eltrabajo.cl\/2017\/wp-content\/uploads\/2018\/01\/Sanfe_Panoramica.jpg?resize=578%2C275\" alt=\"LAS TRES CATEGOR\u00cdAS.- Aqu\u00ed tenemos a las selecciones U13, U15 y U18 del San Felipe B\u00e1sket, chicas llenas de coraje para enfrentar los desaf\u00edos deportivos.\" width=\"578\" height=\"275\" srcset=\"https:\/\/i0.wp.com\/eltrabajo.cl\/portal\/wp-content\/uploads\/2018\/01\/Sanfe_Panoramica.jpg?w=578&amp;ssl=1 578w, https:\/\/i0.wp.com\/eltrabajo.cl\/portal\/wp-content\/uploads\/2018\/01\/Sanfe_Panoramica.jpg?resize=200%2C95&amp;ssl=1 200w, https:\/\/i0.wp.com\/eltrabajo.cl\/portal\/wp-content\/uploads\/2018\/01\/Sanfe_Panoramica.jpg?resize=300%2C143&amp;ssl=1 300w, https:\/\/i0.wp.com\/eltrabajo.cl\/portal\/wp-content\/uploads\/2018\/01\/Sanfe_Panoramica.jpg?resize=400%2C190&amp;ssl=1 400w\" sizes=\"auto, (max-width: 578px) 100vw, 578px\" \/><figcaption id=\"caption-attachment-84433\" class=\"wp-caption-text\">LAS TRES CATEGOR\u00cdAS.- Aqu\u00ed tenemos a las selecciones U13, U15 y U18 del San Felipe B\u00e1sket, chicas llenas de coraje para enfrentar los desaf\u00edos deportivos.<\/figcaption><\/figure>\n<figure id=\"attachment_84435\" aria-describedby=\"caption-attachment-84435\" style=\"width: 580px\" class=\"wp-caption alignnone\"><img data-recalc-dims=\"1\" loading=\"lazy\" decoding=\"async\" class=\"size-full wp-image-84435\" src=\"https:\/\/i0.wp.com\/www.eltrabajo.cl\/2017\/wp-content\/uploads\/2018\/01\/Sanfe2.jpg?resize=580%2C705\" alt=\"AMADAS Y ESPERADAS.- Los padres y apoderados recibieron con alegr\u00eda a sus hijas, tras este viaje deportivo a Valdivia.\" width=\"580\" height=\"705\" srcset=\"https:\/\/i0.wp.com\/eltrabajo.cl\/portal\/wp-content\/uploads\/2018\/01\/Sanfe2.jpg?w=580&amp;ssl=1 580w, https:\/\/i0.wp.com\/eltrabajo.cl\/portal\/wp-content\/uploads\/2018\/01\/Sanfe2.jpg?resize=123%2C150&amp;ssl=1 123w, https:\/\/i0.wp.com\/eltrabajo.cl\/portal\/wp-content\/uploads\/2018\/01\/Sanfe2.jpg?resize=247%2C300&amp;ssl=1 247w, https:\/\/i0.wp.com\/eltrabajo.cl\/portal\/wp-content\/uploads\/2018\/01\/Sanfe2.jpg?resize=400%2C486&amp;ssl=1 400w\" sizes=\"auto, (max-width: 580px) 100vw, 580px\" \/><figcaption id=\"caption-attachment-84435\" class=\"wp-caption-text\">AMADAS Y ESPERADAS.- Los padres y apoderados recibieron con alegr\u00eda a sus hijas, tras este viaje deportivo a Valdivia.<\/figcaption><\/figure>\n","protected":false},"excerpt":{"rendered":"<p>Las m\u00e1s peque\u00f1itas ya calientan para la Copa Panchita de Valpara\u00edso: Fueron 32 chicas sanfelipe\u00f1as las que regresaron la ma\u00f1ana de ayer lunes a nuestra comuna, luego de viajar del 23 al&#8230;<\/p>\n","protected":false},"author":1,"featured_media":84434,"comment_status":"open","ping_status":"open","sticky":false,"template":"","format":"standard","meta":{"advanced_seo_description":"","jetpack_seo_html_title":"","jetpack_seo_noindex":false,"_jetpack_memberships_contains_paid_content":false,"footnotes":""},"categories":[15],"tags":[],"class_list":["post-84430","post","type-post","status-publish","format-standard","has-post-thumbnail","hentry","category-comunidad"],"jetpack_featured_media_url":"https:\/\/i0.wp.com\/eltrabajo.cl\/portal\/wp-content\/uploads\/2018\/01\/Sanfe1.jpg?fit=580%2C399&ssl=1","jetpack_sharing_enabled":true,"jetpack_likes_enabled":true,"jetpack-related-posts":[],"_links":{"self":[{"href":"https:\/\/eltrabajo.cl\/portal\/wp-json\/wp\/v2\/posts\/84430","targetHints":{"allow":["GET"]}}],"collection":[{"href":"https:\/\/eltrabajo.cl\/portal\/wp-json\/wp\/v2\/posts"}],"about":[{"href":"https:\/\/eltrabajo.cl\/portal\/wp-json\/wp\/v2\/types\/post"}],"author":[{"embeddable":true,"href":"https:\/\/eltrabajo.cl\/portal\/wp-json\/wp\/v2\/users\/1"}],"replies":[{"embeddable":true,"href":"https:\/\/eltrabajo.cl\/portal\/wp-json\/wp\/v2\/comments?post=84430"}],"version-history":[{"count":0,"href":"https:\/\/eltrabajo.cl\/portal\/wp-json\/wp\/v2\/posts\/84430\/revisions"}],"wp:featuredmedia":[{"embeddable":true,"href":"https:\/\/eltrabajo.cl\/portal\/wp-json\/wp\/v2\/media\/84434"}],"wp:attachment":[{"href":"https:\/\/eltrabajo.cl\/portal\/wp-json\/wp\/v2\/media?parent=84430"}],"wp:term":[{"taxonomy":"category","embeddable":true,"href":"https:\/\/eltrabajo.cl\/portal\/wp-json\/wp\/v2\/categories?post=84430"},{"taxonomy":"post_tag","embeddable":true,"href":"https:\/\/eltrabajo.cl\/portal\/wp-json\/wp\/v2\/tags?post=84430"}],"curies":[{"name":"wp","href":"https:\/\/api.w.org\/{rel}","templated":true}]}}