{"id":84437,"date":"2018-01-30T05:07:32","date_gmt":"2018-01-30T09:07:32","guid":{"rendered":"http:\/\/www.eltrabajo.cl\/2017\/?p=84437"},"modified":"2018-01-30T05:07:32","modified_gmt":"2018-01-30T09:07:32","slug":"con-orden-judicial-desalojan-a-16-familias-del-sector-cerro-patagual","status":"publish","type":"post","link":"https:\/\/eltrabajo.cl\/portal\/con-orden-judicial-desalojan-a-16-familias-del-sector-cerro-patagual\/","title":{"rendered":"Con orden judicial desalojan a 16 familias del sector cerro Patagual"},"content":{"rendered":"<figure id=\"attachment_84438\" aria-describedby=\"caption-attachment-84438\" style=\"width: 580px\" class=\"wp-caption alignnone\"><img data-recalc-dims=\"1\" loading=\"lazy\" decoding=\"async\" class=\"size-full wp-image-84438\" src=\"https:\/\/i0.wp.com\/www.eltrabajo.cl\/2017\/wp-content\/uploads\/2018\/01\/patahual-desalojo1.jpg?resize=580%2C400\" alt=\"Un total de 50 personas pertenecientes a 16 familias son las que est\u00e1n siendo desalojadas del sector cerro Patagual.\" width=\"580\" height=\"400\" srcset=\"https:\/\/i0.wp.com\/eltrabajo.cl\/portal\/wp-content\/uploads\/2018\/01\/patahual-desalojo1.jpg?w=580&amp;ssl=1 580w, https:\/\/i0.wp.com\/eltrabajo.cl\/portal\/wp-content\/uploads\/2018\/01\/patahual-desalojo1.jpg?resize=200%2C138&amp;ssl=1 200w, https:\/\/i0.wp.com\/eltrabajo.cl\/portal\/wp-content\/uploads\/2018\/01\/patahual-desalojo1.jpg?resize=300%2C207&amp;ssl=1 300w, https:\/\/i0.wp.com\/eltrabajo.cl\/portal\/wp-content\/uploads\/2018\/01\/patahual-desalojo1.jpg?resize=218%2C150&amp;ssl=1 218w, https:\/\/i0.wp.com\/eltrabajo.cl\/portal\/wp-content\/uploads\/2018\/01\/patahual-desalojo1.jpg?resize=400%2C276&amp;ssl=1 400w\" sizes=\"auto, (max-width: 580px) 100vw, 580px\" \/><figcaption id=\"caption-attachment-84438\" class=\"wp-caption-text\">Un total de 50 personas pertenecientes a 16 familias son las que est\u00e1n siendo desalojadas del sector cerro Patagual.<\/figcaption><\/figure>\n<ul>\n<li><span style=\"color: #ff0000;\"><strong>Tras un largo juicio de casi de a\u00f1os se orden\u00f3 la salida de los residentes del sector.<\/strong><\/span><\/li>\n<\/ul>\n<p><strong>CALLE LARGA.-<\/strong> Bajo un fuerte resguardo de Carabineros, la ma\u00f1ana de este lunes comenz\u00f3 el desaloj\u00f3 judicial de 16 familias que residen en el sector de Cerro Patagual en la comuna de Calle Larga.<br \/>\nLa acci\u00f3n judicial corresponde al fin de un largo juicio de casi 10 a\u00f1os, cuando apareci\u00f3 un due\u00f1o de esos terrenos que las familias ocuparon sin mayores problemas desde hace muchos a\u00f1os.<br \/>\n\u201cSomos familias que vamos a quedar en la calle, ya que no tenemos d\u00f3nde vivir, como familia llevamos hartos a\u00f1os aqu\u00ed, entonces que nos vengan a desalojar con fuerza p\u00fablica, nos est\u00e1n haciendo un gran da\u00f1o y esto es un abuso\u201d, se quej\u00f3 Juan D\u00edaz, uno de los desalojados.<br \/>\nAgreg\u00f3 que hubo muy poca comunicaci\u00f3n en todo el proceso, \u201cpues cuando ten\u00edan que venir a decirnos algo no nos avisaban y ahora llegaron de improviso\u201d.<br \/>\nIndic\u00f3 que esperan ahora poder contar con la ayuda ofrecida por la Municipalidad de Calle Larga para trasladarse a otro lugar, \u201cpero no es algo seguro, ellos han venido a vernos y est\u00e1n viendo donde nos pueden ubicar, pero nosotros nos vemos en la calle\u201d.<br \/>\nSe espera que todo el proceso de desalojo concluya el d\u00eda mi\u00e9rcoles y para ello se dispuso de fuerza p\u00fablica para evitar cualquier resistencia de los pobladores.<\/p>\n<p><strong><span style=\"color: #ff0000;\">APOYO MUNICIPAL<\/span><\/strong><br \/>\nAnte esta situaci\u00f3n, el alcalde de Calle Larga, Nelson Venegas, dijo que est\u00e1n tratando de buscar una soluci\u00f3n a este problema, \u201cpero hay que recordar que este es un terreno de un privado, donde tiempo atr\u00e1s ya se realiz\u00f3 un desalojo y como municipalidad hicimos con varios vecinos que estaban ac\u00e1 pudieran postular a un subsidio habitacional y de hecho muchos de ellos ya tienen su casa como corresponde, casas bonitas y les solucionamos el problema en ese momento\u201d.<br \/>\nDijo que luego llegaron otras personas que no se inscribieron nunca en ning\u00fan comit\u00e9 de vivienda y fueron quedando rezagadas, \u201ca otros ya les conseguimos subsidios de emergencia o subsidios de asignaci\u00f3n directa, el tema que a\u00fan no est\u00e1n las casas y hay otros que vienen llegando desde el sur desde hace poco tiempo atr\u00e1s y no tienen ning\u00fan papel y no han avanzado nada y esos son los m\u00e1s complicados, ya que aparte de eso ni siquiera tienen familiares donde recurrir para quedarse durante un tiempo\u201d.<br \/>\nPor esta raz\u00f3n est\u00e1n viendo qu\u00e9 hacer; \u201cen un momento pensamos dejarlos en un colegio, pero la verdad es que de educaci\u00f3n nos se\u00f1alaron que eso es absolutamente imposible por las condiciones en que puede quedar luego el colegio\u201d.<br \/>\nVenegas dijo que han colaborado poniendo a disposici\u00f3n de los pobladores abogados y asistentes sociales que en su momento permitieron dilatar la situaci\u00f3n del desalojo, \u201cpero llegamos al punto donde no es posible hacer nada m\u00e1s, estamos tratando de conversar con ellos ya que nos preocupa la situaci\u00f3n que queden en la calle, hay que cuidar que les traten bien sus enseres, estos podr\u00e1n ser humildes pero son sus cosas y ser\u00eda una pena que por este desalojo le hagan tira sus pertenencias.<br \/>\n\u201cEstamos viendo la posibilidad de facilitarles el cami\u00f3n municipal para llevarle las cosas a alg\u00fan lugar, pero no tienen donde llevarlas y b\u00e1sicamente ese es el problema. Son 16 familias con alrededor de 50 personas, de las cuales 10 familias son de esta comuna y de \u00e9stas, cuatro ya tienen asignaci\u00f3n directa de casa y las seis restantes les faltan algunos documentos para que pudieran tramitar la asignaci\u00f3n directa, y el resto de familias b\u00e1sicamente no pueden hacer tr\u00e1mites habitacionales porque tienen otras casas, esa es la realidad de este asunto\u201d, argument\u00f3 la autoridad comunal.<br \/>\nDijo que lamentablemente la municipalidad no cuenta con viviendas de emergencias, \u201cya que como lo indiqu\u00e9, cuando hay una cat\u00e1strofe mayor podemos facilitar alg\u00fan colegio, pero este no es el caso y desde Educaci\u00f3n ya nos dijeron que no, ya que se teme por la integridad del colegio y despu\u00e9s como los sacamos de \u00e9ste\u201d.<br \/>\nEnfatiz\u00f3 que este es un tema de muy larga data y las familias que est\u00e1n quedando rezagadas por mucho tiempo no han hecho nada por solucionar su problema habitacional, \u201cya que ellos ni siquiera iban a las reuniones que nosotros los cit\u00e1bamos para que los pudi\u00e9ramos ayudar en ese sentido\u201d.<br \/>\nVenegas se\u00f1al\u00f3 que el hecho que el desalojo tome un par de d\u00edas les dar\u00e1 un poco de tiempo para poder buscar alguna alternativa o habilitar un albergue, \u201cya que estamos en contacto con el gobernador, con el Serviu, pero mucha gente de este servicio no est\u00e1 presente ya que est\u00e1n de vacaciones, pero mi deber aqu\u00ed es cuidar a la gente, sin embargo siendo bien honesto, las personas que est\u00e1n quedando ac\u00e1 es la que durante mucho tiempo no se ha acogido a muchas oportunidades que como municipalidad les hemos ofrecidos, ya que este tema se est\u00e1 tratando desde hace 10 a\u00f1os y el desalojo esta decretado desde al menos 4 a\u00f1os y mucha gente que estaba en esta situaci\u00f3n hizo los tramites y les buscamos casa en otro lugar y aqu\u00ed est\u00e1n quedando aquellas personas que no se incorporaron a ning\u00fan tr\u00e1mite\u201d, explic\u00f3 finalmente el alcalde Nelson Venegas.<\/p>\n","protected":false},"excerpt":{"rendered":"<p>Tras un largo juicio de casi de a\u00f1os se orden\u00f3 la salida de los residentes del sector. CALLE LARGA.- Bajo un fuerte resguardo de Carabineros, la ma\u00f1ana de este lunes comenz\u00f3 el&#8230;<\/p>\n","protected":false},"author":1,"featured_media":84438,"comment_status":"open","ping_status":"open","sticky":false,"template":"","format":"standard","meta":{"advanced_seo_description":"","jetpack_seo_html_title":"","jetpack_seo_noindex":false,"_jetpack_memberships_contains_paid_content":false,"footnotes":""},"categories":[15],"tags":[],"class_list":["post-84437","post","type-post","status-publish","format-standard","has-post-thumbnail","hentry","category-comunidad"],"jetpack_featured_media_url":"https:\/\/i0.wp.com\/eltrabajo.cl\/portal\/wp-content\/uploads\/2018\/01\/patahual-desalojo1.jpg?fit=580%2C400&ssl=1","jetpack_sharing_enabled":true,"jetpack_likes_enabled":true,"jetpack-related-posts":[],"_links":{"self":[{"href":"https:\/\/eltrabajo.cl\/portal\/wp-json\/wp\/v2\/posts\/84437","targetHints":{"allow":["GET"]}}],"collection":[{"href":"https:\/\/eltrabajo.cl\/portal\/wp-json\/wp\/v2\/posts"}],"about":[{"href":"https:\/\/eltrabajo.cl\/portal\/wp-json\/wp\/v2\/types\/post"}],"author":[{"embeddable":true,"href":"https:\/\/eltrabajo.cl\/portal\/wp-json\/wp\/v2\/users\/1"}],"replies":[{"embeddable":true,"href":"https:\/\/eltrabajo.cl\/portal\/wp-json\/wp\/v2\/comments?post=84437"}],"version-history":[{"count":0,"href":"https:\/\/eltrabajo.cl\/portal\/wp-json\/wp\/v2\/posts\/84437\/revisions"}],"wp:featuredmedia":[{"embeddable":true,"href":"https:\/\/eltrabajo.cl\/portal\/wp-json\/wp\/v2\/media\/84438"}],"wp:attachment":[{"href":"https:\/\/eltrabajo.cl\/portal\/wp-json\/wp\/v2\/media?parent=84437"}],"wp:term":[{"taxonomy":"category","embeddable":true,"href":"https:\/\/eltrabajo.cl\/portal\/wp-json\/wp\/v2\/categories?post=84437"},{"taxonomy":"post_tag","embeddable":true,"href":"https:\/\/eltrabajo.cl\/portal\/wp-json\/wp\/v2\/tags?post=84437"}],"curies":[{"name":"wp","href":"https:\/\/api.w.org\/{rel}","templated":true}]}}