{"id":84440,"date":"2018-01-31T05:00:09","date_gmt":"2018-01-31T09:00:09","guid":{"rendered":"http:\/\/www.eltrabajo.cl\/2017\/?p=84440"},"modified":"2018-01-31T05:00:09","modified_gmt":"2018-01-31T09:00:09","slug":"obras-del-nuevo-bulevar-no-detiene-a-vendedores-ni-a-clientes-en-calle-prat","status":"publish","type":"post","link":"https:\/\/eltrabajo.cl\/portal\/obras-del-nuevo-bulevar-no-detiene-a-vendedores-ni-a-clientes-en-calle-prat\/","title":{"rendered":"Obras del nuevo bulevar no detiene a vendedores ni a clientes en calle Prat"},"content":{"rendered":"<figure id=\"attachment_84444\" aria-describedby=\"caption-attachment-84444\" style=\"width: 580px\" class=\"wp-caption alignnone\"><img data-recalc-dims=\"1\" loading=\"lazy\" decoding=\"async\" class=\"size-full wp-image-84444\" src=\"https:\/\/i0.wp.com\/www.eltrabajo.cl\/2017\/wp-content\/uploads\/2018\/01\/Bulevar4.jpg?resize=580%2C399\" alt=\"ROJO EL TOMATE.- H\u00e9ctor Castillo, vendedor de tomates en la c\u00e9ntrica arteria que desde hace siete a\u00f1os trabaja en ese sector.\" width=\"580\" height=\"399\" srcset=\"https:\/\/i0.wp.com\/eltrabajo.cl\/portal\/wp-content\/uploads\/2018\/01\/Bulevar4.jpg?w=580&amp;ssl=1 580w, https:\/\/i0.wp.com\/eltrabajo.cl\/portal\/wp-content\/uploads\/2018\/01\/Bulevar4.jpg?resize=200%2C138&amp;ssl=1 200w, https:\/\/i0.wp.com\/eltrabajo.cl\/portal\/wp-content\/uploads\/2018\/01\/Bulevar4.jpg?resize=300%2C206&amp;ssl=1 300w, https:\/\/i0.wp.com\/eltrabajo.cl\/portal\/wp-content\/uploads\/2018\/01\/Bulevar4.jpg?resize=218%2C150&amp;ssl=1 218w, https:\/\/i0.wp.com\/eltrabajo.cl\/portal\/wp-content\/uploads\/2018\/01\/Bulevar4.jpg?resize=400%2C275&amp;ssl=1 400w\" sizes=\"auto, (max-width: 580px) 100vw, 580px\" \/><figcaption id=\"caption-attachment-84444\" class=\"wp-caption-text\">ROJO EL TOMATE.- H\u00e9ctor Castillo, vendedor de tomates en la c\u00e9ntrica arteria que desde hace siete a\u00f1os trabaja en ese sector.<\/figcaption><\/figure>\n<ul>\n<li><span style=\"color: #ff0000;\"><strong>Comerciantes aseguran que hasta ahora en nada les ha afectado:<\/strong><\/span><\/li>\n<\/ul>\n<p>Tal cual fue anunciado por las autoridades municipales de nuestra comuna, desde este lunes arrancaron los trabajos de construcci\u00f3n del bulevar y ciclov\u00edas en Calle Prat, entre Salinas y Traslavi\u00f1a, as\u00ed tambi\u00e9n el ajetreo normal que proh\u00edbe la circulaci\u00f3n de motocicletas y veh\u00edculos por ese sector. Las c\u00e1maras de Diario El Trabajo comprobaron ayer la permanencia de los comerciantes en los puestos instalados en las aceras, y tambi\u00e9n la clientela de los mismos, quienes tuvieron un d\u00eda normal.<br \/>\nUna de las preocupaciones que ten\u00edan nuestros lectores era con el ingreso de peatones al comercio en esa calle cerrada, as\u00ed como algunos peligros al caminar que pudieran afectar a los adultos mayores o personas con alguna discapacidad.<\/p>\n<p><span style=\"color: #ff0000;\"><strong>SIN RECLAMOS<\/strong><\/span><br \/>\nAyer pudimos comprobar que los sanfelipe\u00f1os han tomado muy en serio las recomendaciones que Claudio Paredes, Secplac de nuestra comuna, comunic\u00f3 la semana pasada, por lo que no hubo quejas de peatones ni de comerciantes, hasta el momento.<br \/>\n\u00abEn nada nos est\u00e1 afectando estos trabajos aqu\u00ed en calle Prat, la gente sigue llegando a comprar nuestros productos, nadie se queja hasta ahora\u00bb, coment\u00f3 don H\u00e9ctor Castillo, vendedor de tomates en la c\u00e9ntrica arteria que desde hace siete a\u00f1os trabaja en ese sector.<br \/>\nTambi\u00e9n otros dos suplementeros de Prat, quienes llevan ya 31 a\u00f1os en la esquina con Traslavi\u00f1a, don Jos\u00e9 Rivera y su esposa Gloria Zelaya, comentaron que \u00abpor ahora estamos bien, las ventas no han bajado y siempre nos llega la clientela que transita por Traslavi\u00f1a, adem\u00e1s tenemos clientes fieles\u00bb.<\/p>\n<p><span style=\"color: #ff0000;\"><strong>A TOMAR NOTA<\/strong><\/span><br \/>\nRecordemos que el Municipio desde hace tiempo, cuando se planificaron estos trabajos, solicit\u00f3 al Serviu que se habilitara la circulaci\u00f3n peatonal, as\u00ed como el ingreso y salida a los locales comerciales, esto significaba que si bien van a estar trabajando en la calzada, en la calle, que haya entonces una reposici\u00f3n de veredas en toda la extensi\u00f3n de Calle Prat entre Yungay y Traslavi\u00f1a, para que las personas que quieran entrar a comprar o hacer alg\u00fan tr\u00e1mite, pudieran hacerlo caminando, pues el uso de veh\u00edculos est\u00e1 restringido en ese sector.<br \/>\nNuestros lectores y comerciantes en calle Prat deben recordar que los ambulantes que cuenten con permiso y pagos al d\u00eda y que est\u00e9n actualmente ocupando espacio de calle, se reubicar\u00e1n seg\u00fan mesa de trabajo establecida con ellos.<br \/>\n<strong>Roberto Gonz\u00e1lez Short<\/strong><\/p>\n<figure id=\"attachment_84441\" aria-describedby=\"caption-attachment-84441\" style=\"width: 580px\" class=\"wp-caption alignnone\"><img data-recalc-dims=\"1\" loading=\"lazy\" decoding=\"async\" class=\"size-full wp-image-84441\" src=\"https:\/\/i0.wp.com\/www.eltrabajo.cl\/2017\/wp-content\/uploads\/2018\/01\/Bulevar1.jpg?resize=580%2C399\" alt=\"VAMOS DE SHOPING.- Familias enteras transitaban ayer martes en medio de las obras de construcci\u00f3n, pareciera que los sanfelipe\u00f1os han comprendido que hay que tener paciencia durante estos 47 d\u00edas restantes.\" width=\"580\" height=\"399\" srcset=\"https:\/\/i0.wp.com\/eltrabajo.cl\/portal\/wp-content\/uploads\/2018\/01\/Bulevar1.jpg?w=580&amp;ssl=1 580w, https:\/\/i0.wp.com\/eltrabajo.cl\/portal\/wp-content\/uploads\/2018\/01\/Bulevar1.jpg?resize=200%2C138&amp;ssl=1 200w, https:\/\/i0.wp.com\/eltrabajo.cl\/portal\/wp-content\/uploads\/2018\/01\/Bulevar1.jpg?resize=300%2C206&amp;ssl=1 300w, https:\/\/i0.wp.com\/eltrabajo.cl\/portal\/wp-content\/uploads\/2018\/01\/Bulevar1.jpg?resize=218%2C150&amp;ssl=1 218w, https:\/\/i0.wp.com\/eltrabajo.cl\/portal\/wp-content\/uploads\/2018\/01\/Bulevar1.jpg?resize=400%2C275&amp;ssl=1 400w\" sizes=\"auto, (max-width: 580px) 100vw, 580px\" \/><figcaption id=\"caption-attachment-84441\" class=\"wp-caption-text\">VAMOS DE SHOPING.- Familias enteras transitaban ayer martes en medio de las obras de construcci\u00f3n, pareciera que los sanfelipe\u00f1os han comprendido que hay que tener paciencia durante estos 47 d\u00edas restantes.<\/figcaption><\/figure>\n<figure id=\"attachment_84442\" aria-describedby=\"caption-attachment-84442\" style=\"width: 580px\" class=\"wp-caption alignnone\"><img data-recalc-dims=\"1\" loading=\"lazy\" decoding=\"async\" class=\"size-full wp-image-84442\" src=\"https:\/\/i0.wp.com\/www.eltrabajo.cl\/2017\/wp-content\/uploads\/2018\/01\/Bulevar2.jpg?resize=580%2C400\" alt=\"SUPLEMENTEROS.- Estos otros dos suplementeros de Prat, llevan ya 31 a\u00f1os en la esquina con Traslavi\u00f1a, don Jos\u00e9 Rivera y su esposa Gloria Zelaya.\" width=\"580\" height=\"400\" srcset=\"https:\/\/i0.wp.com\/eltrabajo.cl\/portal\/wp-content\/uploads\/2018\/01\/Bulevar2.jpg?w=580&amp;ssl=1 580w, https:\/\/i0.wp.com\/eltrabajo.cl\/portal\/wp-content\/uploads\/2018\/01\/Bulevar2.jpg?resize=200%2C138&amp;ssl=1 200w, https:\/\/i0.wp.com\/eltrabajo.cl\/portal\/wp-content\/uploads\/2018\/01\/Bulevar2.jpg?resize=300%2C207&amp;ssl=1 300w, https:\/\/i0.wp.com\/eltrabajo.cl\/portal\/wp-content\/uploads\/2018\/01\/Bulevar2.jpg?resize=218%2C150&amp;ssl=1 218w, https:\/\/i0.wp.com\/eltrabajo.cl\/portal\/wp-content\/uploads\/2018\/01\/Bulevar2.jpg?resize=400%2C276&amp;ssl=1 400w\" sizes=\"auto, (max-width: 580px) 100vw, 580px\" \/><figcaption id=\"caption-attachment-84442\" class=\"wp-caption-text\">SUPLEMENTEROS.- Estos otros dos suplementeros de Prat, llevan ya 31 a\u00f1os en la esquina con Traslavi\u00f1a, don Jos\u00e9 Rivera y su esposa Gloria Zelaya.<\/figcaption><\/figure>\n<figure id=\"attachment_84443\" aria-describedby=\"caption-attachment-84443\" style=\"width: 580px\" class=\"wp-caption alignnone\"><img data-recalc-dims=\"1\" loading=\"lazy\" decoding=\"async\" class=\"size-full wp-image-84443\" src=\"https:\/\/i0.wp.com\/www.eltrabajo.cl\/2017\/wp-content\/uploads\/2018\/01\/Bulevar3.jpg?resize=580%2C399\" alt=\"VERDURAS FRESCAS.- Los sanfelipe\u00f1os contin\u00faan comprando en calle Prat, pese al polvo y ruido de la maquinaria en ese sector de nuestra ciudad.\" width=\"580\" height=\"399\" srcset=\"https:\/\/i0.wp.com\/eltrabajo.cl\/portal\/wp-content\/uploads\/2018\/01\/Bulevar3.jpg?w=580&amp;ssl=1 580w, https:\/\/i0.wp.com\/eltrabajo.cl\/portal\/wp-content\/uploads\/2018\/01\/Bulevar3.jpg?resize=200%2C138&amp;ssl=1 200w, https:\/\/i0.wp.com\/eltrabajo.cl\/portal\/wp-content\/uploads\/2018\/01\/Bulevar3.jpg?resize=300%2C206&amp;ssl=1 300w, https:\/\/i0.wp.com\/eltrabajo.cl\/portal\/wp-content\/uploads\/2018\/01\/Bulevar3.jpg?resize=218%2C150&amp;ssl=1 218w, https:\/\/i0.wp.com\/eltrabajo.cl\/portal\/wp-content\/uploads\/2018\/01\/Bulevar3.jpg?resize=400%2C275&amp;ssl=1 400w\" sizes=\"auto, (max-width: 580px) 100vw, 580px\" \/><figcaption id=\"caption-attachment-84443\" class=\"wp-caption-text\">VERDURAS FRESCAS.- Los sanfelipe\u00f1os contin\u00faan comprando en calle Prat, pese al polvo y ruido de la maquinaria en ese sector de nuestra ciudad.<\/figcaption><\/figure>\n","protected":false},"excerpt":{"rendered":"<p>Comerciantes aseguran que hasta ahora en nada les ha afectado: Tal cual fue anunciado por las autoridades municipales de nuestra comuna, desde este lunes arrancaron los trabajos de construcci\u00f3n del bulevar y&#8230;<\/p>\n","protected":false},"author":1,"featured_media":84441,"comment_status":"open","ping_status":"open","sticky":false,"template":"","format":"standard","meta":{"advanced_seo_description":"","jetpack_seo_html_title":"","jetpack_seo_noindex":false,"_jetpack_memberships_contains_paid_content":false,"footnotes":""},"categories":[15],"tags":[],"class_list":["post-84440","post","type-post","status-publish","format-standard","has-post-thumbnail","hentry","category-comunidad"],"jetpack_featured_media_url":"https:\/\/i0.wp.com\/eltrabajo.cl\/portal\/wp-content\/uploads\/2018\/01\/Bulevar1.jpg?fit=580%2C399&ssl=1","jetpack_sharing_enabled":true,"jetpack_likes_enabled":true,"jetpack-related-posts":[],"_links":{"self":[{"href":"https:\/\/eltrabajo.cl\/portal\/wp-json\/wp\/v2\/posts\/84440","targetHints":{"allow":["GET"]}}],"collection":[{"href":"https:\/\/eltrabajo.cl\/portal\/wp-json\/wp\/v2\/posts"}],"about":[{"href":"https:\/\/eltrabajo.cl\/portal\/wp-json\/wp\/v2\/types\/post"}],"author":[{"embeddable":true,"href":"https:\/\/eltrabajo.cl\/portal\/wp-json\/wp\/v2\/users\/1"}],"replies":[{"embeddable":true,"href":"https:\/\/eltrabajo.cl\/portal\/wp-json\/wp\/v2\/comments?post=84440"}],"version-history":[{"count":0,"href":"https:\/\/eltrabajo.cl\/portal\/wp-json\/wp\/v2\/posts\/84440\/revisions"}],"wp:featuredmedia":[{"embeddable":true,"href":"https:\/\/eltrabajo.cl\/portal\/wp-json\/wp\/v2\/media\/84441"}],"wp:attachment":[{"href":"https:\/\/eltrabajo.cl\/portal\/wp-json\/wp\/v2\/media?parent=84440"}],"wp:term":[{"taxonomy":"category","embeddable":true,"href":"https:\/\/eltrabajo.cl\/portal\/wp-json\/wp\/v2\/categories?post=84440"},{"taxonomy":"post_tag","embeddable":true,"href":"https:\/\/eltrabajo.cl\/portal\/wp-json\/wp\/v2\/tags?post=84440"}],"curies":[{"name":"wp","href":"https:\/\/api.w.org\/{rel}","templated":true}]}}