{"id":84446,"date":"2018-01-31T05:01:15","date_gmt":"2018-01-31T09:01:15","guid":{"rendered":"http:\/\/www.eltrabajo.cl\/2017\/?p=84446"},"modified":"2018-01-31T05:01:15","modified_gmt":"2018-01-31T09:01:15","slug":"todo-un-exito-resulto-segunda-version-corrida-the-wind-colors-llay-llay","status":"publish","type":"post","link":"https:\/\/eltrabajo.cl\/portal\/todo-un-exito-resulto-segunda-version-corrida-the-wind-colors-llay-llay\/","title":{"rendered":"Todo un \u00e9xito result\u00f3 segunda versi\u00f3n corrida \u2018The Wind Colors\u2019 Llay Llay"},"content":{"rendered":"<figure id=\"attachment_84448\" aria-describedby=\"caption-attachment-84448\" style=\"width: 580px\" class=\"wp-caption alignnone\"><img data-recalc-dims=\"1\" loading=\"lazy\" decoding=\"async\" class=\"size-full wp-image-84448\" src=\"https:\/\/i0.wp.com\/www.eltrabajo.cl\/2017\/wp-content\/uploads\/2018\/01\/wind-colors-llay-2.jpg?resize=580%2C400\" alt=\"Los j\u00f3venes fueron los m\u00e1s entusiastas participantes de la actividad que se desarrolla por segunda vez en la comuna.\" width=\"580\" height=\"400\" srcset=\"https:\/\/i0.wp.com\/eltrabajo.cl\/portal\/wp-content\/uploads\/2018\/01\/wind-colors-llay-2.jpg?w=580&amp;ssl=1 580w, https:\/\/i0.wp.com\/eltrabajo.cl\/portal\/wp-content\/uploads\/2018\/01\/wind-colors-llay-2.jpg?resize=200%2C138&amp;ssl=1 200w, https:\/\/i0.wp.com\/eltrabajo.cl\/portal\/wp-content\/uploads\/2018\/01\/wind-colors-llay-2.jpg?resize=300%2C207&amp;ssl=1 300w, https:\/\/i0.wp.com\/eltrabajo.cl\/portal\/wp-content\/uploads\/2018\/01\/wind-colors-llay-2.jpg?resize=218%2C150&amp;ssl=1 218w, https:\/\/i0.wp.com\/eltrabajo.cl\/portal\/wp-content\/uploads\/2018\/01\/wind-colors-llay-2.jpg?resize=400%2C276&amp;ssl=1 400w\" sizes=\"auto, (max-width: 580px) 100vw, 580px\" \/><figcaption id=\"caption-attachment-84448\" class=\"wp-caption-text\">Los j\u00f3venes fueron los m\u00e1s entusiastas participantes de la actividad que se desarrolla por segunda vez en la comuna.<\/figcaption><\/figure>\n<p><strong>LLAY LLAY.-<\/strong> La ma\u00f1ana de este s\u00e1bado se realiz\u00f3 la II versi\u00f3n de la corrida familiar \u2018The Wind Colors Llay Llay 2018\u2019, en la cual se disfrut\u00f3 adem\u00e1s de la fiesta de la espuma, DJ en vivo, Cotill\u00f3n, animaci\u00f3n interactiva, baile entretenido y el apoyo de los bomberos de Llay Llay.<br \/>\nLa actividad deportiva que busca entregar espacios de dispersi\u00f3n y recreaci\u00f3n familiar, result\u00f3 todo un \u00e9xito debido a que concurrieron m\u00e1s de mil personas.<br \/>\nAl respecto el alcalde de la comuna, Edgardo Gonz\u00e1lez, comento: \u201cEstamos tremendamente emocionados con el gran resultado de lo que fue hoy la corrida familiar The wind colors, con la gran participaci\u00f3n de familias, j\u00f3venes, ni\u00f1as y ni\u00f1os de la comuna disfrutando, bailando, haciendo deporte, cantando. Realmente eso es lo que buscamos con nuestro equipo, con nuestros funcionarios municipales. Sentimos que hemos cumplido el objetivo que es dar un momento de alegr\u00eda y felicidad a nuestros vecinos y vecinas, m\u00e1s de mil personas disfrutando de esta fiesta. As\u00ed que muy contento y simplemente agradecer a quienes hicieron posible esta fiesta, a todo nuestro equipo, y agradecer la participaci\u00f3n comprometida de todos los vecinos de Llay Llay\u201d, concluy\u00f3 el edil.<\/p>\n<figure id=\"attachment_84447\" aria-describedby=\"caption-attachment-84447\" style=\"width: 580px\" class=\"wp-caption alignnone\"><img data-recalc-dims=\"1\" loading=\"lazy\" decoding=\"async\" class=\"size-full wp-image-84447\" src=\"https:\/\/i0.wp.com\/www.eltrabajo.cl\/2017\/wp-content\/uploads\/2018\/01\/wind-colors-llay-1.jpg?resize=580%2C400\" alt=\"Una verdadera explosi\u00f3n de color result\u00f3 la corrida Wind Colors realizada en Llay Llay.\" width=\"580\" height=\"400\" srcset=\"https:\/\/i0.wp.com\/eltrabajo.cl\/portal\/wp-content\/uploads\/2018\/01\/wind-colors-llay-1.jpg?w=580&amp;ssl=1 580w, https:\/\/i0.wp.com\/eltrabajo.cl\/portal\/wp-content\/uploads\/2018\/01\/wind-colors-llay-1.jpg?resize=200%2C138&amp;ssl=1 200w, https:\/\/i0.wp.com\/eltrabajo.cl\/portal\/wp-content\/uploads\/2018\/01\/wind-colors-llay-1.jpg?resize=300%2C207&amp;ssl=1 300w, https:\/\/i0.wp.com\/eltrabajo.cl\/portal\/wp-content\/uploads\/2018\/01\/wind-colors-llay-1.jpg?resize=218%2C150&amp;ssl=1 218w, https:\/\/i0.wp.com\/eltrabajo.cl\/portal\/wp-content\/uploads\/2018\/01\/wind-colors-llay-1.jpg?resize=400%2C276&amp;ssl=1 400w\" sizes=\"auto, (max-width: 580px) 100vw, 580px\" \/><figcaption id=\"caption-attachment-84447\" class=\"wp-caption-text\">Una verdadera explosi\u00f3n de color result\u00f3 la corrida Wind Colors realizada en Llay Llay.<\/figcaption><\/figure>\n<figure id=\"attachment_84449\" aria-describedby=\"caption-attachment-84449\" style=\"width: 580px\" class=\"wp-caption alignnone\"><img data-recalc-dims=\"1\" loading=\"lazy\" decoding=\"async\" class=\"size-full wp-image-84449\" src=\"https:\/\/i0.wp.com\/www.eltrabajo.cl\/2017\/wp-content\/uploads\/2018\/01\/wind-colors-llay-3.jpg?resize=580%2C400\" alt=\"El alcalde de Llay Llay, Edgardo Gonz\u00e1lez, se mostr\u00f3 m\u00e1s que satisfecho con la participaci\u00f3n del millar de llaylla\u00ednos que disfrutaron con el evento.\" width=\"580\" height=\"400\" srcset=\"https:\/\/i0.wp.com\/eltrabajo.cl\/portal\/wp-content\/uploads\/2018\/01\/wind-colors-llay-3.jpg?w=580&amp;ssl=1 580w, https:\/\/i0.wp.com\/eltrabajo.cl\/portal\/wp-content\/uploads\/2018\/01\/wind-colors-llay-3.jpg?resize=200%2C138&amp;ssl=1 200w, https:\/\/i0.wp.com\/eltrabajo.cl\/portal\/wp-content\/uploads\/2018\/01\/wind-colors-llay-3.jpg?resize=300%2C207&amp;ssl=1 300w, https:\/\/i0.wp.com\/eltrabajo.cl\/portal\/wp-content\/uploads\/2018\/01\/wind-colors-llay-3.jpg?resize=218%2C150&amp;ssl=1 218w, https:\/\/i0.wp.com\/eltrabajo.cl\/portal\/wp-content\/uploads\/2018\/01\/wind-colors-llay-3.jpg?resize=400%2C276&amp;ssl=1 400w\" sizes=\"auto, (max-width: 580px) 100vw, 580px\" \/><figcaption id=\"caption-attachment-84449\" class=\"wp-caption-text\">El alcalde de Llay Llay, Edgardo Gonz\u00e1lez, se mostr\u00f3 m\u00e1s que satisfecho con la participaci\u00f3n del millar de llaylla\u00ednos que disfrutaron con el evento.<\/figcaption><\/figure>\n<figure id=\"attachment_84450\" aria-describedby=\"caption-attachment-84450\" style=\"width: 580px\" class=\"wp-caption alignnone\"><img data-recalc-dims=\"1\" loading=\"lazy\" decoding=\"async\" class=\"size-full wp-image-84450\" src=\"https:\/\/i0.wp.com\/www.eltrabajo.cl\/2017\/wp-content\/uploads\/2018\/01\/wind-colors-llay-4.jpg?resize=580%2C400\" alt=\"El edil de Llay Llay tambi\u00e9n particip\u00f3 activamente arrojando agua a los alrededor de mil participantes que se dieron cita en el centro de la comuna.\" width=\"580\" height=\"400\" srcset=\"https:\/\/i0.wp.com\/eltrabajo.cl\/portal\/wp-content\/uploads\/2018\/01\/wind-colors-llay-4.jpg?w=580&amp;ssl=1 580w, https:\/\/i0.wp.com\/eltrabajo.cl\/portal\/wp-content\/uploads\/2018\/01\/wind-colors-llay-4.jpg?resize=200%2C138&amp;ssl=1 200w, https:\/\/i0.wp.com\/eltrabajo.cl\/portal\/wp-content\/uploads\/2018\/01\/wind-colors-llay-4.jpg?resize=300%2C207&amp;ssl=1 300w, https:\/\/i0.wp.com\/eltrabajo.cl\/portal\/wp-content\/uploads\/2018\/01\/wind-colors-llay-4.jpg?resize=218%2C150&amp;ssl=1 218w, https:\/\/i0.wp.com\/eltrabajo.cl\/portal\/wp-content\/uploads\/2018\/01\/wind-colors-llay-4.jpg?resize=400%2C276&amp;ssl=1 400w\" sizes=\"auto, (max-width: 580px) 100vw, 580px\" \/><figcaption id=\"caption-attachment-84450\" class=\"wp-caption-text\">El edil de Llay Llay tambi\u00e9n particip\u00f3 activamente arrojando agua a los alrededor de mil participantes que se dieron cita en el centro de la comuna.<\/figcaption><\/figure>\n<figure id=\"attachment_84451\" aria-describedby=\"caption-attachment-84451\" style=\"width: 580px\" class=\"wp-caption alignnone\"><img data-recalc-dims=\"1\" loading=\"lazy\" decoding=\"async\" class=\"size-full wp-image-84451\" src=\"https:\/\/i0.wp.com\/www.eltrabajo.cl\/2017\/wp-content\/uploads\/2018\/01\/wind-colors-llay-5.jpg?resize=580%2C400\" alt=\"La actividad se realiz\u00f3 la ma\u00f1ana del s\u00e1bado y en ella se disfrut\u00f3 adem\u00e1s de la fiesta de la espuma, DJ en vivo, Cotill\u00f3n, animaci\u00f3n interactiva, baile entretenido y el apoyo de los bomberos de Llay Llay.\" width=\"580\" height=\"400\" srcset=\"https:\/\/i0.wp.com\/eltrabajo.cl\/portal\/wp-content\/uploads\/2018\/01\/wind-colors-llay-5.jpg?w=580&amp;ssl=1 580w, https:\/\/i0.wp.com\/eltrabajo.cl\/portal\/wp-content\/uploads\/2018\/01\/wind-colors-llay-5.jpg?resize=200%2C138&amp;ssl=1 200w, https:\/\/i0.wp.com\/eltrabajo.cl\/portal\/wp-content\/uploads\/2018\/01\/wind-colors-llay-5.jpg?resize=300%2C207&amp;ssl=1 300w, https:\/\/i0.wp.com\/eltrabajo.cl\/portal\/wp-content\/uploads\/2018\/01\/wind-colors-llay-5.jpg?resize=218%2C150&amp;ssl=1 218w, https:\/\/i0.wp.com\/eltrabajo.cl\/portal\/wp-content\/uploads\/2018\/01\/wind-colors-llay-5.jpg?resize=400%2C276&amp;ssl=1 400w\" sizes=\"auto, (max-width: 580px) 100vw, 580px\" \/><figcaption id=\"caption-attachment-84451\" class=\"wp-caption-text\">La actividad se realiz\u00f3 la ma\u00f1ana del s\u00e1bado y en ella se disfrut\u00f3 adem\u00e1s de la fiesta de la espuma, DJ en vivo, Cotill\u00f3n, animaci\u00f3n interactiva, baile entretenido y el apoyo de los bomberos de Llay Llay.<\/figcaption><\/figure>\n","protected":false},"excerpt":{"rendered":"<p>LLAY LLAY.- La ma\u00f1ana de este s\u00e1bado se realiz\u00f3 la II versi\u00f3n de la corrida familiar \u2018The Wind Colors Llay Llay 2018\u2019, en la cual se disfrut\u00f3 adem\u00e1s de la fiesta de&#8230;<\/p>\n","protected":false},"author":1,"featured_media":84447,"comment_status":"open","ping_status":"open","sticky":false,"template":"","format":"standard","meta":{"advanced_seo_description":"","jetpack_seo_html_title":"","jetpack_seo_noindex":false,"_jetpack_memberships_contains_paid_content":false,"footnotes":""},"categories":[15],"tags":[],"class_list":["post-84446","post","type-post","status-publish","format-standard","has-post-thumbnail","hentry","category-comunidad"],"jetpack_featured_media_url":"https:\/\/i0.wp.com\/eltrabajo.cl\/portal\/wp-content\/uploads\/2018\/01\/wind-colors-llay-1.jpg?fit=580%2C400&ssl=1","jetpack_sharing_enabled":true,"jetpack_likes_enabled":true,"jetpack-related-posts":[],"_links":{"self":[{"href":"https:\/\/eltrabajo.cl\/portal\/wp-json\/wp\/v2\/posts\/84446","targetHints":{"allow":["GET"]}}],"collection":[{"href":"https:\/\/eltrabajo.cl\/portal\/wp-json\/wp\/v2\/posts"}],"about":[{"href":"https:\/\/eltrabajo.cl\/portal\/wp-json\/wp\/v2\/types\/post"}],"author":[{"embeddable":true,"href":"https:\/\/eltrabajo.cl\/portal\/wp-json\/wp\/v2\/users\/1"}],"replies":[{"embeddable":true,"href":"https:\/\/eltrabajo.cl\/portal\/wp-json\/wp\/v2\/comments?post=84446"}],"version-history":[{"count":0,"href":"https:\/\/eltrabajo.cl\/portal\/wp-json\/wp\/v2\/posts\/84446\/revisions"}],"wp:featuredmedia":[{"embeddable":true,"href":"https:\/\/eltrabajo.cl\/portal\/wp-json\/wp\/v2\/media\/84447"}],"wp:attachment":[{"href":"https:\/\/eltrabajo.cl\/portal\/wp-json\/wp\/v2\/media?parent=84446"}],"wp:term":[{"taxonomy":"category","embeddable":true,"href":"https:\/\/eltrabajo.cl\/portal\/wp-json\/wp\/v2\/categories?post=84446"},{"taxonomy":"post_tag","embeddable":true,"href":"https:\/\/eltrabajo.cl\/portal\/wp-json\/wp\/v2\/tags?post=84446"}],"curies":[{"name":"wp","href":"https:\/\/api.w.org\/{rel}","templated":true}]}}