{"id":84453,"date":"2018-01-31T05:02:08","date_gmt":"2018-01-31T09:02:08","guid":{"rendered":"http:\/\/www.eltrabajo.cl\/2017\/?p=84453"},"modified":"2018-01-31T05:02:08","modified_gmt":"2018-01-31T09:02:08","slug":"campana-dental-de-aniversario-de-implante-y-corona-hasta-el-10-de-marzo","status":"publish","type":"post","link":"https:\/\/eltrabajo.cl\/portal\/campana-dental-de-aniversario-de-implante-y-corona-hasta-el-10-de-marzo\/","title":{"rendered":"Campa\u00f1a dental de aniversario de Implante y Corona hasta el 10 de marzo"},"content":{"rendered":"<figure id=\"attachment_84456\" aria-describedby=\"caption-attachment-84456\" style=\"width: 580px\" class=\"wp-caption alignnone\"><img data-recalc-dims=\"1\" loading=\"lazy\" decoding=\"async\" class=\"size-full wp-image-84456\" src=\"https:\/\/i0.wp.com\/www.eltrabajo.cl\/2017\/wp-content\/uploads\/2018\/01\/Sedent3.jpg?resize=580%2C400\" alt=\"POR TIEMPO LIMITADO.- Nuestros lectores s\u00f3lo tienen que solicitar una cita para aprovechar esta campa\u00f1a de Implantes dentales.\" width=\"580\" height=\"400\" srcset=\"https:\/\/i0.wp.com\/eltrabajo.cl\/portal\/wp-content\/uploads\/2018\/01\/Sedent3.jpg?w=580&amp;ssl=1 580w, https:\/\/i0.wp.com\/eltrabajo.cl\/portal\/wp-content\/uploads\/2018\/01\/Sedent3.jpg?resize=200%2C138&amp;ssl=1 200w, https:\/\/i0.wp.com\/eltrabajo.cl\/portal\/wp-content\/uploads\/2018\/01\/Sedent3.jpg?resize=300%2C207&amp;ssl=1 300w, https:\/\/i0.wp.com\/eltrabajo.cl\/portal\/wp-content\/uploads\/2018\/01\/Sedent3.jpg?resize=218%2C150&amp;ssl=1 218w, https:\/\/i0.wp.com\/eltrabajo.cl\/portal\/wp-content\/uploads\/2018\/01\/Sedent3.jpg?resize=400%2C276&amp;ssl=1 400w\" sizes=\"auto, (max-width: 580px) 100vw, 580px\" \/><figcaption id=\"caption-attachment-84456\" class=\"wp-caption-text\">POR TIEMPO LIMITADO.- Nuestros lectores s\u00f3lo tienen que solicitar una cita para aprovechar esta campa\u00f1a de Implantes dentales.<\/figcaption><\/figure>\n<ul>\n<li><span style=\"color: #ff0000;\"><strong>Sedent San Felipe cumple 15 a\u00f1os de existencia:<\/strong><\/span><\/li>\n<\/ul>\n<p>Una excelente noticia para todos los vecinos del Valle de Aconcagua es la que hoy en Diario El Trabajo compartimos con nuestros lectores, se trata de la campa\u00f1a de implantes dentales \u2018Sonr\u00ede feliz por nuestro 15\u00ba Aniversario\u2019, misma que est\u00e1 desarrollando el Centro M\u00e9dico Odontol\u00f3gico Sedent de San Felipe. Nuestro medio habl\u00f3 con el doctor Mauricio Sep\u00falveda, director m\u00e9dico a cargo de la campa\u00f1a.<br \/>\n\u00abNuestra empresa naci\u00f3 el lunes 10 de marzo de 2003 en San Felipe, es una empresa al servicio de toda la familia aconcag\u00fcina, una de las propuestas en salud m\u00e1s innovadoras para el beneficio de nuestros pacientes, somos un complejo m\u00e9dico que brinda respuesta inmediata en todas las especialidades de la odontolog\u00eda, as\u00ed como una atenci\u00f3n personalizada en lo que a Neurolog\u00eda Infantil y Medicina General se refiere\u00bb, coment\u00f3 el Doctor Sep\u00falveda a Diario El Trabajo.<\/p>\n<p><span style=\"color: #ff0000;\"><strong>PRECIO ACCESIBLE<\/strong><\/span><br \/>\nSeg\u00fan lo que explic\u00f3 el profesional a nuestro medio, esta campa\u00f1a asegura todo un tratamiento profesional al que se puede acceder de la siguiente manera: \u00abCon un pie inicial de apenas $250.000 nuestros pacientes pueden iniciar su tratamiento y aprovechar esta campa\u00f1a, se trata de implante y corona, en primera instancia nuestro paciente recibe la respectiva evaluaci\u00f3n, el Implante, las radiograf\u00edas, un uso exclusivo de nuestra cl\u00ednica, las plaquetas o t\u00e9cnica de colocaci\u00f3n de factores de crecimiento, la Corona provisoria si fuera necesario, la Corona definitiva de porcelana, pabell\u00f3n de cirug\u00eda y los controles de seguimiento. Quiero tambi\u00e9n aclarar que esta campa\u00f1a u oferta, no contempla cirug\u00edas complementarias, ni ex\u00e1menes en caso de ser necesarios, en total por cada Implante se paga el valor de $550.000, y la diferencia en cuotas\u00bb, agreg\u00f3 el galeno.<br \/>\nHay que recordar que esta promoci\u00f3n aplica desde el 22 de enero hasta el 10 de marzo del presente a\u00f1o.<\/p>\n<p><span style=\"color: #ff0000;\"><strong>SERVICIO INTEGRAL<\/strong><\/span><br \/>\nEl centro Sedent figura en San Felipe como la alternativa ideal que logra dar soluciones concretas en forma ambulatoria, tambi\u00e9n en lo que se refiere a Pediatr\u00eda, Traumatolog\u00eda, Ginecolog\u00eda, Psicolog\u00eda, Kinesiolog\u00eda y Cirug\u00eda General.<br \/>\n\u00abLos implantes y otros tratamientos dentales que hacemos aqu\u00ed, tienen un impacto muy positivo en la vida de nuestros pacientes, pues tambi\u00e9n su autoestima sube considerablemente, sonr\u00eden con libertad y pueden masticar con normalidad, pues el titanio es un material al que el hueso se adhiere sin ning\u00fan problema. Yo me siento muy satisfecho con estos 15 a\u00f1os de logros como empresa, tambi\u00e9n quiero abaratar los costos a las personas que regularmente viajan a Santiago, para ser atendidos all\u00e1, pensando que, por ser en Santiago, la atenci\u00f3n es mejor que la que ofrecemos en San Felipe, error que los induce a caer presa de la publicidad enga\u00f1osa, pues aunque les ofrecen un precio \u2018s\u00faper barato\u2019, al final terminan pagando grandes sumas, adem\u00e1s de los gastos en tiempo y dinero en traslado. Eso es lo que buscamos, que aqu\u00ed reciban la misma calidad que en la capital\u00bb, puntualiz\u00f3 el Dr. Sep\u00falveda.<br \/>\nEntre los dem\u00e1s servicios que ofrece Sedent a nuestros lectores, se encuentran Implantolog\u00eda y Rehabilitaci\u00f3n oral; Ortodoncia (Frenillos); Cirug\u00eda maxilofacial; Limpieza y Blanqueamiento; Periodoncia, Endodoncia, Radiolog\u00eda, y en el \u00e1rea m\u00e9dica tambi\u00e9n Oftalmolog\u00eda, Traumatolog\u00eda, Medicina general, Psicolog\u00eda y Obstetricia. Si usted desea aprovechar esta promoci\u00f3n, ya puede sacar cita al fono: 342 506218., Prat 585.<br \/>\n<strong>Roberto Gonz\u00e1lez Short<\/strong><\/p>\n<figure id=\"attachment_84454\" aria-describedby=\"caption-attachment-84454\" style=\"width: 578px\" class=\"wp-caption alignnone\"><img data-recalc-dims=\"1\" loading=\"lazy\" decoding=\"async\" class=\"size-full wp-image-84454\" src=\"https:\/\/i0.wp.com\/www.eltrabajo.cl\/2017\/wp-content\/uploads\/2018\/01\/Sedent1a.jpg?resize=578%2C126\" alt=\"M\u00c9DICOS A LA OBRA.- Ellos son los profesionales m\u00e9dicos que ofrecen su mejor atenci\u00f3n profesional en Sedent, de San Felipe.\" width=\"578\" height=\"126\" srcset=\"https:\/\/i0.wp.com\/eltrabajo.cl\/portal\/wp-content\/uploads\/2018\/01\/Sedent1a.jpg?w=578&amp;ssl=1 578w, https:\/\/i0.wp.com\/eltrabajo.cl\/portal\/wp-content\/uploads\/2018\/01\/Sedent1a.jpg?resize=200%2C44&amp;ssl=1 200w, https:\/\/i0.wp.com\/eltrabajo.cl\/portal\/wp-content\/uploads\/2018\/01\/Sedent1a.jpg?resize=300%2C65&amp;ssl=1 300w, https:\/\/i0.wp.com\/eltrabajo.cl\/portal\/wp-content\/uploads\/2018\/01\/Sedent1a.jpg?resize=400%2C87&amp;ssl=1 400w\" sizes=\"auto, (max-width: 578px) 100vw, 578px\" \/><figcaption id=\"caption-attachment-84454\" class=\"wp-caption-text\">M\u00c9DICOS A LA OBRA.- Ellos son los profesionales m\u00e9dicos que ofrecen su mejor atenci\u00f3n profesional en Sedent, de San Felipe.<\/figcaption><\/figure>\n<figure id=\"attachment_84455\" aria-describedby=\"caption-attachment-84455\" style=\"width: 579px\" class=\"wp-caption alignnone\"><img data-recalc-dims=\"1\" loading=\"lazy\" decoding=\"async\" class=\"size-full wp-image-84455\" src=\"https:\/\/i0.wp.com\/www.eltrabajo.cl\/2017\/wp-content\/uploads\/2018\/01\/Sedent2.jpg?resize=579%2C449\" alt=\"IMPLANTE Y CORONA.- Esta campa\u00f1a asegura todo un tratamiento profesional al que se puede acceder con un Pie inicial de apenas $250.000.\" width=\"579\" height=\"449\" srcset=\"https:\/\/i0.wp.com\/eltrabajo.cl\/portal\/wp-content\/uploads\/2018\/01\/Sedent2.jpg?w=579&amp;ssl=1 579w, https:\/\/i0.wp.com\/eltrabajo.cl\/portal\/wp-content\/uploads\/2018\/01\/Sedent2.jpg?resize=193%2C150&amp;ssl=1 193w, https:\/\/i0.wp.com\/eltrabajo.cl\/portal\/wp-content\/uploads\/2018\/01\/Sedent2.jpg?resize=300%2C233&amp;ssl=1 300w, https:\/\/i0.wp.com\/eltrabajo.cl\/portal\/wp-content\/uploads\/2018\/01\/Sedent2.jpg?resize=400%2C310&amp;ssl=1 400w\" sizes=\"auto, (max-width: 579px) 100vw, 579px\" \/><figcaption id=\"caption-attachment-84455\" class=\"wp-caption-text\">IMPLANTE Y CORONA.- Esta campa\u00f1a asegura todo un tratamiento profesional al que se puede acceder con un Pie inicial de apenas $250.000.<\/figcaption><\/figure>\n<figure id=\"attachment_84457\" aria-describedby=\"caption-attachment-84457\" style=\"width: 580px\" class=\"wp-caption alignnone\"><img data-recalc-dims=\"1\" loading=\"lazy\" decoding=\"async\" class=\"size-full wp-image-84457\" src=\"https:\/\/i0.wp.com\/www.eltrabajo.cl\/2017\/wp-content\/uploads\/2018\/01\/Sedent4.jpg?resize=580%2C400\" alt=\"ATENCI\u00d3N COMPLETA.- Sedent figura en San Felipe como la alternativa ideal que logra dar soluciones concretas en forma ambulatoria, tambi\u00e9n en lo que se refiere a Pediatr\u00eda, Traumatolog\u00eda, Ginecolog\u00eda, Psicolog\u00eda, Kinesiolog\u00eda y Cirug\u00eda General. \" width=\"580\" height=\"400\" srcset=\"https:\/\/i0.wp.com\/eltrabajo.cl\/portal\/wp-content\/uploads\/2018\/01\/Sedent4.jpg?w=580&amp;ssl=1 580w, https:\/\/i0.wp.com\/eltrabajo.cl\/portal\/wp-content\/uploads\/2018\/01\/Sedent4.jpg?resize=200%2C138&amp;ssl=1 200w, https:\/\/i0.wp.com\/eltrabajo.cl\/portal\/wp-content\/uploads\/2018\/01\/Sedent4.jpg?resize=300%2C207&amp;ssl=1 300w, https:\/\/i0.wp.com\/eltrabajo.cl\/portal\/wp-content\/uploads\/2018\/01\/Sedent4.jpg?resize=218%2C150&amp;ssl=1 218w, https:\/\/i0.wp.com\/eltrabajo.cl\/portal\/wp-content\/uploads\/2018\/01\/Sedent4.jpg?resize=400%2C276&amp;ssl=1 400w\" sizes=\"auto, (max-width: 580px) 100vw, 580px\" \/><figcaption id=\"caption-attachment-84457\" class=\"wp-caption-text\">ATENCI\u00d3N COMPLETA.- Sedent figura en San Felipe como la alternativa ideal que logra dar soluciones concretas en forma ambulatoria, tambi\u00e9n en lo que se refiere a Pediatr\u00eda, Traumatolog\u00eda, Ginecolog\u00eda, Psicolog\u00eda, Kinesiolog\u00eda y Cirug\u00eda General.<\/figcaption><\/figure>\n<figure id=\"attachment_84458\" aria-describedby=\"caption-attachment-84458\" style=\"width: 580px\" class=\"wp-caption alignnone\"><img data-recalc-dims=\"1\" loading=\"lazy\" decoding=\"async\" class=\"size-full wp-image-84458\" src=\"https:\/\/i0.wp.com\/www.eltrabajo.cl\/2017\/wp-content\/uploads\/2018\/01\/Sedent-Mauricio-Sepulveda.jpg?resize=580%2C509\" alt=\"Mauricio Sep\u00falveda, director m\u00e9dico de Sedent San Felipe.\" width=\"580\" height=\"509\" srcset=\"https:\/\/i0.wp.com\/eltrabajo.cl\/portal\/wp-content\/uploads\/2018\/01\/Sedent-Mauricio-Sepulveda.jpg?w=580&amp;ssl=1 580w, https:\/\/i0.wp.com\/eltrabajo.cl\/portal\/wp-content\/uploads\/2018\/01\/Sedent-Mauricio-Sepulveda.jpg?resize=171%2C150&amp;ssl=1 171w, https:\/\/i0.wp.com\/eltrabajo.cl\/portal\/wp-content\/uploads\/2018\/01\/Sedent-Mauricio-Sepulveda.jpg?resize=300%2C263&amp;ssl=1 300w, https:\/\/i0.wp.com\/eltrabajo.cl\/portal\/wp-content\/uploads\/2018\/01\/Sedent-Mauricio-Sepulveda.jpg?resize=400%2C351&amp;ssl=1 400w\" sizes=\"auto, (max-width: 580px) 100vw, 580px\" \/><figcaption id=\"caption-attachment-84458\" class=\"wp-caption-text\">Mauricio Sep\u00falveda, director m\u00e9dico de Sedent San Felipe.<\/figcaption><\/figure>\n","protected":false},"excerpt":{"rendered":"<p>Sedent San Felipe cumple 15 a\u00f1os de existencia: Una excelente noticia para todos los vecinos del Valle de Aconcagua es la que hoy en Diario El Trabajo compartimos con nuestros lectores, se&#8230;<\/p>\n","protected":false},"author":1,"featured_media":84455,"comment_status":"open","ping_status":"open","sticky":false,"template":"","format":"standard","meta":{"advanced_seo_description":"","jetpack_seo_html_title":"","jetpack_seo_noindex":false,"_jetpack_memberships_contains_paid_content":false,"footnotes":""},"categories":[15],"tags":[],"class_list":["post-84453","post","type-post","status-publish","format-standard","has-post-thumbnail","hentry","category-comunidad"],"jetpack_featured_media_url":"https:\/\/i0.wp.com\/eltrabajo.cl\/portal\/wp-content\/uploads\/2018\/01\/Sedent2.jpg?fit=579%2C449&ssl=1","jetpack_sharing_enabled":true,"jetpack_likes_enabled":true,"jetpack-related-posts":[],"_links":{"self":[{"href":"https:\/\/eltrabajo.cl\/portal\/wp-json\/wp\/v2\/posts\/84453","targetHints":{"allow":["GET"]}}],"collection":[{"href":"https:\/\/eltrabajo.cl\/portal\/wp-json\/wp\/v2\/posts"}],"about":[{"href":"https:\/\/eltrabajo.cl\/portal\/wp-json\/wp\/v2\/types\/post"}],"author":[{"embeddable":true,"href":"https:\/\/eltrabajo.cl\/portal\/wp-json\/wp\/v2\/users\/1"}],"replies":[{"embeddable":true,"href":"https:\/\/eltrabajo.cl\/portal\/wp-json\/wp\/v2\/comments?post=84453"}],"version-history":[{"count":0,"href":"https:\/\/eltrabajo.cl\/portal\/wp-json\/wp\/v2\/posts\/84453\/revisions"}],"wp:featuredmedia":[{"embeddable":true,"href":"https:\/\/eltrabajo.cl\/portal\/wp-json\/wp\/v2\/media\/84455"}],"wp:attachment":[{"href":"https:\/\/eltrabajo.cl\/portal\/wp-json\/wp\/v2\/media?parent=84453"}],"wp:term":[{"taxonomy":"category","embeddable":true,"href":"https:\/\/eltrabajo.cl\/portal\/wp-json\/wp\/v2\/categories?post=84453"},{"taxonomy":"post_tag","embeddable":true,"href":"https:\/\/eltrabajo.cl\/portal\/wp-json\/wp\/v2\/tags?post=84453"}],"curies":[{"name":"wp","href":"https:\/\/api.w.org\/{rel}","templated":true}]}}