{"id":84463,"date":"2018-01-31T05:04:56","date_gmt":"2018-01-31T09:04:56","guid":{"rendered":"http:\/\/www.eltrabajo.cl\/2017\/?p=84463"},"modified":"2018-01-31T05:04:56","modified_gmt":"2018-01-31T09:04:56","slug":"invitan-a-marchar-por-la-memoria-de-sophia-lactante-asesinada-por-su-padre","status":"publish","type":"post","link":"https:\/\/eltrabajo.cl\/portal\/invitan-a-marchar-por-la-memoria-de-sophia-lactante-asesinada-por-su-padre\/","title":{"rendered":"Invitan a marchar por la memoria de Soph\u00eda, lactante asesinada por su padre"},"content":{"rendered":"<figure id=\"attachment_84465\" aria-describedby=\"caption-attachment-84465\" style=\"width: 579px\" class=\"wp-caption alignnone\"><img data-recalc-dims=\"1\" loading=\"lazy\" decoding=\"async\" class=\"size-full wp-image-84465\" src=\"https:\/\/i0.wp.com\/www.eltrabajo.cl\/2017\/wp-content\/uploads\/2018\/01\/sophia.jpg?resize=579%2C430\" alt=\"Ella es la menor cruelmente asesinada en la localidad de Alerce en Puerto Montt.\" width=\"579\" height=\"430\" srcset=\"https:\/\/i0.wp.com\/eltrabajo.cl\/portal\/wp-content\/uploads\/2018\/01\/sophia.jpg?w=579&amp;ssl=1 579w, https:\/\/i0.wp.com\/eltrabajo.cl\/portal\/wp-content\/uploads\/2018\/01\/sophia.jpg?resize=200%2C150&amp;ssl=1 200w, https:\/\/i0.wp.com\/eltrabajo.cl\/portal\/wp-content\/uploads\/2018\/01\/sophia.jpg?resize=300%2C223&amp;ssl=1 300w, https:\/\/i0.wp.com\/eltrabajo.cl\/portal\/wp-content\/uploads\/2018\/01\/sophia.jpg?resize=202%2C150&amp;ssl=1 202w, https:\/\/i0.wp.com\/eltrabajo.cl\/portal\/wp-content\/uploads\/2018\/01\/sophia.jpg?resize=400%2C297&amp;ssl=1 400w\" sizes=\"auto, (max-width: 579px) 100vw, 579px\" \/><figcaption id=\"caption-attachment-84465\" class=\"wp-caption-text\">Ella es la menor cruelmente asesinada en la localidad de Alerce en Puerto Montt.<\/figcaption><\/figure>\n<p>Una invitaci\u00f3n para participar de una marcha en repudio por el cruel e impactante asesinato de la menor Sophia, de tanto solo un a\u00f1o once meses de edad, a manos de su padre en la localidad de Alerce en Puerto Montt, est\u00e1n realizando dos j\u00f3venes madres de San Felipe.<br \/>\nUna de ellas, Nicole Ibaceta, dijo que esta actividad se va a llevar a cabo este domingo 4 de febrero a las cinco de la tarde en la plaza c\u00edvica de San Felipe.<br \/>\n\u00abEstamos convocando para este d\u00eda domingo a las cinco de la tarde ac\u00e1 en la plaza de San Felipe, para reunirnos todos los que puedan venir, mamitas con sus hijos porque queremos unirnos en esta causa de Ley Sophia a prop\u00f3sito del cruel asesinato de la menor de un a\u00f1o en el sur del pa\u00eds. \u00daltimamente est\u00e1n ocurriendo muchas muertes de ni\u00f1os, beb\u00e9s, donde no hay protecci\u00f3n, eso es lo que nosotros queremos llamar en todo Chile, porque los ni\u00f1os tienen sus derechos y ellos tienen que ser protegidos, no puede ser que est\u00e9n matando a beb\u00e9s, sobre todo el a\u00f1o pasado que se aprob\u00f3 la ley del aborto\u00bb, dijo.<br \/>\nDijo que hoy los padres deben alzar la voz, deben ser personas responsables, lo mismo que las autoridades, los pol\u00edticos, los trabajadores sociales, \u00abque se hagan cargo de familias vulnerables, donde hay problemas de adicci\u00f3n de todo tipo, para que protejan a los ni\u00f1os porque ellos son indefensos, nosotros los adultos somos los que tenemos que responder y ese es el llamado, para que as\u00ed como hicieron una ley Cholito para proteger a los animales, cuanto m\u00e1s a un ser humano, ese es el llamado, no es s\u00f3lo una marcha, tiene que ser algo m\u00e1s profundo\u00bb, indic\u00f3.<br \/>\nEsta marcha se va a hacer a nivel nacional en Vi\u00f1a del Mar, Valpara\u00edso, Puerto Montt y en San Felipe.<br \/>\nReiter\u00f3 la invitaci\u00f3n para este d\u00eda domingo a las cinco de la tarde a la plaza c\u00edvica de San Felipe.<br \/>\nOjal\u00e1 las personas vayan con ropa negra, lleven globos blancos.<br \/>\n\u00abLa ley Sophia pide b\u00e1sicamente endurecer las penas en relaci\u00f3n a todo tipo de vulnerabilidad de los derechos del ni\u00f1o, homicidio, parricidio, abusos sexuales, psicol\u00f3gicos, f\u00edsicos, como no existe la pena de muerte en Chile, entonces que se mueran presos, no que cumplan 5 a\u00f1os y salgan como si nada pas\u00f3, que se mueran presos\u00bb, finaliz\u00f3 Nicole, una de las organizadoras.<br \/>\nEn Facebook tambi\u00e9n se puede ubicar la invitaci\u00f3n #MarchaPorLeySophia Quinta Regi\u00f3n.<\/p>\n<figure id=\"attachment_84464\" aria-describedby=\"caption-attachment-84464\" style=\"width: 580px\" class=\"wp-caption alignnone\"><img data-recalc-dims=\"1\" loading=\"lazy\" decoding=\"async\" class=\"size-full wp-image-84464\" src=\"https:\/\/i0.wp.com\/www.eltrabajo.cl\/2017\/wp-content\/uploads\/2018\/01\/Nicole.jpg?resize=580%2C400\" alt=\"Ellas son las organizadoras del evento. A la izquierda Nicole Ibaceta junto a su amiga Andy Cortez.\" width=\"580\" height=\"400\" srcset=\"https:\/\/i0.wp.com\/eltrabajo.cl\/portal\/wp-content\/uploads\/2018\/01\/Nicole.jpg?w=580&amp;ssl=1 580w, https:\/\/i0.wp.com\/eltrabajo.cl\/portal\/wp-content\/uploads\/2018\/01\/Nicole.jpg?resize=200%2C138&amp;ssl=1 200w, https:\/\/i0.wp.com\/eltrabajo.cl\/portal\/wp-content\/uploads\/2018\/01\/Nicole.jpg?resize=300%2C207&amp;ssl=1 300w, https:\/\/i0.wp.com\/eltrabajo.cl\/portal\/wp-content\/uploads\/2018\/01\/Nicole.jpg?resize=218%2C150&amp;ssl=1 218w, https:\/\/i0.wp.com\/eltrabajo.cl\/portal\/wp-content\/uploads\/2018\/01\/Nicole.jpg?resize=400%2C276&amp;ssl=1 400w\" sizes=\"auto, (max-width: 580px) 100vw, 580px\" \/><figcaption id=\"caption-attachment-84464\" class=\"wp-caption-text\">Ellas son las organizadoras del evento. A la izquierda Nicole Ibaceta junto a su amiga Andy Cortez.<\/figcaption><\/figure>\n","protected":false},"excerpt":{"rendered":"<p>Una invitaci\u00f3n para participar de una marcha en repudio por el cruel e impactante asesinato de la menor Sophia, de tanto solo un a\u00f1o once meses de edad, a manos de su&#8230;<\/p>\n","protected":false},"author":1,"featured_media":84464,"comment_status":"open","ping_status":"open","sticky":false,"template":"","format":"standard","meta":{"advanced_seo_description":"","jetpack_seo_html_title":"","jetpack_seo_noindex":false,"_jetpack_memberships_contains_paid_content":false,"footnotes":""},"categories":[15],"tags":[],"class_list":["post-84463","post","type-post","status-publish","format-standard","has-post-thumbnail","hentry","category-comunidad"],"jetpack_featured_media_url":"https:\/\/i0.wp.com\/eltrabajo.cl\/portal\/wp-content\/uploads\/2018\/01\/Nicole.jpg?fit=580%2C400&ssl=1","jetpack_sharing_enabled":true,"jetpack_likes_enabled":true,"jetpack-related-posts":[],"_links":{"self":[{"href":"https:\/\/eltrabajo.cl\/portal\/wp-json\/wp\/v2\/posts\/84463","targetHints":{"allow":["GET"]}}],"collection":[{"href":"https:\/\/eltrabajo.cl\/portal\/wp-json\/wp\/v2\/posts"}],"about":[{"href":"https:\/\/eltrabajo.cl\/portal\/wp-json\/wp\/v2\/types\/post"}],"author":[{"embeddable":true,"href":"https:\/\/eltrabajo.cl\/portal\/wp-json\/wp\/v2\/users\/1"}],"replies":[{"embeddable":true,"href":"https:\/\/eltrabajo.cl\/portal\/wp-json\/wp\/v2\/comments?post=84463"}],"version-history":[{"count":0,"href":"https:\/\/eltrabajo.cl\/portal\/wp-json\/wp\/v2\/posts\/84463\/revisions"}],"wp:featuredmedia":[{"embeddable":true,"href":"https:\/\/eltrabajo.cl\/portal\/wp-json\/wp\/v2\/media\/84464"}],"wp:attachment":[{"href":"https:\/\/eltrabajo.cl\/portal\/wp-json\/wp\/v2\/media?parent=84463"}],"wp:term":[{"taxonomy":"category","embeddable":true,"href":"https:\/\/eltrabajo.cl\/portal\/wp-json\/wp\/v2\/categories?post=84463"},{"taxonomy":"post_tag","embeddable":true,"href":"https:\/\/eltrabajo.cl\/portal\/wp-json\/wp\/v2\/tags?post=84463"}],"curies":[{"name":"wp","href":"https:\/\/api.w.org\/{rel}","templated":true}]}}