{"id":84467,"date":"2018-01-31T05:05:05","date_gmt":"2018-01-31T09:05:05","guid":{"rendered":"http:\/\/www.eltrabajo.cl\/2017\/?p=84467"},"modified":"2018-01-31T05:05:05","modified_gmt":"2018-01-31T09:05:05","slug":"tribunal-andino-y-carabineros-se-niegan-a-devolver-furgon-decomisado","status":"publish","type":"post","link":"https:\/\/eltrabajo.cl\/portal\/tribunal-andino-y-carabineros-se-niegan-a-devolver-furgon-decomisado\/","title":{"rendered":"Tribunal andino y Carabineros se niegan a devolver furg\u00f3n decomisado"},"content":{"rendered":"<figure id=\"attachment_84470\" aria-describedby=\"caption-attachment-84470\" style=\"width: 580px\" class=\"wp-caption alignnone\"><img data-recalc-dims=\"1\" loading=\"lazy\" decoding=\"async\" class=\"size-full wp-image-84470\" src=\"https:\/\/i0.wp.com\/www.eltrabajo.cl\/2017\/wp-content\/uploads\/2018\/01\/Furgon2-1.jpg?resize=580%2C399\" alt=\"MUY IRREGULAR.- El 30 de octubre de 1996 el Fiscal Luis Contreras, de Los Andes, firm\u00f3 conforme el Sobreseimiento de esta causa. \u00bfPor qu\u00e9 ahora los mismos tribunales andinos se empe\u00f1an en retener este veh\u00edculo?\" width=\"580\" height=\"399\" srcset=\"https:\/\/i0.wp.com\/eltrabajo.cl\/portal\/wp-content\/uploads\/2018\/01\/Furgon2-1.jpg?w=580&amp;ssl=1 580w, https:\/\/i0.wp.com\/eltrabajo.cl\/portal\/wp-content\/uploads\/2018\/01\/Furgon2-1.jpg?resize=200%2C138&amp;ssl=1 200w, https:\/\/i0.wp.com\/eltrabajo.cl\/portal\/wp-content\/uploads\/2018\/01\/Furgon2-1.jpg?resize=300%2C206&amp;ssl=1 300w, https:\/\/i0.wp.com\/eltrabajo.cl\/portal\/wp-content\/uploads\/2018\/01\/Furgon2-1.jpg?resize=218%2C150&amp;ssl=1 218w, https:\/\/i0.wp.com\/eltrabajo.cl\/portal\/wp-content\/uploads\/2018\/01\/Furgon2-1.jpg?resize=400%2C275&amp;ssl=1 400w\" sizes=\"auto, (max-width: 580px) 100vw, 580px\" \/><figcaption id=\"caption-attachment-84470\" class=\"wp-caption-text\">MUY IRREGULAR.- El 30 de octubre de 1996 el Fiscal Luis Contreras, de Los Andes, firm\u00f3 conforme el Sobreseimiento de esta causa. \u00bfPor qu\u00e9 ahora los mismos tribunales andinos se empe\u00f1an en retener este veh\u00edculo?<\/figcaption><\/figure>\n<ul>\n<li><strong><span style=\"color: #ff0000;\">Pese a que abuelita y su hijo hicieron ya el trabajo investigativo:<\/span>\u00a0La situaci\u00f3n que viven una adulta mayor y su hijo, modestos due\u00f1os de un viejo furg\u00f3n en poder de las autoridades, deja al descubierto un hilo conductor de lo que podr\u00edamos entender como una \u2018historia macabra de mal gusto\u2019 y de presuntas irresponsabilidades de quienes trabajan para un sistema no siempre funcional. Juzgue Usted, apreciado lector.<\/strong><\/li>\n<\/ul>\n<p>Nuevamente solicit\u00f3 ayuda en nuestra Sala de Redacci\u00f3n don Juan Carlos Vega Carvajal y su madre do\u00f1a Alicia Carvajal, a quienes Carabineros les incaut\u00f3 su furg\u00f3n de trabajo, el que manten\u00eda Encargo por Robo desde 1996, situaci\u00f3n de la que en Diario El Trabajo ya informamos ampliamente hace una semana.<br \/>\nEl problema pareciera no tener soluci\u00f3n, pues aunque los afectados realizaron una tremenda investigaci\u00f3n hasta lograr dar con el \u2018fantasma\u2019 que en ese a\u00f1o hizo la denuncia, y cuyo apellido fue mal escrito por el funcionario policial que acogi\u00f3 la denuncia en esa oportunidad, generando el caos en un sistema judicial que no est\u00e1 hecho para soportar este tipo de errores tan graves. Con todo y pese a que el auto fue recuperado dos d\u00edas despu\u00e9s, en La Ligua, actualmente el Segundo Juzgado de Letras de Los Andes se neg\u00f3 a recibir la declaraci\u00f3n del denunciante y antiguo propietario del veh\u00edculo, cosa que tambi\u00e9n ocurri\u00f3 en Carabineros de San Felipe, y donde tambi\u00e9n el comisario H\u00e9ctor Soto prefiri\u00f3 no responder a nuestras consultas, en relaci\u00f3n a la negativa de Carabineros de recepcionar esta declaraci\u00f3n aclaratoria y que deja al descubierto los tremendos errores cometidos por las mismas instituciones que hoy mantienen a esta familia privada de su veh\u00edculo de trabajo.<br \/>\nNuestro medio habl\u00f3 de nuevo con don Juan Carlos Vega, quien ya no da m\u00e1s en busca de justicia y respeto hacia su madre, o\u00eddos sordos que siguen as\u00ed, sin prestar atenci\u00f3n a su clamor por lo que consideran justo.<br \/>\n<strong>&#8211; \u00bfQu\u00e9 ha pasado en estas dos semanas con su furg\u00f3n?<\/strong><br \/>\n&#8211; En estas dos semanas que han pasado desde que Carabineros me quit\u00f3 el furg\u00f3n, yo con mi mam\u00e1 hemos recopilado bastante informaci\u00f3n sobre el caso que nos est\u00e1 afectando, logramos llegar al expediente de 1996, debimos pagar $29.000 pesos para acceder a una copia del expediente ($1.000 cada hoja), luego de muchos viajes y diligencias, logramos ubicar a los cuatro due\u00f1os anteriores de nuestro furg\u00f3n.<br \/>\n<strong>&#8211; \u00bfEllos tuvieron alg\u00fan problema durante estos 22 a\u00f1os?<\/strong><br \/>\n&#8211; No. Todos estos exdue\u00f1os del veh\u00edculo nos informaron que ellos nunca tuvieron problemas con ese veh\u00edculo, yo tampoco hab\u00eda enfrentado problemas en controles con Carabineros.<br \/>\n<strong>&#8211; \u00bfQu\u00e9 lograron investigar en estos d\u00edas?<\/strong><br \/>\n&#8211; Con la investigaci\u00f3n que hicimos con este expediente, logramos comprobar que efectivamente ese a\u00f1o este furg\u00f3n fue robado de Los Andes el 17 de agosto de 1996, pero dos d\u00edas despu\u00e9s apareci\u00f3 en La Ligua, un mes despu\u00e9s lo devolvieron a Los Andes, el caso termin\u00f3 ah\u00ed, pero Carabineros nunca quit\u00f3 el Encargo por Robo.<br \/>\n<strong>&#8211; \u00bfC\u00f3mo te sientes tras haber sido ignorado por el Juzgado de Letras y Carabineros?<\/strong><br \/>\n&#8211; Nosotros sin ser polic\u00edas, a veces sin comer con mi madre, ella tiene 76 a\u00f1os de edad, no somos periodistas ni profesionales, me siento muy frustrado, enga\u00f1ado y vulnerado de mis derechos. Nosotros le hicimos la pega a la Fiscal\u00eda, le hicimos la pega a Carabineros, este lunes por ejemplo llegamos con la persona que denunci\u00f3 por Robo el auto en 1996, en Fiscal\u00eda ni en Carabineros quieren atendernos, ni tomar la declaraci\u00f3n de esta persona, don V\u00edctor Am\u00e9stica Herrera, siendo \u00e9l el autor de la denuncia.<br \/>\n<strong>&#8211; \u00bfPidieron ayuda en la Corporaci\u00f3n de Asistencia Judicial de San Felipe?<\/strong><br \/>\n&#8211; Don Jos\u00e9 Luis Parra, de la Defensor\u00eda, \u00e9l s\u00f3lo hizo un escrito para presentarlo en Fiscal\u00eda, pero pese a que le solicitamos que nos acompa\u00f1e, no quiso acompa\u00f1arnos en ninguna oportunidad.<\/p>\n<p><span style=\"color: #ff0000;\"><strong>SILENCIO POLICIAL<\/strong><\/span><br \/>\nDiario El Trabajo solicit\u00f3 respuesta al comisario de Carabineros de San Felipe, H\u00e9ctor Soto, quien tras o\u00edr nuestras consultas v\u00eda WhatsApp, no dio respuesta a la pregunta del porqu\u00e9 Carabineros San Felipe no acept\u00f3 la declaraci\u00f3n de la persona a quien supuestamente ellos, Carabineros, estaban localizando para liberar el furg\u00f3n e informar a Fiscal\u00eda. Seguiremos de cerca este caso.<br \/>\n<strong>Roberto Gonz\u00e1lez Short<\/strong><\/p>\n<figure id=\"attachment_84468\" aria-describedby=\"caption-attachment-84468\" style=\"width: 580px\" class=\"wp-caption alignnone\"><img data-recalc-dims=\"1\" loading=\"lazy\" decoding=\"async\" class=\"size-full wp-image-84468\" src=\"https:\/\/i0.wp.com\/www.eltrabajo.cl\/2017\/wp-content\/uploads\/2018\/01\/Furgon_Juan-Carlos-Vega.jpg?resize=580%2C400\" alt=\"HACIENDO LA PEGA.- Don Juan Carlos muestra a Diario El Trabajo el viejo expediente de la causa cerrada en octubre de 1996, en el mismo queda muy claro que el caso no deber\u00eda seguir activo.\" width=\"580\" height=\"400\" srcset=\"https:\/\/i0.wp.com\/eltrabajo.cl\/portal\/wp-content\/uploads\/2018\/01\/Furgon_Juan-Carlos-Vega.jpg?w=580&amp;ssl=1 580w, https:\/\/i0.wp.com\/eltrabajo.cl\/portal\/wp-content\/uploads\/2018\/01\/Furgon_Juan-Carlos-Vega.jpg?resize=200%2C138&amp;ssl=1 200w, https:\/\/i0.wp.com\/eltrabajo.cl\/portal\/wp-content\/uploads\/2018\/01\/Furgon_Juan-Carlos-Vega.jpg?resize=300%2C207&amp;ssl=1 300w, https:\/\/i0.wp.com\/eltrabajo.cl\/portal\/wp-content\/uploads\/2018\/01\/Furgon_Juan-Carlos-Vega.jpg?resize=218%2C150&amp;ssl=1 218w, https:\/\/i0.wp.com\/eltrabajo.cl\/portal\/wp-content\/uploads\/2018\/01\/Furgon_Juan-Carlos-Vega.jpg?resize=400%2C276&amp;ssl=1 400w\" sizes=\"auto, (max-width: 580px) 100vw, 580px\" \/><figcaption id=\"caption-attachment-84468\" class=\"wp-caption-text\">HACIENDO LA PEGA.- Don Juan Carlos muestra a Diario El Trabajo el viejo expediente de la causa cerrada en octubre de 1996, en el mismo queda muy claro que el caso no deber\u00eda seguir activo.<\/figcaption><\/figure>\n<figure id=\"attachment_84469\" aria-describedby=\"caption-attachment-84469\" style=\"width: 580px\" class=\"wp-caption alignnone\"><img data-recalc-dims=\"1\" loading=\"lazy\" decoding=\"async\" class=\"size-full wp-image-84469\" src=\"https:\/\/i0.wp.com\/www.eltrabajo.cl\/2017\/wp-content\/uploads\/2018\/01\/Furgon1-1.jpg?resize=580%2C400\" alt=\"El entonces Cabo 2\u00ba Carlos Flores Morales, de Los Andes, habr\u00eda en primera instancia anotado mal el nombre y apellidos del denunciante, generando todo el problema.\" width=\"580\" height=\"400\" srcset=\"https:\/\/i0.wp.com\/eltrabajo.cl\/portal\/wp-content\/uploads\/2018\/01\/Furgon1-1.jpg?w=580&amp;ssl=1 580w, https:\/\/i0.wp.com\/eltrabajo.cl\/portal\/wp-content\/uploads\/2018\/01\/Furgon1-1.jpg?resize=200%2C138&amp;ssl=1 200w, https:\/\/i0.wp.com\/eltrabajo.cl\/portal\/wp-content\/uploads\/2018\/01\/Furgon1-1.jpg?resize=300%2C207&amp;ssl=1 300w, https:\/\/i0.wp.com\/eltrabajo.cl\/portal\/wp-content\/uploads\/2018\/01\/Furgon1-1.jpg?resize=218%2C150&amp;ssl=1 218w, https:\/\/i0.wp.com\/eltrabajo.cl\/portal\/wp-content\/uploads\/2018\/01\/Furgon1-1.jpg?resize=400%2C276&amp;ssl=1 400w\" sizes=\"auto, (max-width: 580px) 100vw, 580px\" \/><figcaption id=\"caption-attachment-84469\" class=\"wp-caption-text\">El entonces Cabo 2\u00ba Carlos Flores Morales, de Los Andes, habr\u00eda en primera instancia anotado mal el nombre y apellidos del denunciante, generando todo el problema.<\/figcaption><\/figure>\n<figure id=\"attachment_84471\" aria-describedby=\"caption-attachment-84471\" style=\"width: 580px\" class=\"wp-caption alignnone\"><img data-recalc-dims=\"1\" loading=\"lazy\" decoding=\"async\" class=\"size-full wp-image-84471\" src=\"https:\/\/i0.wp.com\/www.eltrabajo.cl\/2017\/wp-content\/uploads\/2018\/01\/Furgon3.jpg?resize=580%2C399\" alt=\"\u00bfALGUIEN NO HACE BIEN SU TRABAJO? - El expediente del que Diario El Trabajo tiene una copia, demuestra claramente que el furg\u00f3n apareci\u00f3 dos d\u00edas despu\u00e9s abandonado, en La Ligua, sin embargo el sistema policial contin\u00faa report\u00e1ndolo como robado.\" width=\"580\" height=\"399\" srcset=\"https:\/\/i0.wp.com\/eltrabajo.cl\/portal\/wp-content\/uploads\/2018\/01\/Furgon3.jpg?w=580&amp;ssl=1 580w, https:\/\/i0.wp.com\/eltrabajo.cl\/portal\/wp-content\/uploads\/2018\/01\/Furgon3.jpg?resize=200%2C138&amp;ssl=1 200w, https:\/\/i0.wp.com\/eltrabajo.cl\/portal\/wp-content\/uploads\/2018\/01\/Furgon3.jpg?resize=300%2C206&amp;ssl=1 300w, https:\/\/i0.wp.com\/eltrabajo.cl\/portal\/wp-content\/uploads\/2018\/01\/Furgon3.jpg?resize=218%2C150&amp;ssl=1 218w, https:\/\/i0.wp.com\/eltrabajo.cl\/portal\/wp-content\/uploads\/2018\/01\/Furgon3.jpg?resize=400%2C275&amp;ssl=1 400w\" sizes=\"auto, (max-width: 580px) 100vw, 580px\" \/><figcaption id=\"caption-attachment-84471\" class=\"wp-caption-text\">\u00bfALGUIEN NO HACE BIEN SU TRABAJO? &#8211; El expediente del que Diario El Trabajo tiene una copia, demuestra claramente que el furg\u00f3n apareci\u00f3 dos d\u00edas despu\u00e9s abandonado, en La Ligua, sin embargo el sistema policial contin\u00faa report\u00e1ndolo como robado.<\/figcaption><\/figure>\n","protected":false},"excerpt":{"rendered":"<p>Pese a que abuelita y su hijo hicieron ya el trabajo investigativo:\u00a0La situaci\u00f3n que viven una adulta mayor y su hijo, modestos due\u00f1os de un viejo furg\u00f3n en poder de las autoridades,&#8230;<\/p>\n","protected":false},"author":1,"featured_media":84468,"comment_status":"open","ping_status":"open","sticky":false,"template":"","format":"standard","meta":{"advanced_seo_description":"","jetpack_seo_html_title":"","jetpack_seo_noindex":false,"_jetpack_memberships_contains_paid_content":false,"footnotes":""},"categories":[15],"tags":[],"class_list":["post-84467","post","type-post","status-publish","format-standard","has-post-thumbnail","hentry","category-comunidad"],"jetpack_featured_media_url":"https:\/\/i0.wp.com\/eltrabajo.cl\/portal\/wp-content\/uploads\/2018\/01\/Furgon_Juan-Carlos-Vega.jpg?fit=580%2C400&ssl=1","jetpack_sharing_enabled":true,"jetpack_likes_enabled":true,"jetpack-related-posts":[],"_links":{"self":[{"href":"https:\/\/eltrabajo.cl\/portal\/wp-json\/wp\/v2\/posts\/84467","targetHints":{"allow":["GET"]}}],"collection":[{"href":"https:\/\/eltrabajo.cl\/portal\/wp-json\/wp\/v2\/posts"}],"about":[{"href":"https:\/\/eltrabajo.cl\/portal\/wp-json\/wp\/v2\/types\/post"}],"author":[{"embeddable":true,"href":"https:\/\/eltrabajo.cl\/portal\/wp-json\/wp\/v2\/users\/1"}],"replies":[{"embeddable":true,"href":"https:\/\/eltrabajo.cl\/portal\/wp-json\/wp\/v2\/comments?post=84467"}],"version-history":[{"count":0,"href":"https:\/\/eltrabajo.cl\/portal\/wp-json\/wp\/v2\/posts\/84467\/revisions"}],"wp:featuredmedia":[{"embeddable":true,"href":"https:\/\/eltrabajo.cl\/portal\/wp-json\/wp\/v2\/media\/84468"}],"wp:attachment":[{"href":"https:\/\/eltrabajo.cl\/portal\/wp-json\/wp\/v2\/media?parent=84467"}],"wp:term":[{"taxonomy":"category","embeddable":true,"href":"https:\/\/eltrabajo.cl\/portal\/wp-json\/wp\/v2\/categories?post=84467"},{"taxonomy":"post_tag","embeddable":true,"href":"https:\/\/eltrabajo.cl\/portal\/wp-json\/wp\/v2\/tags?post=84467"}],"curies":[{"name":"wp","href":"https:\/\/api.w.org\/{rel}","templated":true}]}}