{"id":84497,"date":"2018-02-01T05:04:55","date_gmt":"2018-02-01T09:04:55","guid":{"rendered":"http:\/\/www.eltrabajo.cl\/2017\/?p=84497"},"modified":"2018-02-01T05:04:55","modified_gmt":"2018-02-01T09:04:55","slug":"regresa-palmenia-pizarro-a-su-festival-tras-cinco-anos-ausente","status":"publish","type":"post","link":"https:\/\/eltrabajo.cl\/portal\/regresa-palmenia-pizarro-a-su-festival-tras-cinco-anos-ausente\/","title":{"rendered":"Regresa Palmenia Pizarro a su festival, tras cinco a\u00f1os ausente"},"content":{"rendered":"<figure id=\"attachment_84499\" aria-describedby=\"caption-attachment-84499\" style=\"width: 579px\" class=\"wp-caption alignnone\"><img data-recalc-dims=\"1\" loading=\"lazy\" decoding=\"async\" class=\"size-full wp-image-84499\" src=\"https:\/\/i0.wp.com\/www.eltrabajo.cl\/2017\/wp-content\/uploads\/2018\/01\/Palmenia-Pizarro1.jpg?resize=579%2C386\" alt=\"GRANDE PALMENIA.- Los escenarios del mundo siguen abiertos para esta gran artista sanfelipe\u00f1a, ma\u00f1ana viernes ella regresar\u00e1 a su amada ciudad donde naci\u00f3.\" width=\"579\" height=\"386\" srcset=\"https:\/\/i0.wp.com\/eltrabajo.cl\/portal\/wp-content\/uploads\/2018\/01\/Palmenia-Pizarro1.jpg?w=579&amp;ssl=1 579w, https:\/\/i0.wp.com\/eltrabajo.cl\/portal\/wp-content\/uploads\/2018\/01\/Palmenia-Pizarro1.jpg?resize=200%2C133&amp;ssl=1 200w, https:\/\/i0.wp.com\/eltrabajo.cl\/portal\/wp-content\/uploads\/2018\/01\/Palmenia-Pizarro1.jpg?resize=300%2C200&amp;ssl=1 300w, https:\/\/i0.wp.com\/eltrabajo.cl\/portal\/wp-content\/uploads\/2018\/01\/Palmenia-Pizarro1.jpg?resize=225%2C150&amp;ssl=1 225w, https:\/\/i0.wp.com\/eltrabajo.cl\/portal\/wp-content\/uploads\/2018\/01\/Palmenia-Pizarro1.jpg?resize=400%2C267&amp;ssl=1 400w\" sizes=\"auto, (max-width: 579px) 100vw, 579px\" \/><figcaption id=\"caption-attachment-84499\" class=\"wp-caption-text\">GRANDE PALMENIA.- Los escenarios del mundo siguen abiertos para esta gran artista sanfelipe\u00f1a, ma\u00f1ana viernes ella regresar\u00e1 a su amada ciudad donde naci\u00f3.<\/figcaption><\/figure>\n<ul>\n<li><span style=\"color: #ff0000;\"><strong>Ma\u00f1ana viernes la veremos en el Estadio Municipal:<\/strong><\/span><\/li>\n<\/ul>\n<p>Ya s\u00f3lo falta un d\u00eda para que inicie el 19\u00ba Festival de la canci\u00f3n Palmenia Pizarro 2018, espectacular cita de grandes talentos que se desarrolla en honor a la cantante chilena Palmenia del Carmen Pizarro Gonz\u00e1lez, m\u00e1s conocida como Palmenia Pizarro, quien ayer habl\u00f3 en Exclusiva con Diario El Trabajo.<\/p>\n<p><span style=\"color: #ff0000;\"><strong>BREVE RESE\u00d1A<\/strong><\/span><br \/>\nHay que recordar que nuestra \u2018eterna reina\u2019 naci\u00f3 en San Felipe, en la localidad de El Almendral, su gusto por la m\u00fasica lo descubri\u00f3 en su infancia, cuando sus padres y su maestra la motivaron a iniciar una larga carrera, llena de dificultades, desde sus siete a\u00f1os de edad.<br \/>\nA los once a\u00f1os se mud\u00f3 la peque\u00f1a Palmenia a Santiago, ah\u00ed busc\u00f3 probar suerte como cantante, y cuando ten\u00eda la edad de 16, su talento fue valorado por algunas emisoras de radio, siendo entonces premiada como Mejor Int\u00e9rprete Folcl\u00f3rica. Su participaci\u00f3n en el concurso radial As\u00ed Canta Per\u00fa, en 1962, hizo que el sello EMI la contratara.<br \/>\nYa como profesional logr\u00f3 para el a\u00f1o 1963, impactar con canciones como Mi Pobreza y Amarga Experiencia, logrando ventas espectaculares. Sus shows fueron un \u00e9xito de taquilla, logrando tanto el reconocimiento de la Cr\u00edtica chilena como la del p\u00fablico. En la actualidad Palmenia Pizarro es la \u00fanica artista que, en vida, tiene un festival de este nivel y que lleva su nombre.<\/p>\n<p><span style=\"color: #ff0000;\"><strong>ESE CARI\u00d1O MALO<\/strong><\/span><br \/>\nFue con la canci\u00f3n Cari\u00f1o Malo, del compositor peruano Augusto Polo Campos, con la que Palmenia logr\u00f3 su consagraci\u00f3n. Sin embargo, una serie de hechos, exacerbados por algunos periodistas y presentadores de televisi\u00f3n chilenos, (incluyendo a Don Francisco), la obligaron a radicarse en M\u00e9xico, en donde a partir de una presentaci\u00f3n en el programa de Televisa, Siempre en Domingo y de la mano de la gran Chavela Vargas, logr\u00f3 una exitosa carrera en ese pa\u00eds. Desde ah\u00ed consigui\u00f3 el reconocimiento necesario para comenzar una fruct\u00edfera carrera internacional, misma que la llev\u00f3 a presentarse en pa\u00edses como Australia, Estados Unidos, Argentina y Jap\u00f3n (donde conoci\u00f3 a Atahualpa Yupanqui); en este \u00faltimo pa\u00eds, grab\u00f3 dos canciones en japon\u00e9s.<\/p>\n<p><span style=\"color: #ff0000;\"><strong>SIEMPRE PALMENIA<\/strong><\/span><br \/>\nHoy, tras 19 a\u00f1os de vigencia del festival musical sanfelipe\u00f1o que lleva su nombre, Palmenia comparti\u00f3 algunas palabras para los lectores de Diario El Trabajo.<br \/>\n<strong>&#8211; \u00bfDesde hace cu\u00e1ntos a\u00f1os no participas en este festival que lleva tu nombre, y c\u00f3mo te sientes con este tu retorno?<\/strong><br \/>\n&#8211; No participo desde hace cinco a\u00f1os que no me presento en el festival. Siento una emoci\u00f3n muy grande y ansiedad de saber que cantar\u00e1n conmigo el Himno de Uni\u00f3n San Felipe, espero tambi\u00e9n que canten conmigo todas mis canciones, ser\u00eda el mejor regalo para celebrar mis 55 a\u00f1os de trayectoria ininterrumpida.<br \/>\n<strong>&#8211; \u00bfQu\u00e9 nos presentar\u00e1s este viernes en tu festival?<\/strong><br \/>\n&#8211; Har\u00e9 un recorrido por mis grandes \u00e9xitos, grandes canciones y tambi\u00e9n una gran sorpresa. A los lectores de Diario El Trabajo les digo que los amo, a toda la ciudad, a mi familia y a El Almendral.<br \/>\n<strong>&#8211; \u00bfQu\u00e9 opinas de que con los a\u00f1os sigan llegando artistas del m\u00e1s alto nivel a tu festival?<\/strong><br \/>\n&#8211; Que lleguen artistas consagrados, no s\u00f3lo es muy gratificante para m\u00ed, San Felipe todo debe valorar y cuidar el festival, para que trascienda en el tiempo. Piensa t\u00fa, que en la misma regi\u00f3n, est\u00e1n los dos festivales m\u00e1s grandes de Chile.<\/p>\n<p><span style=\"color: #ff0000;\"><strong>\u00abNUESTRA REGALONA\u00bb<\/strong><\/span><br \/>\nDiario El Trabajo habl\u00f3 con el alcalde Patricio Freire, quien emocionado asegur\u00f3 que \u00abes una gran dicha poder tener tras cinco a\u00f1os de ausencia, a nuestra gran artista Palmenia Pizarro, ella es nuestra regalona, tambi\u00e9n ser\u00e1 para nosotros un enorme placer el poder corear sus canciones, Cari\u00f1o malo y tantas otras interpretaciones, en San Felipe se le quiere mucho y sabemos que en El Almendral es la m\u00e1s regaloneada, todas las familias de nuestra comuna no pueden perderse este festival tan nuestro\u00bb, dijo Freire.<br \/>\nLas puertas del estadio municipal se abrir\u00e1n cerca de las 19:30 horas y la entrada es totalmente liberada.<br \/>\n<strong>Roberto Gonz\u00e1lez Short<\/strong><\/p>\n<figure id=\"attachment_84498\" aria-describedby=\"caption-attachment-84498\" style=\"width: 579px\" class=\"wp-caption alignnone\"><img data-recalc-dims=\"1\" loading=\"lazy\" decoding=\"async\" class=\"size-full wp-image-84498\" src=\"https:\/\/i0.wp.com\/www.eltrabajo.cl\/2017\/wp-content\/uploads\/2018\/01\/Palmenia-Pizarro_Patricio-Freire.jpg?resize=579%2C614\" alt=\"Patricio Freire, alcalde de San Felipe.\" width=\"579\" height=\"614\" srcset=\"https:\/\/i0.wp.com\/eltrabajo.cl\/portal\/wp-content\/uploads\/2018\/01\/Palmenia-Pizarro_Patricio-Freire.jpg?w=579&amp;ssl=1 579w, https:\/\/i0.wp.com\/eltrabajo.cl\/portal\/wp-content\/uploads\/2018\/01\/Palmenia-Pizarro_Patricio-Freire.jpg?resize=141%2C150&amp;ssl=1 141w, https:\/\/i0.wp.com\/eltrabajo.cl\/portal\/wp-content\/uploads\/2018\/01\/Palmenia-Pizarro_Patricio-Freire.jpg?resize=283%2C300&amp;ssl=1 283w, https:\/\/i0.wp.com\/eltrabajo.cl\/portal\/wp-content\/uploads\/2018\/01\/Palmenia-Pizarro_Patricio-Freire.jpg?resize=400%2C424&amp;ssl=1 400w\" sizes=\"auto, (max-width: 579px) 100vw, 579px\" \/><figcaption id=\"caption-attachment-84498\" class=\"wp-caption-text\">Patricio Freire, alcalde de San Felipe.<\/figcaption><\/figure>\n<figure id=\"attachment_84500\" aria-describedby=\"caption-attachment-84500\" style=\"width: 579px\" class=\"wp-caption alignnone\"><img data-recalc-dims=\"1\" loading=\"lazy\" decoding=\"async\" class=\"size-full wp-image-84500\" src=\"https:\/\/i0.wp.com\/www.eltrabajo.cl\/2017\/wp-content\/uploads\/2018\/01\/Palmenia-Pizarro2.jpg?resize=579%2C653\" alt=\"TALENTO Y FIGURA.- Bien se puede decir que esta artista es \u2018El Alma de la fiesta\u2019, pues el Festival de la canci\u00f3n Palmenia Pizarro 2018 lleva su nombre.\" width=\"579\" height=\"653\" srcset=\"https:\/\/i0.wp.com\/eltrabajo.cl\/portal\/wp-content\/uploads\/2018\/01\/Palmenia-Pizarro2.jpg?w=579&amp;ssl=1 579w, https:\/\/i0.wp.com\/eltrabajo.cl\/portal\/wp-content\/uploads\/2018\/01\/Palmenia-Pizarro2.jpg?resize=133%2C150&amp;ssl=1 133w, https:\/\/i0.wp.com\/eltrabajo.cl\/portal\/wp-content\/uploads\/2018\/01\/Palmenia-Pizarro2.jpg?resize=266%2C300&amp;ssl=1 266w, https:\/\/i0.wp.com\/eltrabajo.cl\/portal\/wp-content\/uploads\/2018\/01\/Palmenia-Pizarro2.jpg?resize=400%2C451&amp;ssl=1 400w\" sizes=\"auto, (max-width: 579px) 100vw, 579px\" \/><figcaption id=\"caption-attachment-84500\" class=\"wp-caption-text\">TALENTO Y FIGURA.- Bien se puede decir que esta artista es \u2018El Alma de la fiesta\u2019, pues el Festival de la canci\u00f3n Palmenia Pizarro 2018 lleva su nombre.<\/figcaption><\/figure>\n","protected":false},"excerpt":{"rendered":"<p>Ma\u00f1ana viernes la veremos en el Estadio Municipal: Ya s\u00f3lo falta un d\u00eda para que inicie el 19\u00ba Festival de la canci\u00f3n Palmenia Pizarro 2018, espectacular cita de grandes talentos que se&#8230;<\/p>\n","protected":false},"author":1,"featured_media":84499,"comment_status":"open","ping_status":"open","sticky":false,"template":"","format":"standard","meta":{"advanced_seo_description":"","jetpack_seo_html_title":"","jetpack_seo_noindex":false,"_jetpack_memberships_contains_paid_content":false,"footnotes":""},"categories":[15],"tags":[],"class_list":["post-84497","post","type-post","status-publish","format-standard","has-post-thumbnail","hentry","category-comunidad"],"jetpack_featured_media_url":"https:\/\/i0.wp.com\/eltrabajo.cl\/portal\/wp-content\/uploads\/2018\/01\/Palmenia-Pizarro1.jpg?fit=579%2C386&ssl=1","jetpack_sharing_enabled":true,"jetpack_likes_enabled":true,"jetpack-related-posts":[],"_links":{"self":[{"href":"https:\/\/eltrabajo.cl\/portal\/wp-json\/wp\/v2\/posts\/84497","targetHints":{"allow":["GET"]}}],"collection":[{"href":"https:\/\/eltrabajo.cl\/portal\/wp-json\/wp\/v2\/posts"}],"about":[{"href":"https:\/\/eltrabajo.cl\/portal\/wp-json\/wp\/v2\/types\/post"}],"author":[{"embeddable":true,"href":"https:\/\/eltrabajo.cl\/portal\/wp-json\/wp\/v2\/users\/1"}],"replies":[{"embeddable":true,"href":"https:\/\/eltrabajo.cl\/portal\/wp-json\/wp\/v2\/comments?post=84497"}],"version-history":[{"count":0,"href":"https:\/\/eltrabajo.cl\/portal\/wp-json\/wp\/v2\/posts\/84497\/revisions"}],"wp:featuredmedia":[{"embeddable":true,"href":"https:\/\/eltrabajo.cl\/portal\/wp-json\/wp\/v2\/media\/84499"}],"wp:attachment":[{"href":"https:\/\/eltrabajo.cl\/portal\/wp-json\/wp\/v2\/media?parent=84497"}],"wp:term":[{"taxonomy":"category","embeddable":true,"href":"https:\/\/eltrabajo.cl\/portal\/wp-json\/wp\/v2\/categories?post=84497"},{"taxonomy":"post_tag","embeddable":true,"href":"https:\/\/eltrabajo.cl\/portal\/wp-json\/wp\/v2\/tags?post=84497"}],"curies":[{"name":"wp","href":"https:\/\/api.w.org\/{rel}","templated":true}]}}