{"id":84526,"date":"2018-02-02T05:04:59","date_gmt":"2018-02-02T09:04:59","guid":{"rendered":"http:\/\/www.eltrabajo.cl\/2017\/?p=84526"},"modified":"2018-02-02T05:04:59","modified_gmt":"2018-02-02T09:04:59","slug":"vecina-con-quistes-plantales-reclama-que-medicos-no-le-renuevan-licencia-medica","status":"publish","type":"post","link":"https:\/\/eltrabajo.cl\/portal\/vecina-con-quistes-plantales-reclama-que-medicos-no-le-renuevan-licencia-medica\/","title":{"rendered":"Vecina con quistes plantales reclama que m\u00e9dicos no le renuevan licencia m\u00e9dica"},"content":{"rendered":"<figure id=\"attachment_84529\" aria-describedby=\"caption-attachment-84529\" style=\"width: 580px\" class=\"wp-caption alignnone\"><img data-recalc-dims=\"1\" loading=\"lazy\" decoding=\"async\" class=\"size-full wp-image-84529\" src=\"https:\/\/i0.wp.com\/www.eltrabajo.cl\/2017\/wp-content\/uploads\/2018\/02\/Queja-Licencia1.jpg?resize=580%2C400\" alt=\"INTENSOS DOLORES.- As\u00ed lucen las plantas de los pies de do\u00f1a Griselda, ella solicita que le operen de nuevo.\" width=\"580\" height=\"400\" srcset=\"https:\/\/i0.wp.com\/eltrabajo.cl\/portal\/wp-content\/uploads\/2018\/02\/Queja-Licencia1.jpg?w=580&amp;ssl=1 580w, https:\/\/i0.wp.com\/eltrabajo.cl\/portal\/wp-content\/uploads\/2018\/02\/Queja-Licencia1.jpg?resize=200%2C138&amp;ssl=1 200w, https:\/\/i0.wp.com\/eltrabajo.cl\/portal\/wp-content\/uploads\/2018\/02\/Queja-Licencia1.jpg?resize=300%2C207&amp;ssl=1 300w, https:\/\/i0.wp.com\/eltrabajo.cl\/portal\/wp-content\/uploads\/2018\/02\/Queja-Licencia1.jpg?resize=218%2C150&amp;ssl=1 218w, https:\/\/i0.wp.com\/eltrabajo.cl\/portal\/wp-content\/uploads\/2018\/02\/Queja-Licencia1.jpg?resize=400%2C276&amp;ssl=1 400w\" sizes=\"auto, (max-width: 580px) 100vw, 580px\" \/><figcaption id=\"caption-attachment-84529\" class=\"wp-caption-text\">INTENSOS DOLORES.- As\u00ed lucen las plantas de los pies de do\u00f1a Griselda, ella solicita que le operen de nuevo.<\/figcaption><\/figure>\n<p><span style=\"color: #ff0000;\"><strong>Dr. Foncea asegura que ella abandon\u00f3 sus tratamientos:<\/strong><\/span><\/p>\n<p>Una vecina sanfelipe\u00f1a visit\u00f3 nuestra Sala de Redacci\u00f3n para denunciar la situaci\u00f3n que viene sufriendo desde hace dos a\u00f1os, cuando le aparecieron quistes en sus plantas de los pies, lo que le llev\u00f3 a tener que someterse a dolorosas operaciones para extirparlos, quedando por tal motivo sometida a dos a\u00f1os de licencias m\u00e9dicas, mismas que hace pocos d\u00edas ya le fueron suspendidas.<br \/>\nEn su reclamo, do\u00f1a Griselda Reinoso Montoya explica que nuevamente los quistes han aparecido, los dolores tambi\u00e9n y para empeorar su situaci\u00f3n, le han informado en el Compin de San Felipe que ya no tiene renovaci\u00f3n de licencias m\u00e9dicas.<br \/>\n\u00abSoy empleada de la empresa de aseo ISS desde hace cinco a\u00f1os, hace dos a\u00f1os me operaron de quistes plantales, desde entonces llevo estos dos a\u00f1os con licencia m\u00e9dica, mi problema es que el 22 de enero ya no me renovaron este recurso, me mandaron a trabajar. El problema es que tambi\u00e9n me estoy jubilando por Invalidez y entiendo que debo seguir con licencia, no puedo caminar, mis dolores son intensos y a\u00fan me quedan quistes en mis pies, ya me han operado varias veces, pero salieron otros nuevos quistes. Los m\u00e9dicos en el hospital de Los Andes determinaron que ya no se me entreguen m\u00e1s licencias, ellos, los m\u00e9dicos, argumentan que es porque yo no hice unas terapias de kinesiolog\u00eda, pero ya yo las hab\u00eda hecho cuando me operaron la primera vez, lo que yo necesito es que me saquen estos quistes, pues con esas terapias salgo llorando del dolor\u00bb, dice la afectada.<br \/>\nLa fibromatosis plantar que sufre do\u00f1a Griselda, tambi\u00e9n llamada enfermedad de Ledderhose o fibromatosis de la aponeurosis plantar, en una enfermedad de car\u00e1cter benigno que se caracteriza por la aparici\u00f3n de tejido fibroso proliferativo en la aponeurosis de la planta del pie.<\/p>\n<p><span style=\"color: #ff0000;\"><strong>DEJ\u00d3 TRATAMIENTO<\/strong><\/span><br \/>\nDiario El Trabajo habl\u00f3 con el subdirector m\u00e9dico del Servicio de Salud Aconcagua, Dr. Luis Foncea, quien sobre este caso se\u00f1al\u00f3 que \u00abseg\u00fan los antecedentes que manejamos del caso de do\u00f1a Griselda, ella ha venido siendo atendida en Traumatolog\u00eda del hospital de Los Andes. La lesi\u00f3n por la que ella ha sido intervenida y a solicitud de ella misma ha sido evaluada para una segunda opini\u00f3n en el Hospital Cl\u00ednico de la Universidad de Chile por un m\u00e9dico, seg\u00fan la opini\u00f3n de los especialistas esta no es una patolog\u00eda de resoluci\u00f3n quir\u00fargica en este momento, es otro tipo de resoluci\u00f3n, no hay una resoluci\u00f3n quir\u00fargica definitiva, a\u00fan no se le ha dado De Alta, pero el tratamiento tiene que ser con medicamentos, con unas plantillas y con kinesioterapia. Sin embargo y es \u00e9se el problema, la se\u00f1ora no ha asistido a la kinesioterapia, ni al tema de las plantillas y tampoco a retirar los medicamentos, o sea, el tratamiento no se ha completado, entonces dif\u00edcilmente podr\u00edamos determinar si tenemos que volver a operar si el tratamiento indicado ella no lo completa, eso en la parte cl\u00ednica. En cuanto al tema administrativo, mientras el m\u00e9dico tratante no determine que existe una invalidez superior a los dos tercios de sus capacidades totales, no hay un tr\u00e1mite de pensi\u00f3n como tal (\u2026) en ambas partes el tratamiento est\u00e1 inconcluso, nosotros estamos llanos a retomar este caso si do\u00f1a Griselda se acerca a nuestras oficinas para que complete los controles y tratamientos\u00bb, explic\u00f3 el galeno.<br \/>\n<strong>Roberto Gonz\u00e1lez Short<\/strong><\/p>\n<figure id=\"attachment_84527\" aria-describedby=\"caption-attachment-84527\" style=\"width: 580px\" class=\"wp-caption alignnone\"><img data-recalc-dims=\"1\" loading=\"lazy\" decoding=\"async\" class=\"size-full wp-image-84527\" src=\"https:\/\/i0.wp.com\/www.eltrabajo.cl\/2017\/wp-content\/uploads\/2018\/02\/Queja-Licencia_Griselda-Reinoso.jpg?resize=580%2C399\" alt=\"Griselda Reinoso, empleada que sufre quistes plantales desde hace dos a\u00f1os.\" width=\"580\" height=\"399\" srcset=\"https:\/\/i0.wp.com\/eltrabajo.cl\/portal\/wp-content\/uploads\/2018\/02\/Queja-Licencia_Griselda-Reinoso.jpg?w=580&amp;ssl=1 580w, https:\/\/i0.wp.com\/eltrabajo.cl\/portal\/wp-content\/uploads\/2018\/02\/Queja-Licencia_Griselda-Reinoso.jpg?resize=200%2C138&amp;ssl=1 200w, https:\/\/i0.wp.com\/eltrabajo.cl\/portal\/wp-content\/uploads\/2018\/02\/Queja-Licencia_Griselda-Reinoso.jpg?resize=300%2C206&amp;ssl=1 300w, https:\/\/i0.wp.com\/eltrabajo.cl\/portal\/wp-content\/uploads\/2018\/02\/Queja-Licencia_Griselda-Reinoso.jpg?resize=218%2C150&amp;ssl=1 218w, https:\/\/i0.wp.com\/eltrabajo.cl\/portal\/wp-content\/uploads\/2018\/02\/Queja-Licencia_Griselda-Reinoso.jpg?resize=400%2C275&amp;ssl=1 400w\" sizes=\"auto, (max-width: 580px) 100vw, 580px\" \/><figcaption id=\"caption-attachment-84527\" class=\"wp-caption-text\">Griselda Reinoso, empleada que sufre quistes plantales desde hace dos a\u00f1os.<\/figcaption><\/figure>\n<figure id=\"attachment_84528\" aria-describedby=\"caption-attachment-84528\" style=\"width: 580px\" class=\"wp-caption alignnone\"><img data-recalc-dims=\"1\" loading=\"lazy\" decoding=\"async\" class=\"size-full wp-image-84528\" src=\"https:\/\/i0.wp.com\/www.eltrabajo.cl\/2017\/wp-content\/uploads\/2018\/02\/Queja-Licencia_Luis-Foncea.jpg?resize=580%2C399\" alt=\"Subdirector m\u00e9dico del Servicio de Salud Aconcagua, Dr. Luis Foncea.\" width=\"580\" height=\"399\" srcset=\"https:\/\/i0.wp.com\/eltrabajo.cl\/portal\/wp-content\/uploads\/2018\/02\/Queja-Licencia_Luis-Foncea.jpg?w=580&amp;ssl=1 580w, https:\/\/i0.wp.com\/eltrabajo.cl\/portal\/wp-content\/uploads\/2018\/02\/Queja-Licencia_Luis-Foncea.jpg?resize=200%2C138&amp;ssl=1 200w, https:\/\/i0.wp.com\/eltrabajo.cl\/portal\/wp-content\/uploads\/2018\/02\/Queja-Licencia_Luis-Foncea.jpg?resize=300%2C206&amp;ssl=1 300w, https:\/\/i0.wp.com\/eltrabajo.cl\/portal\/wp-content\/uploads\/2018\/02\/Queja-Licencia_Luis-Foncea.jpg?resize=218%2C150&amp;ssl=1 218w, https:\/\/i0.wp.com\/eltrabajo.cl\/portal\/wp-content\/uploads\/2018\/02\/Queja-Licencia_Luis-Foncea.jpg?resize=400%2C275&amp;ssl=1 400w\" sizes=\"auto, (max-width: 580px) 100vw, 580px\" \/><figcaption id=\"caption-attachment-84528\" class=\"wp-caption-text\">Subdirector m\u00e9dico del Servicio de Salud Aconcagua, Dr. Luis Foncea.<\/figcaption><\/figure>\n<figure id=\"attachment_84530\" aria-describedby=\"caption-attachment-84530\" style=\"width: 580px\" class=\"wp-caption alignnone\"><img data-recalc-dims=\"1\" loading=\"lazy\" decoding=\"async\" class=\"size-full wp-image-84530\" src=\"https:\/\/i0.wp.com\/www.eltrabajo.cl\/2017\/wp-content\/uploads\/2018\/02\/Queja-Licencia2.jpg?resize=580%2C400\" alt=\"OPERADA DOS VECES.- La fibromatosis plantar que sufre do\u00f1a Griselda, tambi\u00e9n llamada enfermedad de Ledderhose o fibromatosis de la aponeurosis plantar, en una enfermedad de car\u00e1cter benigno que se caracteriza por la aparici\u00f3n de tejido fibroso proliferativo en la aponeurosis de la planta del pie. (Referencial)\" width=\"580\" height=\"400\" srcset=\"https:\/\/i0.wp.com\/eltrabajo.cl\/portal\/wp-content\/uploads\/2018\/02\/Queja-Licencia2.jpg?w=580&amp;ssl=1 580w, https:\/\/i0.wp.com\/eltrabajo.cl\/portal\/wp-content\/uploads\/2018\/02\/Queja-Licencia2.jpg?resize=200%2C138&amp;ssl=1 200w, https:\/\/i0.wp.com\/eltrabajo.cl\/portal\/wp-content\/uploads\/2018\/02\/Queja-Licencia2.jpg?resize=300%2C207&amp;ssl=1 300w, https:\/\/i0.wp.com\/eltrabajo.cl\/portal\/wp-content\/uploads\/2018\/02\/Queja-Licencia2.jpg?resize=218%2C150&amp;ssl=1 218w, https:\/\/i0.wp.com\/eltrabajo.cl\/portal\/wp-content\/uploads\/2018\/02\/Queja-Licencia2.jpg?resize=400%2C276&amp;ssl=1 400w\" sizes=\"auto, (max-width: 580px) 100vw, 580px\" \/><figcaption id=\"caption-attachment-84530\" class=\"wp-caption-text\">OPERADA DOS VECES.- La fibromatosis plantar que sufre do\u00f1a Griselda, tambi\u00e9n llamada enfermedad de Ledderhose o fibromatosis de la aponeurosis plantar, en una enfermedad de car\u00e1cter benigno que se caracteriza por la aparici\u00f3n de tejido fibroso proliferativo en la aponeurosis de la planta del pie. (Referencial)<\/figcaption><\/figure>\n","protected":false},"excerpt":{"rendered":"<p>Dr. Foncea asegura que ella abandon\u00f3 sus tratamientos: Una vecina sanfelipe\u00f1a visit\u00f3 nuestra Sala de Redacci\u00f3n para denunciar la situaci\u00f3n que viene sufriendo desde hace dos a\u00f1os, cuando le aparecieron quistes en&#8230;<\/p>\n","protected":false},"author":1,"featured_media":84529,"comment_status":"open","ping_status":"open","sticky":false,"template":"","format":"standard","meta":{"advanced_seo_description":"","jetpack_seo_html_title":"","jetpack_seo_noindex":false,"_jetpack_memberships_contains_paid_content":false,"footnotes":""},"categories":[15],"tags":[],"class_list":["post-84526","post","type-post","status-publish","format-standard","has-post-thumbnail","hentry","category-comunidad"],"jetpack_featured_media_url":"https:\/\/i0.wp.com\/eltrabajo.cl\/portal\/wp-content\/uploads\/2018\/02\/Queja-Licencia1.jpg?fit=580%2C400&ssl=1","jetpack_sharing_enabled":true,"jetpack_likes_enabled":true,"jetpack-related-posts":[],"_links":{"self":[{"href":"https:\/\/eltrabajo.cl\/portal\/wp-json\/wp\/v2\/posts\/84526","targetHints":{"allow":["GET"]}}],"collection":[{"href":"https:\/\/eltrabajo.cl\/portal\/wp-json\/wp\/v2\/posts"}],"about":[{"href":"https:\/\/eltrabajo.cl\/portal\/wp-json\/wp\/v2\/types\/post"}],"author":[{"embeddable":true,"href":"https:\/\/eltrabajo.cl\/portal\/wp-json\/wp\/v2\/users\/1"}],"replies":[{"embeddable":true,"href":"https:\/\/eltrabajo.cl\/portal\/wp-json\/wp\/v2\/comments?post=84526"}],"version-history":[{"count":0,"href":"https:\/\/eltrabajo.cl\/portal\/wp-json\/wp\/v2\/posts\/84526\/revisions"}],"wp:featuredmedia":[{"embeddable":true,"href":"https:\/\/eltrabajo.cl\/portal\/wp-json\/wp\/v2\/media\/84529"}],"wp:attachment":[{"href":"https:\/\/eltrabajo.cl\/portal\/wp-json\/wp\/v2\/media?parent=84526"}],"wp:term":[{"taxonomy":"category","embeddable":true,"href":"https:\/\/eltrabajo.cl\/portal\/wp-json\/wp\/v2\/categories?post=84526"},{"taxonomy":"post_tag","embeddable":true,"href":"https:\/\/eltrabajo.cl\/portal\/wp-json\/wp\/v2\/tags?post=84526"}],"curies":[{"name":"wp","href":"https:\/\/api.w.org\/{rel}","templated":true}]}}