{"id":84532,"date":"2018-02-02T05:05:52","date_gmt":"2018-02-02T09:05:52","guid":{"rendered":"http:\/\/www.eltrabajo.cl\/2017\/?p=84532"},"modified":"2018-02-02T05:05:52","modified_gmt":"2018-02-02T09:05:52","slug":"completada-para-ir-en-ayuda-de-cuartelero-que-padece-grave-enfermedad","status":"publish","type":"post","link":"https:\/\/eltrabajo.cl\/portal\/completada-para-ir-en-ayuda-de-cuartelero-que-padece-grave-enfermedad\/","title":{"rendered":"\u2018Completada\u2019 para ir en ayuda de cuartelero que padece grave enfermedad"},"content":{"rendered":"<figure id=\"attachment_84533\" aria-describedby=\"caption-attachment-84533\" style=\"width: 577px\" class=\"wp-caption alignnone\"><img data-recalc-dims=\"1\" loading=\"lazy\" decoding=\"async\" class=\"size-full wp-image-84533\" src=\"https:\/\/i0.wp.com\/www.eltrabajo.cl\/2017\/wp-content\/uploads\/2018\/02\/Cuartelero-2.jpg?resize=577%2C400\" alt=\"Arturo P\u00e9rez Quinteros recibiendo su galard\u00f3n por su destacado trabajo.\" width=\"577\" height=\"400\" srcset=\"https:\/\/i0.wp.com\/eltrabajo.cl\/portal\/wp-content\/uploads\/2018\/02\/Cuartelero-2.jpg?w=577&amp;ssl=1 577w, https:\/\/i0.wp.com\/eltrabajo.cl\/portal\/wp-content\/uploads\/2018\/02\/Cuartelero-2.jpg?resize=200%2C139&amp;ssl=1 200w, https:\/\/i0.wp.com\/eltrabajo.cl\/portal\/wp-content\/uploads\/2018\/02\/Cuartelero-2.jpg?resize=300%2C208&amp;ssl=1 300w, https:\/\/i0.wp.com\/eltrabajo.cl\/portal\/wp-content\/uploads\/2018\/02\/Cuartelero-2.jpg?resize=216%2C150&amp;ssl=1 216w, https:\/\/i0.wp.com\/eltrabajo.cl\/portal\/wp-content\/uploads\/2018\/02\/Cuartelero-2.jpg?resize=400%2C277&amp;ssl=1 400w\" sizes=\"auto, (max-width: 577px) 100vw, 577px\" \/><figcaption id=\"caption-attachment-84533\" class=\"wp-caption-text\">Arturo P\u00e9rez Quinteros recibiendo su galard\u00f3n por su destacado trabajo.<\/figcaption><\/figure>\n<ul>\n<li><span style=\"color: #ff0000;\"><strong>Este s\u00e1bado en la Cuarta Compa\u00f1\u00eda de Bomberos:<\/strong><\/span><\/li>\n<\/ul>\n<p>Para ir en ayuda de su cuartelero Arturo P\u00e9rez Quinteros que est\u00e1 padeciendo una grave enfermedad, la Cuarta Compa\u00f1\u00eda de Bomberos de San Felipe va a realizar una venta de completos ma\u00f1ana s\u00e1bado 3 de febrero en el mismo cuartel ubicado en la Poblaci\u00f3n Pedro Aguirre Cerda, para ir en ayuda de la familia y poder de esa manera cubrir algunos gastos que est\u00e1 demandando.<br \/>\nAs\u00ed lo inform\u00f3 el Bombero Luis Jara, quien se\u00f1al\u00f3 que \u201cel beneficio en que estamos orientados organizar, es para ir en ayuda de nuestro querido amigo cuartelero Arturo P\u00e9rez Quinteros, \u00e9l atraviesa por una delicada enfermedad, est\u00e1 en estos momentos hospitalizado y lo m\u00e1s probable es que requiera de un traslado a Valpara\u00edso, unos ex\u00e1menes posteriores es por eso que la Cuarta Compa\u00f1\u00eda ha organizado un evento solidario que consiste en una completada\u201d.<br \/>\nReiter\u00f3 que este beneficio es para cubrir todos los gastos que requiera la familia, \u201cporque usted comprender\u00e1 lo que significa una enfermedad grave y que requiere de mucho medicamento, ex\u00e1menes, y una vez m\u00e1s los bomberos estamos acompa\u00f1ando al que est\u00e1 en esas condiciones\u201d, indic\u00f3 Jara.<br \/>\nLa venta de completos va a comenzar a eso de las 16:00 y hasta las 20:00 horas en el cuarte de la Cuarta Compa\u00f1\u00eda que est\u00e1 ubicado detr\u00e1s del Liceo de Ni\u00f1as en la poblaci\u00f3n Pedro Aguirre Cerda.<br \/>\n\u201cPor eso estamos empe\u00f1ados en invitar a la comunidad a que nos colabore, Arturo nuestro cuartelero lleva m\u00e1s de 20 a\u00f1os trabajando con nosotros, es una excelente persona, es trabajador, lo distinguimos d\u00edas atr\u00e1s en nuestro aniversario por todo el trabajo que desarrolla, actualmente lleva diez d\u00edas hospitalizado\u201d, se\u00f1al\u00f3 Jara.<br \/>\nReiter\u00f3 la invitaci\u00f3n a cooperar con el cuartelero de la Cuarta Compa\u00f1\u00eda de Bomberos de San Felipe que padece una grave enfermedad que al parecer por los indicios se tratar\u00eda de un c\u00e1ncer.<br \/>\nRecuerde este s\u00e1bado 3 de febrero, a contar de las cuatro de la tarde y hasta las ocho de la noche, habr\u00e1 venta de completos en el cuartel de la Cuarta Compa\u00f1\u00eda de Bomberos de San Felipe, ubicado en la poblaci\u00f3n Pedro Aguirre Cerda.<\/p>\n<figure id=\"attachment_84534\" aria-describedby=\"caption-attachment-84534\" style=\"width: 580px\" class=\"wp-caption alignnone\"><img data-recalc-dims=\"1\" loading=\"lazy\" decoding=\"async\" class=\"size-full wp-image-84534\" src=\"https:\/\/i0.wp.com\/www.eltrabajo.cl\/2017\/wp-content\/uploads\/2018\/02\/Cuartelero.jpg?resize=580%2C399\" alt=\"El Cuartelero Arturo P\u00e9rez en plena faena en el carro de bomberos.\" width=\"580\" height=\"399\" srcset=\"https:\/\/i0.wp.com\/eltrabajo.cl\/portal\/wp-content\/uploads\/2018\/02\/Cuartelero.jpg?w=580&amp;ssl=1 580w, https:\/\/i0.wp.com\/eltrabajo.cl\/portal\/wp-content\/uploads\/2018\/02\/Cuartelero.jpg?resize=200%2C138&amp;ssl=1 200w, https:\/\/i0.wp.com\/eltrabajo.cl\/portal\/wp-content\/uploads\/2018\/02\/Cuartelero.jpg?resize=300%2C206&amp;ssl=1 300w, https:\/\/i0.wp.com\/eltrabajo.cl\/portal\/wp-content\/uploads\/2018\/02\/Cuartelero.jpg?resize=218%2C150&amp;ssl=1 218w, https:\/\/i0.wp.com\/eltrabajo.cl\/portal\/wp-content\/uploads\/2018\/02\/Cuartelero.jpg?resize=400%2C275&amp;ssl=1 400w\" sizes=\"auto, (max-width: 580px) 100vw, 580px\" \/><figcaption id=\"caption-attachment-84534\" class=\"wp-caption-text\">El Cuartelero Arturo P\u00e9rez en plena faena en el carro de bomberos.<\/figcaption><\/figure>\n","protected":false},"excerpt":{"rendered":"<p>Este s\u00e1bado en la Cuarta Compa\u00f1\u00eda de Bomberos: Para ir en ayuda de su cuartelero Arturo P\u00e9rez Quinteros que est\u00e1 padeciendo una grave enfermedad, la Cuarta Compa\u00f1\u00eda de Bomberos de San Felipe&#8230;<\/p>\n","protected":false},"author":1,"featured_media":84534,"comment_status":"open","ping_status":"open","sticky":false,"template":"","format":"standard","meta":{"advanced_seo_description":"","jetpack_seo_html_title":"","jetpack_seo_noindex":false,"_jetpack_memberships_contains_paid_content":false,"footnotes":""},"categories":[15],"tags":[],"class_list":["post-84532","post","type-post","status-publish","format-standard","has-post-thumbnail","hentry","category-comunidad"],"jetpack_featured_media_url":"https:\/\/i0.wp.com\/eltrabajo.cl\/portal\/wp-content\/uploads\/2018\/02\/Cuartelero.jpg?fit=580%2C399&ssl=1","jetpack_sharing_enabled":true,"jetpack_likes_enabled":true,"jetpack-related-posts":[],"_links":{"self":[{"href":"https:\/\/eltrabajo.cl\/portal\/wp-json\/wp\/v2\/posts\/84532","targetHints":{"allow":["GET"]}}],"collection":[{"href":"https:\/\/eltrabajo.cl\/portal\/wp-json\/wp\/v2\/posts"}],"about":[{"href":"https:\/\/eltrabajo.cl\/portal\/wp-json\/wp\/v2\/types\/post"}],"author":[{"embeddable":true,"href":"https:\/\/eltrabajo.cl\/portal\/wp-json\/wp\/v2\/users\/1"}],"replies":[{"embeddable":true,"href":"https:\/\/eltrabajo.cl\/portal\/wp-json\/wp\/v2\/comments?post=84532"}],"version-history":[{"count":0,"href":"https:\/\/eltrabajo.cl\/portal\/wp-json\/wp\/v2\/posts\/84532\/revisions"}],"wp:featuredmedia":[{"embeddable":true,"href":"https:\/\/eltrabajo.cl\/portal\/wp-json\/wp\/v2\/media\/84534"}],"wp:attachment":[{"href":"https:\/\/eltrabajo.cl\/portal\/wp-json\/wp\/v2\/media?parent=84532"}],"wp:term":[{"taxonomy":"category","embeddable":true,"href":"https:\/\/eltrabajo.cl\/portal\/wp-json\/wp\/v2\/categories?post=84532"},{"taxonomy":"post_tag","embeddable":true,"href":"https:\/\/eltrabajo.cl\/portal\/wp-json\/wp\/v2\/tags?post=84532"}],"curies":[{"name":"wp","href":"https:\/\/api.w.org\/{rel}","templated":true}]}}