{"id":84536,"date":"2018-02-02T05:06:56","date_gmt":"2018-02-02T09:06:56","guid":{"rendered":"http:\/\/www.eltrabajo.cl\/2017\/?p=84536"},"modified":"2018-02-02T05:06:56","modified_gmt":"2018-02-02T09:06:56","slug":"por-fin-dona-alicia-recupero-su-furgon-tras-gran-trabajo-investigativo-de-su-hijo","status":"publish","type":"post","link":"https:\/\/eltrabajo.cl\/portal\/por-fin-dona-alicia-recupero-su-furgon-tras-gran-trabajo-investigativo-de-su-hijo\/","title":{"rendered":"Por fin do\u00f1a Alicia recuper\u00f3 su furg\u00f3n tras gran trabajo investigativo de su hijo"},"content":{"rendered":"<figure id=\"attachment_84537\" aria-describedby=\"caption-attachment-84537\" style=\"width: 580px\" class=\"wp-caption alignnone\"><img data-recalc-dims=\"1\" loading=\"lazy\" decoding=\"async\" class=\"size-full wp-image-84537\" src=\"https:\/\/i0.wp.com\/www.eltrabajo.cl\/2017\/wp-content\/uploads\/2018\/02\/Furgon_Alicia-Carvajal.jpg?resize=580%2C400\" alt=\"Do\u00f1a Alicia Carvajal, due\u00f1a del furg\u00f3n.\" width=\"580\" height=\"400\" srcset=\"https:\/\/i0.wp.com\/eltrabajo.cl\/portal\/wp-content\/uploads\/2018\/02\/Furgon_Alicia-Carvajal.jpg?w=580&amp;ssl=1 580w, https:\/\/i0.wp.com\/eltrabajo.cl\/portal\/wp-content\/uploads\/2018\/02\/Furgon_Alicia-Carvajal.jpg?resize=200%2C138&amp;ssl=1 200w, https:\/\/i0.wp.com\/eltrabajo.cl\/portal\/wp-content\/uploads\/2018\/02\/Furgon_Alicia-Carvajal.jpg?resize=300%2C207&amp;ssl=1 300w, https:\/\/i0.wp.com\/eltrabajo.cl\/portal\/wp-content\/uploads\/2018\/02\/Furgon_Alicia-Carvajal.jpg?resize=218%2C150&amp;ssl=1 218w, https:\/\/i0.wp.com\/eltrabajo.cl\/portal\/wp-content\/uploads\/2018\/02\/Furgon_Alicia-Carvajal.jpg?resize=400%2C276&amp;ssl=1 400w\" sizes=\"auto, (max-width: 580px) 100vw, 580px\" \/><figcaption id=\"caption-attachment-84537\" class=\"wp-caption-text\">Do\u00f1a Alicia Carvajal, due\u00f1a del furg\u00f3n.<\/figcaption><\/figure>\n<ul>\n<li><span style=\"color: #ff0000;\"><strong>Sus denuncias en Diario El Trabajo ayudaron tambi\u00e9n:<\/strong><\/span><\/li>\n<\/ul>\n<p>Luego de vivir un penoso calvario de molestias generadas por el decomiso de su furg\u00f3n de trabajo hace dos semanas, do\u00f1a Alicia Carvajal y su hijo Juan Carlos Vega por fin recuperaron el veh\u00edculo de los corrales municipales, luego que el Tribunal II de Letras, de Los Andes, les hiciera entrega del documento necesario para retirar el veh\u00edculo nuevamente.<br \/>\nEsta situaci\u00f3n fue tambi\u00e9n monitoreada period\u00edsticamente por Diario El Trabajo, tras la solicitud de los afectados a fin de conseguir presionar a las autoridades para que liberaran el auto.<\/p>\n<p><span style=\"color: #ff0000;\"><strong>\u00bfCASO CERRADO?<\/strong><\/span><br \/>\nVolver a mencionar los errores que salieron a flote tanto de Carabineros como del juzgado a cargo del caso, ser\u00eda simplemente innecesario, si lo que siempre se busc\u00f3 por medio de nuestras publicaciones fue que esta se\u00f1ora y su hijo recuperaran el furg\u00f3n. Lo que s\u00ed qued\u00f3 al descubierto fue el desinter\u00e9s de algunas personas por hacer las diligencias y saneamiento del veh\u00edculo, ya que pese a que el mismo les fue devuelto, a\u00fan contin\u00faa apareciendo con el encargo por Robo en el sistema de Carabineros.<br \/>\n\u00abEstamos muy contentos tras recuperar nuestro furg\u00f3n, fueron dos semanas de mucho viajar y presionar para recuperarlo, agradecemos a Diario El Trabajo por la amplia cobertura que hizo sobre nuestro caso, nos ha parecido que no fue justo lo que nos pas\u00f3, lo curioso del caso es que una vez que recuperamos el furg\u00f3n pasamos a Carabineros, y nos llevamos la sorpresa de que a\u00fan hoy sigue nuestro veh\u00edculo con ese encargo por Robo, nos dijeron que hasta el pr\u00f3ximo martes podremos usar el auto, esperaremos ese plazo, para volver a nuestro trabajo\u00bb, coment\u00f3 aliviada la due\u00f1a del furg\u00f3n, do\u00f1a Alicia Carvajal.<\/p>\n<p><span style=\"color: #ff0000;\"><strong>MUCHA SERENIDAD <\/strong><\/span><br \/>\nLo que tambi\u00e9n destacamos hoy en Diario El Trabajo, es el coraje, paciencia y tenacidad de estos vecinos, pues nunca se rindieron, nunca se enojaron ni le faltaron al respeto a ninguna autoridad, tampoco perdieron el tiempo, ellos sin ser profesionales lograron desarrollar un trabajo investigativo y de Inteligencia y Recuperaci\u00f3n, rastreando documentaci\u00f3n y localizando a quien denunci\u00f3 hace 22 a\u00f1os el robo, pese a que estaba registrado su nombre con otro apellido.<br \/>\n<strong>Roberto Gonz\u00e1lez Short<\/strong><\/p>\n<figure id=\"attachment_84538\" aria-describedby=\"caption-attachment-84538\" style=\"width: 580px\" class=\"wp-caption alignnone\"><img data-recalc-dims=\"1\" loading=\"lazy\" decoding=\"async\" class=\"size-full wp-image-84538\" src=\"https:\/\/i0.wp.com\/www.eltrabajo.cl\/2017\/wp-content\/uploads\/2018\/02\/Furgon1.jpg?resize=580%2C400\" alt=\"POR FIN UNA SONRISA.- Finalmente do\u00f1a Alicia Carvajal y su hijo Juan Carlos Vega lograron recuperar el furg\u00f3n que Carabineros les decomis\u00f3 hace m\u00e1s de dos semanas, pues \u00e9ste ten\u00eda un encargo por Robo desde 1996.\" width=\"580\" height=\"400\" srcset=\"https:\/\/i0.wp.com\/eltrabajo.cl\/portal\/wp-content\/uploads\/2018\/02\/Furgon1.jpg?w=580&amp;ssl=1 580w, https:\/\/i0.wp.com\/eltrabajo.cl\/portal\/wp-content\/uploads\/2018\/02\/Furgon1.jpg?resize=200%2C138&amp;ssl=1 200w, https:\/\/i0.wp.com\/eltrabajo.cl\/portal\/wp-content\/uploads\/2018\/02\/Furgon1.jpg?resize=300%2C207&amp;ssl=1 300w, https:\/\/i0.wp.com\/eltrabajo.cl\/portal\/wp-content\/uploads\/2018\/02\/Furgon1.jpg?resize=218%2C150&amp;ssl=1 218w, https:\/\/i0.wp.com\/eltrabajo.cl\/portal\/wp-content\/uploads\/2018\/02\/Furgon1.jpg?resize=400%2C276&amp;ssl=1 400w\" sizes=\"auto, (max-width: 580px) 100vw, 580px\" \/><figcaption id=\"caption-attachment-84538\" class=\"wp-caption-text\">POR FIN UNA SONRISA.- Finalmente do\u00f1a Alicia Carvajal y su hijo Juan Carlos Vega lograron recuperar el furg\u00f3n que Carabineros les decomis\u00f3 hace m\u00e1s de dos semanas, pues \u00e9ste ten\u00eda un encargo por Robo desde 1996.<\/figcaption><\/figure>\n","protected":false},"excerpt":{"rendered":"<p>Sus denuncias en Diario El Trabajo ayudaron tambi\u00e9n: Luego de vivir un penoso calvario de molestias generadas por el decomiso de su furg\u00f3n de trabajo hace dos semanas, do\u00f1a Alicia Carvajal y&#8230;<\/p>\n","protected":false},"author":1,"featured_media":84538,"comment_status":"open","ping_status":"open","sticky":false,"template":"","format":"standard","meta":{"advanced_seo_description":"","jetpack_seo_html_title":"","jetpack_seo_noindex":false,"_jetpack_memberships_contains_paid_content":false,"footnotes":""},"categories":[15],"tags":[],"class_list":["post-84536","post","type-post","status-publish","format-standard","has-post-thumbnail","hentry","category-comunidad"],"jetpack_featured_media_url":"https:\/\/i0.wp.com\/eltrabajo.cl\/portal\/wp-content\/uploads\/2018\/02\/Furgon1.jpg?fit=580%2C400&ssl=1","jetpack_sharing_enabled":true,"jetpack_likes_enabled":true,"jetpack-related-posts":[],"_links":{"self":[{"href":"https:\/\/eltrabajo.cl\/portal\/wp-json\/wp\/v2\/posts\/84536","targetHints":{"allow":["GET"]}}],"collection":[{"href":"https:\/\/eltrabajo.cl\/portal\/wp-json\/wp\/v2\/posts"}],"about":[{"href":"https:\/\/eltrabajo.cl\/portal\/wp-json\/wp\/v2\/types\/post"}],"author":[{"embeddable":true,"href":"https:\/\/eltrabajo.cl\/portal\/wp-json\/wp\/v2\/users\/1"}],"replies":[{"embeddable":true,"href":"https:\/\/eltrabajo.cl\/portal\/wp-json\/wp\/v2\/comments?post=84536"}],"version-history":[{"count":0,"href":"https:\/\/eltrabajo.cl\/portal\/wp-json\/wp\/v2\/posts\/84536\/revisions"}],"wp:featuredmedia":[{"embeddable":true,"href":"https:\/\/eltrabajo.cl\/portal\/wp-json\/wp\/v2\/media\/84538"}],"wp:attachment":[{"href":"https:\/\/eltrabajo.cl\/portal\/wp-json\/wp\/v2\/media?parent=84536"}],"wp:term":[{"taxonomy":"category","embeddable":true,"href":"https:\/\/eltrabajo.cl\/portal\/wp-json\/wp\/v2\/categories?post=84536"},{"taxonomy":"post_tag","embeddable":true,"href":"https:\/\/eltrabajo.cl\/portal\/wp-json\/wp\/v2\/tags?post=84536"}],"curies":[{"name":"wp","href":"https:\/\/api.w.org\/{rel}","templated":true}]}}