{"id":84551,"date":"2018-02-05T05:02:28","date_gmt":"2018-02-05T09:02:28","guid":{"rendered":"http:\/\/www.eltrabajo.cl\/2017\/?p=84551"},"modified":"2018-02-05T05:02:28","modified_gmt":"2018-02-05T09:02:28","slug":"sanfelipena-laura-gallardo-gana-el-festival-palmenia-pizarro-2018","status":"publish","type":"post","link":"https:\/\/eltrabajo.cl\/portal\/sanfelipena-laura-gallardo-gana-el-festival-palmenia-pizarro-2018\/","title":{"rendered":"Sanfelipe\u00f1a Laura Gallardo gana el Festival Palmenia Pizarro 2018"},"content":{"rendered":"<figure id=\"attachment_84554\" aria-describedby=\"caption-attachment-84554\" style=\"width: 580px\" class=\"wp-caption alignnone\"><img data-recalc-dims=\"1\" loading=\"lazy\" decoding=\"async\" class=\"size-full wp-image-84554\" src=\"https:\/\/i0.wp.com\/www.eltrabajo.cl\/2017\/wp-content\/uploads\/2018\/02\/Final-Palmenia1.jpg?resize=580%2C399\" alt=\"FESTIVAL CON NOTA 7.- Unas 20.000 personas participaron en el cierre del Festival Palmenia Pizarro la noche del s\u00e1bado, mientras que el viernes hubo cerca de 15.000 sanfelipe\u00f1os en el Municipal.\" width=\"580\" height=\"399\" srcset=\"https:\/\/i0.wp.com\/eltrabajo.cl\/portal\/wp-content\/uploads\/2018\/02\/Final-Palmenia1.jpg?w=580&amp;ssl=1 580w, https:\/\/i0.wp.com\/eltrabajo.cl\/portal\/wp-content\/uploads\/2018\/02\/Final-Palmenia1.jpg?resize=200%2C138&amp;ssl=1 200w, https:\/\/i0.wp.com\/eltrabajo.cl\/portal\/wp-content\/uploads\/2018\/02\/Final-Palmenia1.jpg?resize=300%2C206&amp;ssl=1 300w, https:\/\/i0.wp.com\/eltrabajo.cl\/portal\/wp-content\/uploads\/2018\/02\/Final-Palmenia1.jpg?resize=218%2C150&amp;ssl=1 218w, https:\/\/i0.wp.com\/eltrabajo.cl\/portal\/wp-content\/uploads\/2018\/02\/Final-Palmenia1.jpg?resize=400%2C275&amp;ssl=1 400w\" sizes=\"auto, (max-width: 580px) 100vw, 580px\" \/><figcaption id=\"caption-attachment-84554\" class=\"wp-caption-text\">FESTIVAL CON NOTA 7.- Unas 20.000 personas participaron en el cierre del Festival Palmenia Pizarro la noche del s\u00e1bado, mientras que el viernes hubo cerca de 15.000 sanfelipe\u00f1os en el Municipal.<\/figcaption><\/figure>\n<ul>\n<li><span style=\"color: #ff0000;\"><strong>Fito P\u00e1ez y Palmenia Pizarro se llevan los aplausos en el Municipal:<\/strong><\/span><\/li>\n<\/ul>\n<p>El 19\u00ba Festival Palmenia Pizarro en su primera parte, hizo que miles de personas disfrutaran de una electrizante noche de viernes en el Estadio Municipal de San Felipe, luego que un torbellino de recuerdos y embriagante frenes\u00ed se apoderara de los presentes al son del rock de Fito P\u00e1ez y la envolvente voz de la mism\u00edsima Palmenia Pizarro.<\/p>\n<p><span style=\"color: #ff0000;\"><strong>RESUMEN VIERNES<\/strong><\/span><br \/>\nEl Ballet Municipal y Aconc\u00e1\u00f1amo abrieron el anhelado festival que desde hace ya 19 a\u00f1os desarrolla la Municipalidad de San Felipe, jornada en la que este a\u00f1o participaron seis cantantes del pa\u00eds, cada uno de ellos interpretando s\u00f3lo temas de Palmenia, luego lleg\u00f3 Fito con su coreado repertorio, el p\u00fablico se acerc\u00f3 al pie del escenario y con ansiedad cant\u00f3 y aplaudi\u00f3 a su \u00eddolo, el argentino arranc\u00f3 en menos de una hora sin dar entrevistas ni saludar a las autoridades, lo que a nadie le import\u00f3, pues a quien estas 15.000 personas recibieron de pie y hasta con l\u00e1grimas de emoci\u00f3n en sus ojos, fue a la dignataria del festival, la gran Palmenia Pizarro lleg\u00f3, cant\u00f3, ri\u00f3, cont\u00f3 an\u00e9cdotas de su vida y record\u00f3 tambi\u00e9n cuando Vicente Fern\u00e1ndez le pidi\u00f3 un beso en M\u00e9xico y ella, sin conocerlo en sus comienzos, lo ret\u00f3 a m\u00e1s no poder. Risas, carcajadas y grandes interpretaciones que se escucharon en miles de gargantas guiadas por ella, la m\u00e1s grande int\u00e9rprete que en el Valle de Aconcagua haya nacido hasta el presente.<br \/>\nLas autoridades premiaron con gran cari\u00f1o a la Regalona de Aconcagua, respeto y admiraci\u00f3n que Palmenia se ha ganado durante toda su vida como embajadora cultural internacional de nuestra comuna.<\/p>\n<p><span style=\"color: #ff0000;\"><strong>Sanfelipe\u00f1a Laura Gallardo gana el Festival Palmenia Pizarro 2018<\/strong><\/span><br \/>\nEstamos seguros de que m\u00e1s all\u00e1 de querer informarse hoy sobre los detalles generales de la noche final del Festival Palmenia Pizarro 2018, nuestros lectores lo que atesorar\u00e1n con m\u00e1s cari\u00f1o es el poder conocer a la nueva ganadora del festival, esto porque se trata de una bell\u00edsima sanfelipe\u00f1a de 37 a\u00f1os de edad, vecina de Poblaci\u00f3n Hermanos Carrera, poseedora de una potente voz y s\u00f3lido dominio esc\u00e9nico: Laura Gallardo, quien con el tema Desprecio conquist\u00f3 el primer lugar en representaci\u00f3n de San Felipe.<br \/>\nDiario El Trabajo habl\u00f3 con Gallardo tras recibido el premio.<br \/>\n<strong>&#8211; \u00bfA qui\u00e9n dedicas este premio?<\/strong><br \/>\n&#8211; Este premio lo dedico a toda mi familia, en especial a mis dos hijas, Catalina y Antonella, lo dedico tambi\u00e9n a mi arreglista Dante Cortez Gallardo, \u00e9l es mi sobrino, en fin, a toda mi familia.<br \/>\n<strong>&#8211; \u00bfQu\u00e9 har\u00e1s con el dinero ganado?<\/strong><br \/>\n&#8211; Es un mill\u00f3n y medio de pesos. El premio lo repartir\u00e9 entre todo mi equipo, pues m\u00e1s all\u00e1 de que el Jurado me dieran por ganadora, al fin de cuentas lo que tambi\u00e9n pes\u00f3 es el trabajo que hicimos en el escenario, fueron muchas semanas de ensayos, y creo que vali\u00f3 el esfuerzo.<br \/>\n<strong>&#8211; \u00bfD\u00f3nde cursaste tu educaci\u00f3n?<\/strong><br \/>\n&#8211; Mi educaci\u00f3n B\u00e1sica la curs\u00e9 en el Liceo San Felipe, y la Media en el Roberto Humeres, tambi\u00e9n estudi\u00e9 Canto en la Academia de Luis Jara.<br \/>\n<strong>&#8211; \u00bfQu\u00e9 proyectos tienes para este a\u00f1o?<\/strong><br \/>\n&#8211; A\u00fan no pienso anunciarlos, pero s\u00ed puedo confirmar que para 2018 tengo m\u00e1s proyectos musicales, llevo unos diez a\u00f1os cantando a nivel m\u00e1s profesional, aunque desde ni\u00f1a tambi\u00e9n participaba en actividades en mi barrio.<br \/>\n<strong>&#8211; \u00bfYa hab\u00edas participado en este festival?<\/strong><br \/>\n&#8211; S\u00ed. Particip\u00e9 en 2014, en esa oportunidad no logr\u00e9 ganarlo.<\/p>\n<p><span style=\"color: #ff0000;\"><strong>JURADO DE LUJO<\/strong><\/span><br \/>\nDiario El Trabajo tambi\u00e9n habl\u00f3 con el presidente del Jurado, Francisco Mendoza, quien explic\u00f3 a nuestro medio que \u00abfue un festival de gran factura, los temas muy bien interpretados, s\u00f3lida orquestaci\u00f3n e impecables artistas, como Jurados nos fue muy dif\u00edcil decidir, porque los tres finalistas en verdad que se esforzaron mucho y lo hicieron muy bien, felicitar a Laura en calidad de ganadora, y a los dem\u00e1s int\u00e9rpretes asegurarles que tambi\u00e9n tienen madera para muchos festivales m\u00e1s\u00bb, dijo Mendoza, director de orquesta, compositor de M\u00fasica Docta y experto en m\u00fasica de Palmenia Pizarro.<\/p>\n<p><span style=\"color: #ff0000;\"><strong>CIERRE MAGISTRAL<\/strong><\/span><br \/>\nEl alcalde Patricio Freire por su parte, felicit\u00f3 a los participantes y tambi\u00e9n a Laura, \u00abimpecable, definitivamente el mejor festival que hemos disfrutado en nuestra comuna, muy feliz tambi\u00e9n de este a\u00f1o haber podido contar con la compa\u00f1\u00eda de Palmenia Pizarro en persona, es tambi\u00e9n una dicha ver este estadio a lleno total, m\u00e1s de 20.000 personas seg\u00fan report\u00f3 Carabineros, tuvimos Hip Hop, buen humor, Mega Apuesta y este cierre tan emocionante, ver a nuestra querida Laura Gallardo ganar el festival, una muy buena forma de empezar el a\u00f1o, felicito por lo tanto a todos quienes hicieron posible este festival\u00bb, dijo el edil.<br \/>\nAs\u00ed tambi\u00e9n el concejal Mario Villanueva tuvo palabras para nuestros lectores, \u00abexcelente, ver a Palmenia volviendo a sus ra\u00edces y a nuestra tierra, yo me lo pas\u00e9 todo el viernes cantando temas de ella, a ella la queremos y apreciamos mucho, a ella la conocemos todos, con mi abuela y bisabuela se conocen con la familia de Palmenia, tambi\u00e9n fue una atinado apoyo el que las bandas locales recibieron este a\u00f1o del alcalde Patricio Freire, pues Aconc\u00e1\u00f1amo y Liverpool se lucieron en este gran festival\u00bb.<br \/>\n<strong>Roberto Gonz\u00e1lez Short<\/strong><\/p>\n<figure id=\"attachment_84552\" aria-describedby=\"caption-attachment-84552\" style=\"width: 580px\" class=\"wp-caption alignnone\"><img data-recalc-dims=\"1\" loading=\"lazy\" decoding=\"async\" class=\"size-full wp-image-84552\" src=\"https:\/\/i0.wp.com\/www.eltrabajo.cl\/2017\/wp-content\/uploads\/2018\/02\/Final-Palmenia_Aconcanamo.jpg?resize=580%2C399\" alt=\"ACONC\u00c1\u00d1AMO.- La gran sorpresa del Palmenia, los chicos de la Banda Aconc\u00e1\u00f1amo, le dispararon a todo y anunciaron su lucha por el agua para el valle.\" width=\"580\" height=\"399\" srcset=\"https:\/\/i0.wp.com\/eltrabajo.cl\/portal\/wp-content\/uploads\/2018\/02\/Final-Palmenia_Aconcanamo.jpg?w=580&amp;ssl=1 580w, https:\/\/i0.wp.com\/eltrabajo.cl\/portal\/wp-content\/uploads\/2018\/02\/Final-Palmenia_Aconcanamo.jpg?resize=200%2C138&amp;ssl=1 200w, https:\/\/i0.wp.com\/eltrabajo.cl\/portal\/wp-content\/uploads\/2018\/02\/Final-Palmenia_Aconcanamo.jpg?resize=300%2C206&amp;ssl=1 300w, https:\/\/i0.wp.com\/eltrabajo.cl\/portal\/wp-content\/uploads\/2018\/02\/Final-Palmenia_Aconcanamo.jpg?resize=218%2C150&amp;ssl=1 218w, https:\/\/i0.wp.com\/eltrabajo.cl\/portal\/wp-content\/uploads\/2018\/02\/Final-Palmenia_Aconcanamo.jpg?resize=400%2C275&amp;ssl=1 400w\" sizes=\"auto, (max-width: 580px) 100vw, 580px\" \/><figcaption id=\"caption-attachment-84552\" class=\"wp-caption-text\">ACONC\u00c1\u00d1AMO.- La gran sorpresa del Palmenia, los chicos de la Banda Aconc\u00e1\u00f1amo, le dispararon a todo y anunciaron su lucha por el agua para el valle.<\/figcaption><\/figure>\n<figure id=\"attachment_84553\" aria-describedby=\"caption-attachment-84553\" style=\"width: 580px\" class=\"wp-caption alignnone\"><img data-recalc-dims=\"1\" loading=\"lazy\" decoding=\"async\" class=\"size-full wp-image-84553\" src=\"https:\/\/i0.wp.com\/www.eltrabajo.cl\/2017\/wp-content\/uploads\/2018\/02\/Final-Palmenia_Orquesta.jpg?resize=580%2C399\" alt=\"ORQUESTA IMPECABLE.- Ellos son los integrantes de la flamante orquesta del Festival Palmenia Pizarro, expertos m\u00fasicos andinos y sanfelipe\u00f1os.\" width=\"580\" height=\"399\" srcset=\"https:\/\/i0.wp.com\/eltrabajo.cl\/portal\/wp-content\/uploads\/2018\/02\/Final-Palmenia_Orquesta.jpg?w=580&amp;ssl=1 580w, https:\/\/i0.wp.com\/eltrabajo.cl\/portal\/wp-content\/uploads\/2018\/02\/Final-Palmenia_Orquesta.jpg?resize=200%2C138&amp;ssl=1 200w, https:\/\/i0.wp.com\/eltrabajo.cl\/portal\/wp-content\/uploads\/2018\/02\/Final-Palmenia_Orquesta.jpg?resize=300%2C206&amp;ssl=1 300w, https:\/\/i0.wp.com\/eltrabajo.cl\/portal\/wp-content\/uploads\/2018\/02\/Final-Palmenia_Orquesta.jpg?resize=218%2C150&amp;ssl=1 218w, https:\/\/i0.wp.com\/eltrabajo.cl\/portal\/wp-content\/uploads\/2018\/02\/Final-Palmenia_Orquesta.jpg?resize=400%2C275&amp;ssl=1 400w\" sizes=\"auto, (max-width: 580px) 100vw, 580px\" \/><figcaption id=\"caption-attachment-84553\" class=\"wp-caption-text\">ORQUESTA IMPECABLE.- Ellos son los integrantes de la flamante orquesta del Festival Palmenia Pizarro, expertos m\u00fasicos andinos y sanfelipe\u00f1os.<\/figcaption><\/figure>\n<figure id=\"attachment_84555\" aria-describedby=\"caption-attachment-84555\" style=\"width: 580px\" class=\"wp-caption alignnone\"><img data-recalc-dims=\"1\" loading=\"lazy\" decoding=\"async\" class=\"size-full wp-image-84555\" src=\"https:\/\/i0.wp.com\/www.eltrabajo.cl\/2017\/wp-content\/uploads\/2018\/02\/Final-Palmenia2.jpg?resize=580%2C400\" alt=\"LA NUEVA VOZ.- El presidente del Jurado, Francisco Mendoza, felicit\u00f3 personalmente a la ganadora Laura Gallardo.\" width=\"580\" height=\"400\" srcset=\"https:\/\/i0.wp.com\/eltrabajo.cl\/portal\/wp-content\/uploads\/2018\/02\/Final-Palmenia2.jpg?w=580&amp;ssl=1 580w, https:\/\/i0.wp.com\/eltrabajo.cl\/portal\/wp-content\/uploads\/2018\/02\/Final-Palmenia2.jpg?resize=200%2C138&amp;ssl=1 200w, https:\/\/i0.wp.com\/eltrabajo.cl\/portal\/wp-content\/uploads\/2018\/02\/Final-Palmenia2.jpg?resize=300%2C207&amp;ssl=1 300w, https:\/\/i0.wp.com\/eltrabajo.cl\/portal\/wp-content\/uploads\/2018\/02\/Final-Palmenia2.jpg?resize=218%2C150&amp;ssl=1 218w, https:\/\/i0.wp.com\/eltrabajo.cl\/portal\/wp-content\/uploads\/2018\/02\/Final-Palmenia2.jpg?resize=400%2C276&amp;ssl=1 400w\" sizes=\"auto, (max-width: 580px) 100vw, 580px\" \/><figcaption id=\"caption-attachment-84555\" class=\"wp-caption-text\">LA NUEVA VOZ.- El presidente del Jurado, Francisco Mendoza, felicit\u00f3 personalmente a la ganadora Laura Gallardo.<\/figcaption><\/figure>\n<figure id=\"attachment_84556\" aria-describedby=\"caption-attachment-84556\" style=\"width: 580px\" class=\"wp-caption alignnone\"><img data-recalc-dims=\"1\" loading=\"lazy\" decoding=\"async\" class=\"size-full wp-image-84556\" src=\"https:\/\/i0.wp.com\/www.eltrabajo.cl\/2017\/wp-content\/uploads\/2018\/02\/Palmenia_Catherin-Contreras.jpg?resize=580%2C399\" alt=\"Catherin Contreras: \u00abLo he disfrutado mucho, es una dicha que hagan esto, con artistas como Fito P\u00e1ez\u00bb.\" width=\"580\" height=\"399\" srcset=\"https:\/\/i0.wp.com\/eltrabajo.cl\/portal\/wp-content\/uploads\/2018\/02\/Palmenia_Catherin-Contreras.jpg?w=580&amp;ssl=1 580w, https:\/\/i0.wp.com\/eltrabajo.cl\/portal\/wp-content\/uploads\/2018\/02\/Palmenia_Catherin-Contreras.jpg?resize=200%2C138&amp;ssl=1 200w, https:\/\/i0.wp.com\/eltrabajo.cl\/portal\/wp-content\/uploads\/2018\/02\/Palmenia_Catherin-Contreras.jpg?resize=300%2C206&amp;ssl=1 300w, https:\/\/i0.wp.com\/eltrabajo.cl\/portal\/wp-content\/uploads\/2018\/02\/Palmenia_Catherin-Contreras.jpg?resize=218%2C150&amp;ssl=1 218w, https:\/\/i0.wp.com\/eltrabajo.cl\/portal\/wp-content\/uploads\/2018\/02\/Palmenia_Catherin-Contreras.jpg?resize=400%2C275&amp;ssl=1 400w\" sizes=\"auto, (max-width: 580px) 100vw, 580px\" \/><figcaption id=\"caption-attachment-84556\" class=\"wp-caption-text\">Catherin Contreras: \u00abLo he disfrutado mucho, es una dicha que hagan esto, con artistas como Fito P\u00e1ez\u00bb.<\/figcaption><\/figure>\n<figure id=\"attachment_84557\" aria-describedby=\"caption-attachment-84557\" style=\"width: 580px\" class=\"wp-caption alignnone\"><img data-recalc-dims=\"1\" loading=\"lazy\" decoding=\"async\" class=\"size-full wp-image-84557\" src=\"https:\/\/i0.wp.com\/www.eltrabajo.cl\/2017\/wp-content\/uploads\/2018\/02\/Palmenia_Cristian-Segura.jpg?resize=580%2C399\" alt=\"Cristian Segura:\u00abExcelente. Me gusta la m\u00fasica vieja, es de mi generaci\u00f3n\u00bb.\" width=\"580\" height=\"399\" srcset=\"https:\/\/i0.wp.com\/eltrabajo.cl\/portal\/wp-content\/uploads\/2018\/02\/Palmenia_Cristian-Segura.jpg?w=580&amp;ssl=1 580w, https:\/\/i0.wp.com\/eltrabajo.cl\/portal\/wp-content\/uploads\/2018\/02\/Palmenia_Cristian-Segura.jpg?resize=200%2C138&amp;ssl=1 200w, https:\/\/i0.wp.com\/eltrabajo.cl\/portal\/wp-content\/uploads\/2018\/02\/Palmenia_Cristian-Segura.jpg?resize=300%2C206&amp;ssl=1 300w, https:\/\/i0.wp.com\/eltrabajo.cl\/portal\/wp-content\/uploads\/2018\/02\/Palmenia_Cristian-Segura.jpg?resize=218%2C150&amp;ssl=1 218w, https:\/\/i0.wp.com\/eltrabajo.cl\/portal\/wp-content\/uploads\/2018\/02\/Palmenia_Cristian-Segura.jpg?resize=400%2C275&amp;ssl=1 400w\" sizes=\"auto, (max-width: 580px) 100vw, 580px\" \/><figcaption id=\"caption-attachment-84557\" class=\"wp-caption-text\">Cristian Segura:\u00abExcelente. Me gusta la m\u00fasica vieja, es de mi generaci\u00f3n\u00bb.<\/figcaption><\/figure>\n<figure id=\"attachment_84558\" aria-describedby=\"caption-attachment-84558\" style=\"width: 580px\" class=\"wp-caption alignnone\"><img data-recalc-dims=\"1\" loading=\"lazy\" decoding=\"async\" class=\"size-full wp-image-84558\" src=\"https:\/\/i0.wp.com\/www.eltrabajo.cl\/2017\/wp-content\/uploads\/2018\/02\/Palmenia_Jacqueline-Caneo.jpg?resize=580%2C399\" alt=\"Jacqueline Caneo: \u00abFito P\u00e1ez excelente. Es de mi \u00e9poca, hasta ahora lo pude conocer\u00bb.\" width=\"580\" height=\"399\" srcset=\"https:\/\/i0.wp.com\/eltrabajo.cl\/portal\/wp-content\/uploads\/2018\/02\/Palmenia_Jacqueline-Caneo.jpg?w=580&amp;ssl=1 580w, https:\/\/i0.wp.com\/eltrabajo.cl\/portal\/wp-content\/uploads\/2018\/02\/Palmenia_Jacqueline-Caneo.jpg?resize=200%2C138&amp;ssl=1 200w, https:\/\/i0.wp.com\/eltrabajo.cl\/portal\/wp-content\/uploads\/2018\/02\/Palmenia_Jacqueline-Caneo.jpg?resize=300%2C206&amp;ssl=1 300w, https:\/\/i0.wp.com\/eltrabajo.cl\/portal\/wp-content\/uploads\/2018\/02\/Palmenia_Jacqueline-Caneo.jpg?resize=218%2C150&amp;ssl=1 218w, https:\/\/i0.wp.com\/eltrabajo.cl\/portal\/wp-content\/uploads\/2018\/02\/Palmenia_Jacqueline-Caneo.jpg?resize=400%2C275&amp;ssl=1 400w\" sizes=\"auto, (max-width: 580px) 100vw, 580px\" \/><figcaption id=\"caption-attachment-84558\" class=\"wp-caption-text\">Jacqueline Caneo: \u00abFito P\u00e1ez excelente. Es de mi \u00e9poca, hasta ahora lo pude conocer\u00bb.<\/figcaption><\/figure>\n<figure id=\"attachment_84559\" aria-describedby=\"caption-attachment-84559\" style=\"width: 580px\" class=\"wp-caption alignnone\"><img data-recalc-dims=\"1\" loading=\"lazy\" decoding=\"async\" class=\"size-full wp-image-84559\" src=\"https:\/\/i0.wp.com\/www.eltrabajo.cl\/2017\/wp-content\/uploads\/2018\/02\/Palmenia1.jpg?resize=580%2C399\" alt=\"LA M\u00c1S MIMADA.- Palmenia Pizarro recibi\u00f3 del Concejo Municipal el agradecimiento a los a\u00f1os de entrega en beneficio al prestigio de nuestra Tres veces Heroica ciudad.\" width=\"580\" height=\"399\" srcset=\"https:\/\/i0.wp.com\/eltrabajo.cl\/portal\/wp-content\/uploads\/2018\/02\/Palmenia1.jpg?w=580&amp;ssl=1 580w, https:\/\/i0.wp.com\/eltrabajo.cl\/portal\/wp-content\/uploads\/2018\/02\/Palmenia1.jpg?resize=200%2C138&amp;ssl=1 200w, https:\/\/i0.wp.com\/eltrabajo.cl\/portal\/wp-content\/uploads\/2018\/02\/Palmenia1.jpg?resize=300%2C206&amp;ssl=1 300w, https:\/\/i0.wp.com\/eltrabajo.cl\/portal\/wp-content\/uploads\/2018\/02\/Palmenia1.jpg?resize=218%2C150&amp;ssl=1 218w, https:\/\/i0.wp.com\/eltrabajo.cl\/portal\/wp-content\/uploads\/2018\/02\/Palmenia1.jpg?resize=400%2C275&amp;ssl=1 400w\" sizes=\"auto, (max-width: 580px) 100vw, 580px\" \/><figcaption id=\"caption-attachment-84559\" class=\"wp-caption-text\">LA M\u00c1S MIMADA.- Palmenia Pizarro recibi\u00f3 del Concejo Municipal el agradecimiento a los a\u00f1os de entrega en beneficio al prestigio de nuestra Tres veces Heroica ciudad.<\/figcaption><\/figure>\n<figure id=\"attachment_84560\" aria-describedby=\"caption-attachment-84560\" style=\"width: 580px\" class=\"wp-caption alignnone\"><img data-recalc-dims=\"1\" loading=\"lazy\" decoding=\"async\" class=\"size-full wp-image-84560\" src=\"https:\/\/i0.wp.com\/www.eltrabajo.cl\/2017\/wp-content\/uploads\/2018\/02\/Palmenia2.jpg?resize=580%2C399\" alt=\"PALMENIA FOREVER.- Como lo hacen las grandes artistas, Palmenia Pizarro y sus coristas hicieron llorar a muchos en el Municipal la noche del viernes.\" width=\"580\" height=\"399\" srcset=\"https:\/\/i0.wp.com\/eltrabajo.cl\/portal\/wp-content\/uploads\/2018\/02\/Palmenia2.jpg?w=580&amp;ssl=1 580w, https:\/\/i0.wp.com\/eltrabajo.cl\/portal\/wp-content\/uploads\/2018\/02\/Palmenia2.jpg?resize=200%2C138&amp;ssl=1 200w, https:\/\/i0.wp.com\/eltrabajo.cl\/portal\/wp-content\/uploads\/2018\/02\/Palmenia2.jpg?resize=300%2C206&amp;ssl=1 300w, https:\/\/i0.wp.com\/eltrabajo.cl\/portal\/wp-content\/uploads\/2018\/02\/Palmenia2.jpg?resize=218%2C150&amp;ssl=1 218w, https:\/\/i0.wp.com\/eltrabajo.cl\/portal\/wp-content\/uploads\/2018\/02\/Palmenia2.jpg?resize=400%2C275&amp;ssl=1 400w\" sizes=\"auto, (max-width: 580px) 100vw, 580px\" \/><figcaption id=\"caption-attachment-84560\" class=\"wp-caption-text\">PALMENIA FOREVER.- Como lo hacen las grandes artistas, Palmenia Pizarro y sus coristas hicieron llorar a muchos en el Municipal la noche del viernes.<\/figcaption><\/figure>\n<figure id=\"attachment_84561\" aria-describedby=\"caption-attachment-84561\" style=\"width: 580px\" class=\"wp-caption alignnone\"><img data-recalc-dims=\"1\" loading=\"lazy\" decoding=\"async\" class=\"size-full wp-image-84561\" src=\"https:\/\/i0.wp.com\/www.eltrabajo.cl\/2017\/wp-content\/uploads\/2018\/02\/Palmenia2_Laura-Gallardo.jpg?resize=580%2C399\" alt=\"Laura Gallardo ganadora del Festival Palmenia Pizarro 2018.\" width=\"580\" height=\"399\" srcset=\"https:\/\/i0.wp.com\/eltrabajo.cl\/portal\/wp-content\/uploads\/2018\/02\/Palmenia2_Laura-Gallardo.jpg?w=580&amp;ssl=1 580w, https:\/\/i0.wp.com\/eltrabajo.cl\/portal\/wp-content\/uploads\/2018\/02\/Palmenia2_Laura-Gallardo.jpg?resize=200%2C138&amp;ssl=1 200w, https:\/\/i0.wp.com\/eltrabajo.cl\/portal\/wp-content\/uploads\/2018\/02\/Palmenia2_Laura-Gallardo.jpg?resize=300%2C206&amp;ssl=1 300w, https:\/\/i0.wp.com\/eltrabajo.cl\/portal\/wp-content\/uploads\/2018\/02\/Palmenia2_Laura-Gallardo.jpg?resize=218%2C150&amp;ssl=1 218w, https:\/\/i0.wp.com\/eltrabajo.cl\/portal\/wp-content\/uploads\/2018\/02\/Palmenia2_Laura-Gallardo.jpg?resize=400%2C275&amp;ssl=1 400w\" sizes=\"auto, (max-width: 580px) 100vw, 580px\" \/><figcaption id=\"caption-attachment-84561\" class=\"wp-caption-text\">Laura Gallardo ganadora del Festival Palmenia Pizarro 2018.<\/figcaption><\/figure>\n<figure id=\"attachment_84562\" aria-describedby=\"caption-attachment-84562\" style=\"width: 580px\" class=\"wp-caption alignnone\"><img data-recalc-dims=\"1\" loading=\"lazy\" decoding=\"async\" class=\"size-full wp-image-84562\" src=\"https:\/\/i0.wp.com\/www.eltrabajo.cl\/2017\/wp-content\/uploads\/2018\/02\/Palmenia3.jpg?resize=580%2C399\" alt=\"COMO UN COMETA.- Fito P\u00e1ez tambi\u00e9n hizo de las suyas durante la m\u00e1s de media hora que dur\u00f3 su presentaci\u00f3n.\" width=\"580\" height=\"399\" srcset=\"https:\/\/i0.wp.com\/eltrabajo.cl\/portal\/wp-content\/uploads\/2018\/02\/Palmenia3.jpg?w=580&amp;ssl=1 580w, https:\/\/i0.wp.com\/eltrabajo.cl\/portal\/wp-content\/uploads\/2018\/02\/Palmenia3.jpg?resize=200%2C138&amp;ssl=1 200w, https:\/\/i0.wp.com\/eltrabajo.cl\/portal\/wp-content\/uploads\/2018\/02\/Palmenia3.jpg?resize=300%2C206&amp;ssl=1 300w, https:\/\/i0.wp.com\/eltrabajo.cl\/portal\/wp-content\/uploads\/2018\/02\/Palmenia3.jpg?resize=218%2C150&amp;ssl=1 218w, https:\/\/i0.wp.com\/eltrabajo.cl\/portal\/wp-content\/uploads\/2018\/02\/Palmenia3.jpg?resize=400%2C275&amp;ssl=1 400w\" sizes=\"auto, (max-width: 580px) 100vw, 580px\" \/><figcaption id=\"caption-attachment-84562\" class=\"wp-caption-text\">COMO UN COMETA.- Fito P\u00e1ez tambi\u00e9n hizo de las suyas durante la m\u00e1s de media hora que dur\u00f3 su presentaci\u00f3n.<\/figcaption><\/figure>\n<figure id=\"attachment_84563\" aria-describedby=\"caption-attachment-84563\" style=\"width: 580px\" class=\"wp-caption alignnone\"><img data-recalc-dims=\"1\" loading=\"lazy\" decoding=\"async\" class=\"size-full wp-image-84563\" src=\"https:\/\/i0.wp.com\/www.eltrabajo.cl\/2017\/wp-content\/uploads\/2018\/02\/Palmenia4.jpg?resize=580%2C400\" alt=\"TRAS MUCHO ESPERAR.- Miles de personas corearon los temas de Palmenia y de Fito durante el conciertazo del viernes en el estadio municipal.\" width=\"580\" height=\"400\" srcset=\"https:\/\/i0.wp.com\/eltrabajo.cl\/portal\/wp-content\/uploads\/2018\/02\/Palmenia4.jpg?w=580&amp;ssl=1 580w, https:\/\/i0.wp.com\/eltrabajo.cl\/portal\/wp-content\/uploads\/2018\/02\/Palmenia4.jpg?resize=200%2C138&amp;ssl=1 200w, https:\/\/i0.wp.com\/eltrabajo.cl\/portal\/wp-content\/uploads\/2018\/02\/Palmenia4.jpg?resize=300%2C207&amp;ssl=1 300w, https:\/\/i0.wp.com\/eltrabajo.cl\/portal\/wp-content\/uploads\/2018\/02\/Palmenia4.jpg?resize=218%2C150&amp;ssl=1 218w, https:\/\/i0.wp.com\/eltrabajo.cl\/portal\/wp-content\/uploads\/2018\/02\/Palmenia4.jpg?resize=400%2C276&amp;ssl=1 400w\" sizes=\"auto, (max-width: 580px) 100vw, 580px\" \/><figcaption id=\"caption-attachment-84563\" class=\"wp-caption-text\">TRAS MUCHO ESPERAR.- Miles de personas corearon los temas de Palmenia y de Fito durante el conciertazo del viernes en el estadio municipal.<\/figcaption><\/figure>\n","protected":false},"excerpt":{"rendered":"<p>Fito P\u00e1ez y Palmenia Pizarro se llevan los aplausos en el Municipal: El 19\u00ba Festival Palmenia Pizarro en su primera parte, hizo que miles de personas disfrutaran de una electrizante noche de&#8230;<\/p>\n","protected":false},"author":1,"featured_media":84555,"comment_status":"open","ping_status":"open","sticky":false,"template":"","format":"standard","meta":{"advanced_seo_description":"","jetpack_seo_html_title":"","jetpack_seo_noindex":false,"_jetpack_memberships_contains_paid_content":false,"footnotes":""},"categories":[15],"tags":[],"class_list":["post-84551","post","type-post","status-publish","format-standard","has-post-thumbnail","hentry","category-comunidad"],"jetpack_featured_media_url":"https:\/\/i0.wp.com\/eltrabajo.cl\/portal\/wp-content\/uploads\/2018\/02\/Final-Palmenia2.jpg?fit=580%2C400&ssl=1","jetpack_sharing_enabled":true,"jetpack_likes_enabled":true,"jetpack-related-posts":[],"_links":{"self":[{"href":"https:\/\/eltrabajo.cl\/portal\/wp-json\/wp\/v2\/posts\/84551","targetHints":{"allow":["GET"]}}],"collection":[{"href":"https:\/\/eltrabajo.cl\/portal\/wp-json\/wp\/v2\/posts"}],"about":[{"href":"https:\/\/eltrabajo.cl\/portal\/wp-json\/wp\/v2\/types\/post"}],"author":[{"embeddable":true,"href":"https:\/\/eltrabajo.cl\/portal\/wp-json\/wp\/v2\/users\/1"}],"replies":[{"embeddable":true,"href":"https:\/\/eltrabajo.cl\/portal\/wp-json\/wp\/v2\/comments?post=84551"}],"version-history":[{"count":0,"href":"https:\/\/eltrabajo.cl\/portal\/wp-json\/wp\/v2\/posts\/84551\/revisions"}],"wp:featuredmedia":[{"embeddable":true,"href":"https:\/\/eltrabajo.cl\/portal\/wp-json\/wp\/v2\/media\/84555"}],"wp:attachment":[{"href":"https:\/\/eltrabajo.cl\/portal\/wp-json\/wp\/v2\/media?parent=84551"}],"wp:term":[{"taxonomy":"category","embeddable":true,"href":"https:\/\/eltrabajo.cl\/portal\/wp-json\/wp\/v2\/categories?post=84551"},{"taxonomy":"post_tag","embeddable":true,"href":"https:\/\/eltrabajo.cl\/portal\/wp-json\/wp\/v2\/tags?post=84551"}],"curies":[{"name":"wp","href":"https:\/\/api.w.org\/{rel}","templated":true}]}}