{"id":84573,"date":"2018-02-06T05:00:18","date_gmt":"2018-02-06T09:00:18","guid":{"rendered":"http:\/\/www.eltrabajo.cl\/2017\/?p=84573"},"modified":"2018-02-06T05:00:18","modified_gmt":"2018-02-06T09:00:18","slug":"directiva-agrupacion-guatita-de-delantal-se-reune-con-core-stevenson","status":"publish","type":"post","link":"https:\/\/eltrabajo.cl\/portal\/directiva-agrupacion-guatita-de-delantal-se-reune-con-core-stevenson\/","title":{"rendered":"Directiva agrupaci\u00f3n \u2018Guatita de Delantal\u2019 se re\u00fane con Core Stevenson"},"content":{"rendered":"<figure id=\"attachment_84574\" aria-describedby=\"caption-attachment-84574\" style=\"width: 578px\" class=\"wp-caption alignnone\"><img data-recalc-dims=\"1\" loading=\"lazy\" decoding=\"async\" class=\"size-full wp-image-84574\" src=\"https:\/\/i0.wp.com\/www.eltrabajo.cl\/2017\/wp-content\/uploads\/2018\/02\/Guatita-de-Delantal.jpg?resize=578%2C347\" alt=\"La directiva integrada por Loreto Past\u00e9n, presidenta; Daniela Toro Silva, abogada; Claudia Tapia, secretaria, junto al Consejero Rolando Stevenson Velasco.\" width=\"578\" height=\"347\" srcset=\"https:\/\/i0.wp.com\/eltrabajo.cl\/portal\/wp-content\/uploads\/2018\/02\/Guatita-de-Delantal.jpg?w=578&amp;ssl=1 578w, https:\/\/i0.wp.com\/eltrabajo.cl\/portal\/wp-content\/uploads\/2018\/02\/Guatita-de-Delantal.jpg?resize=200%2C120&amp;ssl=1 200w, https:\/\/i0.wp.com\/eltrabajo.cl\/portal\/wp-content\/uploads\/2018\/02\/Guatita-de-Delantal.jpg?resize=300%2C180&amp;ssl=1 300w, https:\/\/i0.wp.com\/eltrabajo.cl\/portal\/wp-content\/uploads\/2018\/02\/Guatita-de-Delantal.jpg?resize=250%2C150&amp;ssl=1 250w, https:\/\/i0.wp.com\/eltrabajo.cl\/portal\/wp-content\/uploads\/2018\/02\/Guatita-de-Delantal.jpg?resize=400%2C240&amp;ssl=1 400w\" sizes=\"auto, (max-width: 578px) 100vw, 578px\" \/><figcaption id=\"caption-attachment-84574\" class=\"wp-caption-text\">La directiva integrada por Loreto Past\u00e9n, presidenta; Daniela Toro Silva, abogada; Claudia Tapia, secretaria, junto al Consejero Rolando Stevenson Velasco.<\/figcaption><\/figure>\n<p>La semana pasada la directiva de la agrupaci\u00f3n \u2018Guatita de delantal Aconcagua\u2019 se reuni\u00f3 con el presidente del Consejo Regional, Rolando Stevenson Velasco, para conocer detalles del aporte de unos 700 millones de pesos que hay para la regi\u00f3n destinados a beneficiar a mujeres que tengan este problema.<br \/>\nEn la cita se habl\u00f3 que estos recursos son importantes, dejando en claro que falta el reglamento y que lamentablemente no todas las mujeres van a acceder a este beneficio.<br \/>\nLa secretaria de la agrupaci\u00f3n, Claudia Tapia, dijo que este problema no es solo emocional, es incluso sentimental con respecto a muchas parejas, \u201cdonde la mujer ve mermada su imagen, les afecta, sabemos de muchos casos espec\u00edficos dentro de nuestra agrupaci\u00f3n donde han sufrido mucho, caen en la depresi\u00f3n, entonces eso significa un costo adicional en el sistema de salud, entendemos que en este tipo de operaci\u00f3n va a haber un acompa\u00f1amiento sicol\u00f3gico, no es solamente rebajar lo que te sobre y listo, nos deshacemos del problema, tambi\u00e9n debe haber una educaci\u00f3n con respecto a la sicolog\u00eda de las mujeres\u201d, indic\u00f3.<br \/>\n<strong>&#8211; \u00bfCu\u00e1l es la situaci\u00f3n en San Felipe, cu\u00e1nto es el n\u00famero de mujeres que padecen de este problema como es Guatita de delantal?<\/strong><br \/>\n&#8211; Como dec\u00eda anteriormente, son aproximadamente cincuenta las chicas que tenemos en la agrupaci\u00f3n, entendemos que hay muchas m\u00e1s teniendo en cuenta los \u00edndices de obesidad que existen, no solamente en la regi\u00f3n sino que a nivel pa\u00eds, esto es en hombres y mujeres, no es que s\u00f3lo ataque a mujeres, tambi\u00e9n pueden haber varones que tuvo una p\u00e9rdida de peso importante, la flacidez, la calidad de la piel, todo eso tiene un costo emocional a la larga, la persona o no quiere salir, o nos escondemos detr\u00e1s de la ropa, pr\u00e1cticamente, hay que ser clara en decirlo, todo eso nosotros lo conversamos en reuniones por decirlo de alguna manera, un papacho emocional, de hecho estamos coordinando con unos profesores de zumba y nos vamos a reunir, as\u00ed es que estamos invitando a m\u00e1s amigas que se unan a esta agrupaci\u00f3n, donde reunimos una vez al mes y pr\u00f3ximamente formar nuestra personalidad jur\u00eddica.<br \/>\n<strong>&#8211; \u00bfQu\u00e9 opini\u00f3n les merece que haya estos recursos, 700 millones de pesos? <\/strong><br \/>\n&#8211; Excelente, excelente, es importante que haya una apertura respecto a esto y que no es una situaci\u00f3n puramente est\u00e9tica.<br \/>\nClaudia Tapia, secretaria de la agrupaci\u00f3n Guatita de Delantal, aclar\u00f3 que no todas van a acceder a este beneficio: \u201cEs importante tener claras las expectativas, de hecho entre Loreto, que es la presidenta, Daniela que es nuestra asesora legal, y yo, quiz\u00e1s no vamos a ser operadas, lo tenemos s\u00faper claro, este es un trabajo, es algo as\u00ed hoy por ti ma\u00f1ana por m\u00ed, es ese el trabajo que hacemos\u201d.<br \/>\n<strong>&#8211; \u00bfQu\u00e9 tal la reuni\u00f3n que sostuvieron con el Consejero regional Rolando Stevenson Velasco?<\/strong><br \/>\n&#8211; Buena, estamos muy agradecidas del Consejero Stevenson que nos ha orientado sobre la distribuci\u00f3n de esos millones, que es una cantidad importante, pero que tampoco va a abarcar un porcentaje tan grande de operadas o intervenidas.<br \/>\n<strong>&#8211; \u00bfD\u00f3nde las pueden ubicar a ustedes para ponerse en contacto y poder obtener m\u00e1s informaci\u00f3n?<\/strong><br \/>\n&#8211; Muy bien, les doy mi celular +56 9 5657 7134 me pueden contactar por Whatsapp para la firma de carta de compromiso, con esto no hay una intervenci\u00f3n econ\u00f3mica importante porque para tener personalidad jur\u00eddica hay que cumplir con ciertos estamentos, por ejemplo el pago de cuotas, pero no va a ser m\u00e1s all\u00e1 de mil o dos mil pesos mensuales, que en realidad van a ser para costos de los libros, actas, ese tipo de cosas, mientras que en el facebook guatitas de delantal Aconcagua ah\u00ed nos pueden ubicar.<br \/>\nEst\u00e1n a la espera de poder reunirse para poder obtener la personalidad jur\u00eddica y de esa forma tambi\u00e9n postular a fondos p\u00fablicos.<\/p>\n","protected":false},"excerpt":{"rendered":"<p>La semana pasada la directiva de la agrupaci\u00f3n \u2018Guatita de delantal Aconcagua\u2019 se reuni\u00f3 con el presidente del Consejo Regional, Rolando Stevenson Velasco, para conocer detalles del aporte de unos 700 millones&#8230;<\/p>\n","protected":false},"author":1,"featured_media":84574,"comment_status":"open","ping_status":"open","sticky":false,"template":"","format":"standard","meta":{"advanced_seo_description":"","jetpack_seo_html_title":"","jetpack_seo_noindex":false,"_jetpack_memberships_contains_paid_content":false,"footnotes":""},"categories":[15],"tags":[],"class_list":["post-84573","post","type-post","status-publish","format-standard","has-post-thumbnail","hentry","category-comunidad"],"jetpack_featured_media_url":"https:\/\/i0.wp.com\/eltrabajo.cl\/portal\/wp-content\/uploads\/2018\/02\/Guatita-de-Delantal.jpg?fit=578%2C347&ssl=1","jetpack_sharing_enabled":true,"jetpack_likes_enabled":true,"jetpack-related-posts":[],"_links":{"self":[{"href":"https:\/\/eltrabajo.cl\/portal\/wp-json\/wp\/v2\/posts\/84573","targetHints":{"allow":["GET"]}}],"collection":[{"href":"https:\/\/eltrabajo.cl\/portal\/wp-json\/wp\/v2\/posts"}],"about":[{"href":"https:\/\/eltrabajo.cl\/portal\/wp-json\/wp\/v2\/types\/post"}],"author":[{"embeddable":true,"href":"https:\/\/eltrabajo.cl\/portal\/wp-json\/wp\/v2\/users\/1"}],"replies":[{"embeddable":true,"href":"https:\/\/eltrabajo.cl\/portal\/wp-json\/wp\/v2\/comments?post=84573"}],"version-history":[{"count":0,"href":"https:\/\/eltrabajo.cl\/portal\/wp-json\/wp\/v2\/posts\/84573\/revisions"}],"wp:featuredmedia":[{"embeddable":true,"href":"https:\/\/eltrabajo.cl\/portal\/wp-json\/wp\/v2\/media\/84574"}],"wp:attachment":[{"href":"https:\/\/eltrabajo.cl\/portal\/wp-json\/wp\/v2\/media?parent=84573"}],"wp:term":[{"taxonomy":"category","embeddable":true,"href":"https:\/\/eltrabajo.cl\/portal\/wp-json\/wp\/v2\/categories?post=84573"},{"taxonomy":"post_tag","embeddable":true,"href":"https:\/\/eltrabajo.cl\/portal\/wp-json\/wp\/v2\/tags?post=84573"}],"curies":[{"name":"wp","href":"https:\/\/api.w.org\/{rel}","templated":true}]}}