{"id":84595,"date":"2018-02-07T05:00:45","date_gmt":"2018-02-07T09:00:45","guid":{"rendered":"http:\/\/www.eltrabajo.cl\/2017\/?p=84595"},"modified":"2018-02-07T05:00:45","modified_gmt":"2018-02-07T09:00:45","slug":"anticipan-que-si-no-son-tomadas-en-cuenta-se-inundaran-de-nuevo-este-ano","status":"publish","type":"post","link":"https:\/\/eltrabajo.cl\/portal\/anticipan-que-si-no-son-tomadas-en-cuenta-se-inundaran-de-nuevo-este-ano\/","title":{"rendered":"Anticipan que si no son tomadas en cuenta se inundar\u00e1n de nuevo este a\u00f1o"},"content":{"rendered":"<figure id=\"attachment_84596\" aria-describedby=\"caption-attachment-84596\" style=\"width: 579px\" class=\"wp-caption alignnone\"><img data-recalc-dims=\"1\" loading=\"lazy\" decoding=\"async\" class=\"size-full wp-image-84596\" src=\"https:\/\/i0.wp.com\/www.eltrabajo.cl\/2017\/wp-content\/uploads\/2018\/02\/Bueras-Gladys-Salinas-y-Claudia-Vergara-2.jpg?resize=579%2C454\" alt=\"Gladys Salinas y Claudia Vergara, vecinas de calle Bueras.\" width=\"579\" height=\"454\" srcset=\"https:\/\/i0.wp.com\/eltrabajo.cl\/portal\/wp-content\/uploads\/2018\/02\/Bueras-Gladys-Salinas-y-Claudia-Vergara-2.jpg?w=579&amp;ssl=1 579w, https:\/\/i0.wp.com\/eltrabajo.cl\/portal\/wp-content\/uploads\/2018\/02\/Bueras-Gladys-Salinas-y-Claudia-Vergara-2.jpg?resize=191%2C150&amp;ssl=1 191w, https:\/\/i0.wp.com\/eltrabajo.cl\/portal\/wp-content\/uploads\/2018\/02\/Bueras-Gladys-Salinas-y-Claudia-Vergara-2.jpg?resize=300%2C235&amp;ssl=1 300w, https:\/\/i0.wp.com\/eltrabajo.cl\/portal\/wp-content\/uploads\/2018\/02\/Bueras-Gladys-Salinas-y-Claudia-Vergara-2.jpg?resize=400%2C314&amp;ssl=1 400w\" sizes=\"auto, (max-width: 579px) 100vw, 579px\" \/><figcaption id=\"caption-attachment-84596\" class=\"wp-caption-text\">Gladys Salinas y Claudia Vergara, vecinas de calle Bueras.<\/figcaption><\/figure>\n<ul>\n<li><span style=\"color: #ff0000;\"><strong>Vecinas de calle Bueras:<\/strong><\/span><\/li>\n<\/ul>\n<p>Vecinas que tienen sus casas en las calles Santiago Bueras con Manso de Velasco, frente al estadio Fiscal donde se est\u00e1n ejecutando las obras de la nueva ruta 60 CH, denuncian que una vez m\u00e1s y como sucede desde hace d\u00e9cadas, se ver\u00e1n perjudicadas porque no avizoran por ning\u00fan lado una soluci\u00f3n al problema que tienen con la ca\u00edda de las aguas lluvias.<br \/>\nLo anterior debido a que todos los a\u00f1os se inundan porque el canal donde llega el agua es muy peque\u00f1o, produciendo inundaciones que incluso las deja sin poder ir a trabajar como es el caso de una de ellas.<br \/>\nLas vecinas que denuncian esta situaci\u00f3n son Gladys Salinas y Claudia Vergara.<br \/>\n<strong>&#8211; \u00bfCu\u00e1l es el problema que quieren denunciar? <\/strong><br \/>\n&#8211; Que aqu\u00ed en calle Bueras, donde cae el agua es muy chico y angosto y recibe todas las aguas que vienen por Bueras de Dardignac y Manso de Velasco hasta ac\u00e1, ese es el problema, y lo que queremos es que echen abajo una muralla porque se va a formar un micro basural, en menos de dos meses va a estar lleno de basura -dice Gladys.<br \/>\n<strong>&#8211; \u00bfCu\u00e1l ser\u00eda la soluci\u00f3n a decir de ustedes?<\/strong><br \/>\n&#8211; Que echen abajo una muralla que est\u00e1 ah\u00ed y dejen bonito, como es en todas partes, donde uno va encuentra lindas las rotondas.<br \/>\n<strong>&#8211; \u00bfPara el agua?<\/strong><br \/>\n&#8211; Para el agua nosotros queremos que agranden la acequia, es decir que la ensanchen m\u00e1s.<br \/>\nOtra vecina de nombre Claudia afirma lo que dice Gladys, agregando que este problema se viene arrastrando del a\u00f1o 1998: \u201cQue se est\u00e1n inundando tres casas, todos los inviernos es lo mismo, tenemos que tener sacos de arena para poner en las puertas para que no se entre el agua, no hay soluci\u00f3n, de todos los a\u00f1os que tenemos este problema nunca ha habido, para que dejen una buena salida hacia el r\u00edo. Con la construcci\u00f3n taparon las \u00fanicas salidas que hab\u00edan, peque\u00f1as pero eran las que hab\u00edan, ahora con la construcci\u00f3n nos va a llegar hasta el cuello porque no hay una evacuaci\u00f3n, una salida, hemos ido a hablar con la constructora y nos mandan a la municipalidad donde nos dicen que tenemos que hacer una carta, tener respaldo y no lo tenemos porque somos tres las familias\u201d.<br \/>\nAgrega que incluso no pueden salir porque el agua no se los permite: \u201cO sea llueve y tenemos que hacernos a la idea que vamos a estar encerrados esos d\u00edas de lluvia porque no podemos salir si se llena de agua aqu\u00ed\u201d, finaliz\u00f3 Claudia.<\/p>\n","protected":false},"excerpt":{"rendered":"<p>Vecinas de calle Bueras: Vecinas que tienen sus casas en las calles Santiago Bueras con Manso de Velasco, frente al estadio Fiscal donde se est\u00e1n ejecutando las obras de la nueva ruta&#8230;<\/p>\n","protected":false},"author":1,"featured_media":84596,"comment_status":"open","ping_status":"open","sticky":false,"template":"","format":"standard","meta":{"advanced_seo_description":"","jetpack_seo_html_title":"","jetpack_seo_noindex":false,"_jetpack_memberships_contains_paid_content":false,"footnotes":""},"categories":[15],"tags":[],"class_list":["post-84595","post","type-post","status-publish","format-standard","has-post-thumbnail","hentry","category-comunidad"],"jetpack_featured_media_url":"https:\/\/i0.wp.com\/eltrabajo.cl\/portal\/wp-content\/uploads\/2018\/02\/Bueras-Gladys-Salinas-y-Claudia-Vergara-2.jpg?fit=579%2C454&ssl=1","jetpack_sharing_enabled":true,"jetpack_likes_enabled":true,"jetpack-related-posts":[],"_links":{"self":[{"href":"https:\/\/eltrabajo.cl\/portal\/wp-json\/wp\/v2\/posts\/84595","targetHints":{"allow":["GET"]}}],"collection":[{"href":"https:\/\/eltrabajo.cl\/portal\/wp-json\/wp\/v2\/posts"}],"about":[{"href":"https:\/\/eltrabajo.cl\/portal\/wp-json\/wp\/v2\/types\/post"}],"author":[{"embeddable":true,"href":"https:\/\/eltrabajo.cl\/portal\/wp-json\/wp\/v2\/users\/1"}],"replies":[{"embeddable":true,"href":"https:\/\/eltrabajo.cl\/portal\/wp-json\/wp\/v2\/comments?post=84595"}],"version-history":[{"count":0,"href":"https:\/\/eltrabajo.cl\/portal\/wp-json\/wp\/v2\/posts\/84595\/revisions"}],"wp:featuredmedia":[{"embeddable":true,"href":"https:\/\/eltrabajo.cl\/portal\/wp-json\/wp\/v2\/media\/84596"}],"wp:attachment":[{"href":"https:\/\/eltrabajo.cl\/portal\/wp-json\/wp\/v2\/media?parent=84595"}],"wp:term":[{"taxonomy":"category","embeddable":true,"href":"https:\/\/eltrabajo.cl\/portal\/wp-json\/wp\/v2\/categories?post=84595"},{"taxonomy":"post_tag","embeddable":true,"href":"https:\/\/eltrabajo.cl\/portal\/wp-json\/wp\/v2\/tags?post=84595"}],"curies":[{"name":"wp","href":"https:\/\/api.w.org\/{rel}","templated":true}]}}