{"id":84598,"date":"2018-02-07T05:01:28","date_gmt":"2018-02-07T09:01:28","guid":{"rendered":"http:\/\/www.eltrabajo.cl\/2017\/?p=84598"},"modified":"2018-02-07T05:01:28","modified_gmt":"2018-02-07T09:01:28","slug":"sanfelipenos-tambien-clamaron-en-la-plaza-de-armas-por-la-ley-sophia","status":"publish","type":"post","link":"https:\/\/eltrabajo.cl\/portal\/sanfelipenos-tambien-clamaron-en-la-plaza-de-armas-por-la-ley-sophia\/","title":{"rendered":"Sanfelipe\u00f1os tambi\u00e9n clamaron en la Plaza de Armas por la Ley Sophia"},"content":{"rendered":"<figure id=\"attachment_84603\" aria-describedby=\"caption-attachment-84603\" style=\"width: 579px\" class=\"wp-caption alignnone\"><img data-recalc-dims=\"1\" loading=\"lazy\" decoding=\"async\" class=\"size-full wp-image-84603\" src=\"https:\/\/i0.wp.com\/www.eltrabajo.cl\/2017\/wp-content\/uploads\/2018\/02\/Sophia3.jpg?resize=579%2C723\" alt=\"CARITAS TRISTES.- A los m\u00e1s peque\u00f1itos se les permiti\u00f3 una carita triste en recuerdo de la peque\u00f1a Sophia.\" width=\"579\" height=\"723\" srcset=\"https:\/\/i0.wp.com\/eltrabajo.cl\/portal\/wp-content\/uploads\/2018\/02\/Sophia3.jpg?w=579&amp;ssl=1 579w, https:\/\/i0.wp.com\/eltrabajo.cl\/portal\/wp-content\/uploads\/2018\/02\/Sophia3.jpg?resize=120%2C150&amp;ssl=1 120w, https:\/\/i0.wp.com\/eltrabajo.cl\/portal\/wp-content\/uploads\/2018\/02\/Sophia3.jpg?resize=240%2C300&amp;ssl=1 240w, https:\/\/i0.wp.com\/eltrabajo.cl\/portal\/wp-content\/uploads\/2018\/02\/Sophia3.jpg?resize=400%2C499&amp;ssl=1 400w\" sizes=\"auto, (max-width: 579px) 100vw, 579px\" \/><figcaption id=\"caption-attachment-84603\" class=\"wp-caption-text\">CARITAS TRISTES.- A los m\u00e1s peque\u00f1itos se les permiti\u00f3 una carita triste en recuerdo de la peque\u00f1a Sophia.<\/figcaption><\/figure>\n<ul>\n<li><span style=\"color: #ff0000;\"><strong>Exigen norma que castigue severamente a los agresores de ni\u00f1os:<\/strong><\/span><\/li>\n<\/ul>\n<p>Luego que la noticia en la que se registr\u00f3 que una ni\u00f1a de un a\u00f1o y 11 meses falleciera la tarde del jueves 25 de enero en Puerto Montt, la noticia cal\u00f3 hondo en la piel de toda nuestra sociedad, pues se trat\u00f3 de un crimen m\u00e1s que macabro, en donde la beb\u00e9 Sophia perdi\u00f3 la vida tras sufrir durante muchos meses maltrato f\u00edsico, violaci\u00f3n y hasta la muerte, a manos de su padre biol\u00f3gico con presunta complicidad de su madre.<br \/>\nPero m\u00e1s all\u00e1 de calar en el coraz\u00f3n de los chilenos, en pocos d\u00edas se instal\u00f3 una idea en millones de personas tras esta macabra historia: Presionar al Gobierno, al Congreso, para que sea creada la Ley Sophia, como llaman desde ya a un proyecto de ley que endurecer\u00eda las penas que deban recibir aquellas personas que abusen, agredan o maten a los menores de edad, esa presi\u00f3n y ese malestar se ha hecho presente en todo Chile, a lo cual en el Valle de Aconcagua tambi\u00e9n hubo marchas y manifestaciones p\u00fablicas en busca de justicia para esta y muchos otros ni\u00f1os m\u00e1s.<\/p>\n<p><span style=\"color: #ff0000;\"><strong>MUCHAS FIRMAS<\/strong><\/span><br \/>\nEs por eso que la tarde del domingo al menos unas 400 personas de nuestra comuna se hicieron presentes en nuestra Plaza de Armas para expresar su repudio y tambi\u00e9n para colectar firmas para este proyecto de ley.<br \/>\nJoyce Pulgar, vecina de Las Coimas, y dirigente del Movimiento Sophia San Felipe, coment\u00f3 a Diario El Trabajo que \u00abnuestra iniciativa parti\u00f3 como respuesta al movimiento original que naci\u00f3 en Puerto Montt, si bien tenemos un resorte que nos conlleva a manifestarnos en cada ciudad, todo es parte de una campa\u00f1a nacional en protesta del crimen del que fui v\u00edctima la peque\u00f1ita Soph\u00eda, sabemos que hay un grupo de WhatsApp nacional, y tambi\u00e9n tenemos grupos por provincias y comunas, por eso salimos este domingo 4 de febrero a la Plaza de Armas de San Felipe, para aportar nuestras firmas y para expresar nuestro repudio, pero m\u00e1s que todo para ejercer presi\u00f3n y que se haga la Ley Sophia, para que a los abusadores de ni\u00f1os se les condene con penas m\u00e1s duras\u00bb, dijo la joven madre.<\/p>\n<p><span style=\"color: #ff0000;\"><strong>\u00bfQU\u00c9 NO FUNCION\u00d3? <\/strong><\/span><br \/>\nEn medios de comunicaci\u00f3n nacional se ha tocado el tema de esta ni\u00f1a, y much\u00edsimas preguntas siguen a\u00fan sin responder, son estas mismas trincheras period\u00edsticas las que han destacado que V\u00edctor Argando\u00f1a, director regional del Sename, habr\u00eda explicado que por mandato legal, los organismos de salud est\u00e1n obligados a informar este tipo de situaciones al Ministerio P\u00fablico, mientras que por su parte, la Seremi de Justicia en Los Lagos, Patricia Rada, habr\u00eda se\u00f1alado que la red de protecci\u00f3n no ha fallado, pero s\u00ed reconoci\u00f3 que no se hicieron los seguimientos que correspond\u00edan, agregando que en este caso fallaron diversos aspectos por distintos niveles, los que van a tener que responder.<br \/>\nY decimos que son varios los mecanismos los que fallaron para proteger a esta ni\u00f1a, porque fueron muchas veces las que a esta ni\u00f1a se le remiti\u00f3 a Urgencias del Cesfam de Alerce con distintas fracturas, y nunca al parecer, nunca se activaron los protocolos ni los seguimientos de Control de Ni\u00f1o Sano.<\/p>\n<p><span style=\"color: #ff0000;\"><strong>MADRES INDIGNADAS<\/strong><\/span><br \/>\nDiario El Trabajo tambi\u00e9n habl\u00f3 con Nicole Ibaceta, otra de las sanfelipe\u00f1as activistas del Movimiento Ley Sophia, \u00abel principal motivo de esta marcha que hicimos el domingo es porque a nosotras como madres nos caus\u00f3 mucho dolor saber la noticia del asesinato de esta ni\u00f1a, por eso nadie guard\u00f3 silencio en todo Chile, en este caso y en muchos similares que hay, debe hacerse justicia con una ley, no puede ser posible que estos cr\u00edmenes contra los ni\u00f1os queden impunes (\u2026) de momento no sabemos que se tenga en Aconcagua alg\u00fan frente jur\u00eddico para este fin de crear la Ley Sophia, de momento tampoco ning\u00fan abogado ni autoridad del valle se nos ha acercado para apoyar o preguntar sobre nuestro movimiento\u00bb, dijo Ibaceta.<br \/>\n<strong>Roberto Gonz\u00e1lez Short<\/strong><\/p>\n<figure id=\"attachment_84599\" aria-describedby=\"caption-attachment-84599\" style=\"width: 579px\" class=\"wp-caption alignnone\"><img data-recalc-dims=\"1\" loading=\"lazy\" decoding=\"async\" class=\"size-full wp-image-84599\" src=\"https:\/\/i0.wp.com\/www.eltrabajo.cl\/2017\/wp-content\/uploads\/2018\/02\/Sophia_Joyce-Pulgar.jpg?resize=579%2C592\" alt=\"Joyce Pulgar, vecina de Las Coimas, y dirigente del Movimiento Sophia San Felipe.\" width=\"579\" height=\"592\" srcset=\"https:\/\/i0.wp.com\/eltrabajo.cl\/portal\/wp-content\/uploads\/2018\/02\/Sophia_Joyce-Pulgar.jpg?w=579&amp;ssl=1 579w, https:\/\/i0.wp.com\/eltrabajo.cl\/portal\/wp-content\/uploads\/2018\/02\/Sophia_Joyce-Pulgar.jpg?resize=147%2C150&amp;ssl=1 147w, https:\/\/i0.wp.com\/eltrabajo.cl\/portal\/wp-content\/uploads\/2018\/02\/Sophia_Joyce-Pulgar.jpg?resize=293%2C300&amp;ssl=1 293w, https:\/\/i0.wp.com\/eltrabajo.cl\/portal\/wp-content\/uploads\/2018\/02\/Sophia_Joyce-Pulgar.jpg?resize=400%2C409&amp;ssl=1 400w\" sizes=\"auto, (max-width: 579px) 100vw, 579px\" \/><figcaption id=\"caption-attachment-84599\" class=\"wp-caption-text\">Joyce Pulgar, vecina de Las Coimas, y dirigente del Movimiento Sophia San Felipe.<\/figcaption><\/figure>\n<figure id=\"attachment_84600\" aria-describedby=\"caption-attachment-84600\" style=\"width: 579px\" class=\"wp-caption alignnone\"><img data-recalc-dims=\"1\" loading=\"lazy\" decoding=\"async\" class=\"size-full wp-image-84600\" src=\"https:\/\/i0.wp.com\/www.eltrabajo.cl\/2017\/wp-content\/uploads\/2018\/02\/Sophia_Nicole-Ibaceta.jpg?resize=579%2C608\" alt=\"Nicole Ibaceta, otra de las sanfelipe\u00f1as activistas del Movimiento Ley Sophia.\" width=\"579\" height=\"608\" srcset=\"https:\/\/i0.wp.com\/eltrabajo.cl\/portal\/wp-content\/uploads\/2018\/02\/Sophia_Nicole-Ibaceta.jpg?w=579&amp;ssl=1 579w, https:\/\/i0.wp.com\/eltrabajo.cl\/portal\/wp-content\/uploads\/2018\/02\/Sophia_Nicole-Ibaceta.jpg?resize=143%2C150&amp;ssl=1 143w, https:\/\/i0.wp.com\/eltrabajo.cl\/portal\/wp-content\/uploads\/2018\/02\/Sophia_Nicole-Ibaceta.jpg?resize=286%2C300&amp;ssl=1 286w, https:\/\/i0.wp.com\/eltrabajo.cl\/portal\/wp-content\/uploads\/2018\/02\/Sophia_Nicole-Ibaceta.jpg?resize=400%2C420&amp;ssl=1 400w\" sizes=\"auto, (max-width: 579px) 100vw, 579px\" \/><figcaption id=\"caption-attachment-84600\" class=\"wp-caption-text\">Nicole Ibaceta, otra de las sanfelipe\u00f1as activistas del Movimiento Ley Sophia.<\/figcaption><\/figure>\n<figure id=\"attachment_84601\" aria-describedby=\"caption-attachment-84601\" style=\"width: 579px\" class=\"wp-caption alignnone\"><img data-recalc-dims=\"1\" loading=\"lazy\" decoding=\"async\" class=\"size-full wp-image-84601\" src=\"https:\/\/i0.wp.com\/www.eltrabajo.cl\/2017\/wp-content\/uploads\/2018\/02\/Sophia1.jpg?resize=579%2C445\" alt=\"A FIRMAR TODOS.- Los adultos tambi\u00e9n firmaron la petici\u00f3n, son firmas que ser\u00e1n presentadas al Congreso juntamente con millones m\u00e1s que ya se est\u00e1n colectando a nivel nacional.\" width=\"579\" height=\"445\" srcset=\"https:\/\/i0.wp.com\/eltrabajo.cl\/portal\/wp-content\/uploads\/2018\/02\/Sophia1.jpg?w=579&amp;ssl=1 579w, https:\/\/i0.wp.com\/eltrabajo.cl\/portal\/wp-content\/uploads\/2018\/02\/Sophia1.jpg?resize=195%2C150&amp;ssl=1 195w, https:\/\/i0.wp.com\/eltrabajo.cl\/portal\/wp-content\/uploads\/2018\/02\/Sophia1.jpg?resize=300%2C231&amp;ssl=1 300w, https:\/\/i0.wp.com\/eltrabajo.cl\/portal\/wp-content\/uploads\/2018\/02\/Sophia1.jpg?resize=400%2C307&amp;ssl=1 400w\" sizes=\"auto, (max-width: 579px) 100vw, 579px\" \/><figcaption id=\"caption-attachment-84601\" class=\"wp-caption-text\">A FIRMAR TODOS.- Los adultos tambi\u00e9n firmaron la petici\u00f3n, son firmas que ser\u00e1n presentadas al Congreso juntamente con millones m\u00e1s que ya se est\u00e1n colectando a nivel nacional.<\/figcaption><\/figure>\n<figure id=\"attachment_84602\" aria-describedby=\"caption-attachment-84602\" style=\"width: 579px\" class=\"wp-caption alignnone\"><img data-recalc-dims=\"1\" loading=\"lazy\" decoding=\"async\" class=\"size-full wp-image-84602\" src=\"https:\/\/i0.wp.com\/www.eltrabajo.cl\/2017\/wp-content\/uploads\/2018\/02\/Sophia2.jpg?resize=579%2C411\" alt=\"VECINOS SE MANIFIESTAN.- Cientos de sanfelipe\u00f1os se manifestaron con sus hijos en la Plaza de Armas de San Felipe la tarde del domingo, y lo hicieron para buscar la creaci\u00f3n de la Ley Sophia.\" width=\"579\" height=\"411\" srcset=\"https:\/\/i0.wp.com\/eltrabajo.cl\/portal\/wp-content\/uploads\/2018\/02\/Sophia2.jpg?w=579&amp;ssl=1 579w, https:\/\/i0.wp.com\/eltrabajo.cl\/portal\/wp-content\/uploads\/2018\/02\/Sophia2.jpg?resize=200%2C142&amp;ssl=1 200w, https:\/\/i0.wp.com\/eltrabajo.cl\/portal\/wp-content\/uploads\/2018\/02\/Sophia2.jpg?resize=300%2C213&amp;ssl=1 300w, https:\/\/i0.wp.com\/eltrabajo.cl\/portal\/wp-content\/uploads\/2018\/02\/Sophia2.jpg?resize=211%2C150&amp;ssl=1 211w, https:\/\/i0.wp.com\/eltrabajo.cl\/portal\/wp-content\/uploads\/2018\/02\/Sophia2.jpg?resize=400%2C284&amp;ssl=1 400w\" sizes=\"auto, (max-width: 579px) 100vw, 579px\" \/><figcaption id=\"caption-attachment-84602\" class=\"wp-caption-text\">VECINOS SE MANIFIESTAN.- Cientos de sanfelipe\u00f1os se manifestaron con sus hijos en la Plaza de Armas de San Felipe la tarde del domingo, y lo hicieron para buscar la creaci\u00f3n de la Ley Sophia.<\/figcaption><\/figure>\n","protected":false},"excerpt":{"rendered":"<p>Exigen norma que castigue severamente a los agresores de ni\u00f1os: Luego que la noticia en la que se registr\u00f3 que una ni\u00f1a de un a\u00f1o y 11 meses falleciera la tarde del&#8230;<\/p>\n","protected":false},"author":1,"featured_media":84602,"comment_status":"open","ping_status":"open","sticky":false,"template":"","format":"standard","meta":{"advanced_seo_description":"","jetpack_seo_html_title":"","jetpack_seo_noindex":false,"_jetpack_memberships_contains_paid_content":false,"footnotes":""},"categories":[15],"tags":[],"class_list":["post-84598","post","type-post","status-publish","format-standard","has-post-thumbnail","hentry","category-comunidad"],"jetpack_featured_media_url":"https:\/\/i0.wp.com\/eltrabajo.cl\/portal\/wp-content\/uploads\/2018\/02\/Sophia2.jpg?fit=579%2C411&ssl=1","jetpack_sharing_enabled":true,"jetpack_likes_enabled":true,"jetpack-related-posts":[],"_links":{"self":[{"href":"https:\/\/eltrabajo.cl\/portal\/wp-json\/wp\/v2\/posts\/84598","targetHints":{"allow":["GET"]}}],"collection":[{"href":"https:\/\/eltrabajo.cl\/portal\/wp-json\/wp\/v2\/posts"}],"about":[{"href":"https:\/\/eltrabajo.cl\/portal\/wp-json\/wp\/v2\/types\/post"}],"author":[{"embeddable":true,"href":"https:\/\/eltrabajo.cl\/portal\/wp-json\/wp\/v2\/users\/1"}],"replies":[{"embeddable":true,"href":"https:\/\/eltrabajo.cl\/portal\/wp-json\/wp\/v2\/comments?post=84598"}],"version-history":[{"count":0,"href":"https:\/\/eltrabajo.cl\/portal\/wp-json\/wp\/v2\/posts\/84598\/revisions"}],"wp:featuredmedia":[{"embeddable":true,"href":"https:\/\/eltrabajo.cl\/portal\/wp-json\/wp\/v2\/media\/84602"}],"wp:attachment":[{"href":"https:\/\/eltrabajo.cl\/portal\/wp-json\/wp\/v2\/media?parent=84598"}],"wp:term":[{"taxonomy":"category","embeddable":true,"href":"https:\/\/eltrabajo.cl\/portal\/wp-json\/wp\/v2\/categories?post=84598"},{"taxonomy":"post_tag","embeddable":true,"href":"https:\/\/eltrabajo.cl\/portal\/wp-json\/wp\/v2\/tags?post=84598"}],"curies":[{"name":"wp","href":"https:\/\/api.w.org\/{rel}","templated":true}]}}