{"id":84616,"date":"2018-02-08T05:00:16","date_gmt":"2018-02-08T09:00:16","guid":{"rendered":"http:\/\/www.eltrabajo.cl\/2017\/?p=84616"},"modified":"2018-02-08T05:00:16","modified_gmt":"2018-02-08T09:00:16","slug":"tatoo-conocido-conductor-de-colectivos-quedo-en-la-calle","status":"publish","type":"post","link":"https:\/\/eltrabajo.cl\/portal\/tatoo-conocido-conductor-de-colectivos-quedo-en-la-calle\/","title":{"rendered":"\u2018Tatoo\u2019, conocido conductor de colectivos, qued\u00f3 en la calle"},"content":{"rendered":"<figure id=\"attachment_84617\" aria-describedby=\"caption-attachment-84617\" style=\"width: 580px\" class=\"wp-caption alignnone\"><img data-recalc-dims=\"1\" loading=\"lazy\" decoding=\"async\" class=\"size-full wp-image-84617\" src=\"https:\/\/i0.wp.com\/www.eltrabajo.cl\/2017\/wp-content\/uploads\/2018\/02\/tatoo2.jpg?resize=580%2C401\" alt=\"As\u00ed est\u00e1 hoy Tatoo Reinaldo Di Blasis Rodr\u00edguez.\" width=\"580\" height=\"401\" srcset=\"https:\/\/i0.wp.com\/eltrabajo.cl\/portal\/wp-content\/uploads\/2018\/02\/tatoo2.jpg?w=580&amp;ssl=1 580w, https:\/\/i0.wp.com\/eltrabajo.cl\/portal\/wp-content\/uploads\/2018\/02\/tatoo2.jpg?resize=200%2C138&amp;ssl=1 200w, https:\/\/i0.wp.com\/eltrabajo.cl\/portal\/wp-content\/uploads\/2018\/02\/tatoo2.jpg?resize=300%2C207&amp;ssl=1 300w, https:\/\/i0.wp.com\/eltrabajo.cl\/portal\/wp-content\/uploads\/2018\/02\/tatoo2.jpg?resize=217%2C150&amp;ssl=1 217w, https:\/\/i0.wp.com\/eltrabajo.cl\/portal\/wp-content\/uploads\/2018\/02\/tatoo2.jpg?resize=400%2C277&amp;ssl=1 400w\" sizes=\"auto, (max-width: 580px) 100vw, 580px\" \/><figcaption id=\"caption-attachment-84617\" class=\"wp-caption-text\">As\u00ed est\u00e1 hoy Tatoo Reinaldo Di Blasis Rodr\u00edguez.<\/figcaption><\/figure>\n<ul>\n<li><span style=\"color: #ff0000;\"><strong>\u201cTuve una peque\u00f1a depresi\u00f3n, dos accidentes consecutivos no pagaron nada, perd\u00ed dos autos y qued\u00e9 en la calle\u201d:<\/strong><\/span><\/li>\n<\/ul>\n<p>Quiz\u00e1s a cu\u00e1ntas personas transport\u00f3 en su taxi colectivo en San Felipe. Por su estatura le pusieron el apodo de un personaje de una serie de los a\u00f1os 80, donde se ve\u00eda una persona baja de estatura junto a su jefe en una isla, quien en cuanto divisaba un avi\u00f3n repet\u00eda var\u00edas veces \u201cEl avi\u00f3n\u2026 jefe el avi\u00f3n\u201d, nos referimos a \u2018La Isla de la Fantas\u00eda\u2019.<br \/>\nPocos deben conocerlo por su nombre real Reinaldo Antonio Di Blasis Rodr\u00edguez, 64 a\u00f1os, nacido el 03 de agosto de 1953, pero muchos lo ubican por su apodo \u2018Tatoo\u2019, a quien hoy lo vemos a diario sentado en la plaza o caminando por las calles de San Felipe.<br \/>\nA muchos que lo conocen le ha sorprendido el cambio que ha experimentado, lamentablemente as\u00ed es la vida, como una monta\u00f1a rusa, a veces se est\u00e1 en lo alto y otras en lo bajo.<br \/>\n<strong>&#8211; \u00bfQu\u00e9 le pas\u00f3?, siempre lo ve\u00edamos conduciendo taxis colectivos, \u00bftuvo alg\u00fan problema?<\/strong><br \/>\n&#8211; Tuve una peque\u00f1a depresi\u00f3n, dos accidentes consecutivos no pagaron nada, perd\u00ed dos autos y qued\u00e9 en la calle, tengo familiares que me ayudan con poco, pero algo que sea, ah\u00ed estoy tratando de baraj\u00e1rmelas, estoy esperando que me jubilen en agosto, ya hice los tr\u00e1mites pertinentes, espero recibir algo.<br \/>\n<strong>&#8211; \u00bfCu\u00e1nto ser\u00eda m\u00e1s o menos esa pensi\u00f3n?<\/strong><br \/>\n&#8211; Ciento ochenta a doscientos mil pesos m\u00e1s o menos, con las alzas que van a haber con los nuevos cambios que hay. S\u00ed estoy un poquito mejor y me gustar\u00eda trabajar en cualquier cosa, por eso le encargo a la gente que me conoce si tiene alg\u00fan trabajito me lo d\u00e9.<br \/>\n<strong>&#8211; Pero es incre\u00edble c\u00f3mo va decayendo una persona.<\/strong><br \/>\n&#8211; Claro y cuesta levantarse adem\u00e1s.<br \/>\n<strong>&#8211; \u00bfQu\u00e9 hay de cierto como nos han comentado algunas personas, que te ibas a jugar a las carreras de caballos?<\/strong><br \/>\n&#8211; No, antes iba, pero a pasar la tarde como un deporte, como de repente voy al f\u00fatbol, as\u00ed nom\u00e1s, no era para llegar a tal extremo.<br \/>\n<strong>&#8211; Ahora \u00bfc\u00f3mo sobrevives diariamente? <\/strong><br \/>\n&#8211; Tengo un familiar que me da la alimentaci\u00f3n y por ah\u00ed con amigos que ayudan.<br \/>\n<strong>&#8211; \u00bfD\u00f3nde est\u00e1s viviendo, en la calle donde alg\u00fan amigo?<\/strong><br \/>\n&#8211; No, yo vivo en los departamentos Parras\u00eda, ah\u00ed gracias a Dios tengo un departamento, donde vivo solo, tengo mis cositas, luz, agua, de todo.<br \/>\n<strong>&#8211; \u00bfCu\u00e1ntos a\u00f1os trabajaste como conductor de taxi colectivo?<\/strong><br \/>\n&#8211; Yo trabaje m\u00e1s o menos como 18 a 20 a\u00f1os, antes trabaj\u00e9 en la construcci\u00f3n, en una empresa de Santiago, estuve para el sur y despu\u00e9s me vine para ac\u00e1 y me puse a trabajar en colectivo y de ah\u00ed me sal\u00eda m\u00e1s.<br \/>\n<strong>&#8211; \u00bfEres casado?<\/strong><br \/>\n&#8211; Soy separado.<br \/>\n<strong>&#8211; \u00bfHijos?<\/strong><br \/>\n&#8211; S\u00ed, tengo uno.<br \/>\n<strong>&#8211; \u00bfTienes contacto con \u00e9l?<\/strong><br \/>\n&#8211; S\u00ed, pero a lo lejos, tiene cuarenta a\u00f1os el hombre y ah\u00ed est\u00e1, mientras yo ah\u00ed lo estoy pasando, tratando de salir, me acuesto temprano, sano, lo \u00fanico que le hago es al cigarro.<br \/>\nEl d\u00eda de la entrevista hab\u00eda ganado dinero en un \u2018pololito\u2019 que acababa de realizar, para sobrevivir.<br \/>\n<strong>&#8211; \u00bfC\u00f3mo consideras que es t\u00fa vida?<\/strong><br \/>\n&#8211; Es triste porque de repente me encuentro en un camino sin salida, no hay ayuda, no hay nada, as\u00ed esperando poder salir adelante.<br \/>\n<strong>&#8211; Pero uno cuando est\u00e1 as\u00ed con esa sensaci\u00f3n se despreocupa de uno mismo, \u00bfqu\u00e9 dices t\u00fa?<\/strong><br \/>\n&#8211; Claro, se despreocupa\u2026 se deja estar, antes a m\u00ed me gustaba andar bien pinteado, la ropa de \u00faltima moda, ahora no, me da lo mismo, entonces esas son cosas que lo debilitan a uno como persona, estoy claro de c\u00f3mo estoy.<br \/>\n<strong>&#8211; \u00bfPero te gustar\u00eda tener otra vida como la de antes por ejemplo, cuesta cambiar?<\/strong><br \/>\n&#8211; Es f\u00e1cil porque otras veces he estado igual, depende de uno nada m\u00e1s, a\u00f1os atr\u00e1s estuve igual, un a\u00f1o hospitalizado y me levant\u00e9.<br \/>\n<strong>&#8211; A la gente que va a leer esta entrevista, a la comunidad, qu\u00e9 le puedes decir, principalmente a esas personas que conocieron de tu trabajo.<\/strong><br \/>\n&#8211; Que me ayuden con trabajo, alg\u00fan trabajito.<br \/>\n<strong>&#8211; \u00bfEres responsable, la gente puede confiar en ti?<\/strong><br \/>\n&#8211; S\u00ed, el sentido de responsabilidad no se ha perdido, as\u00ed es que si alguien puede ayudarme con el trabajo que sea.<br \/>\n<strong>&#8211; \u00bfD\u00f3nde te pueden ubicar?<\/strong><br \/>\n&#8211; Aqu\u00ed mismo en la calle, todos los d\u00edas salgo, es lo que me recomiendan.<br \/>\n&#8211; \u00bfTe gusta San Felipe?<br \/>\n<strong>&#8211; S\u00ed, soy sanfelipe\u00f1o de coraz\u00f3n.<\/strong><br \/>\nAl finalizar la entrevista le agradecemos su tiempo y Reinaldo se da media vuelta y sigue su camino por calle Santo Domingo hacia el oriente.<\/p>\n","protected":false},"excerpt":{"rendered":"<p>\u201cTuve una peque\u00f1a depresi\u00f3n, dos accidentes consecutivos no pagaron nada, perd\u00ed dos autos y qued\u00e9 en la calle\u201d: Quiz\u00e1s a cu\u00e1ntas personas transport\u00f3 en su taxi colectivo en San Felipe. Por su&#8230;<\/p>\n","protected":false},"author":1,"featured_media":84617,"comment_status":"open","ping_status":"open","sticky":false,"template":"","format":"standard","meta":{"advanced_seo_description":"","jetpack_seo_html_title":"","jetpack_seo_noindex":false,"_jetpack_memberships_contains_paid_content":false,"footnotes":""},"categories":[15],"tags":[],"class_list":["post-84616","post","type-post","status-publish","format-standard","has-post-thumbnail","hentry","category-comunidad"],"jetpack_featured_media_url":"https:\/\/i0.wp.com\/eltrabajo.cl\/portal\/wp-content\/uploads\/2018\/02\/tatoo2.jpg?fit=580%2C401&ssl=1","jetpack_sharing_enabled":true,"jetpack_likes_enabled":true,"jetpack-related-posts":[],"_links":{"self":[{"href":"https:\/\/eltrabajo.cl\/portal\/wp-json\/wp\/v2\/posts\/84616","targetHints":{"allow":["GET"]}}],"collection":[{"href":"https:\/\/eltrabajo.cl\/portal\/wp-json\/wp\/v2\/posts"}],"about":[{"href":"https:\/\/eltrabajo.cl\/portal\/wp-json\/wp\/v2\/types\/post"}],"author":[{"embeddable":true,"href":"https:\/\/eltrabajo.cl\/portal\/wp-json\/wp\/v2\/users\/1"}],"replies":[{"embeddable":true,"href":"https:\/\/eltrabajo.cl\/portal\/wp-json\/wp\/v2\/comments?post=84616"}],"version-history":[{"count":0,"href":"https:\/\/eltrabajo.cl\/portal\/wp-json\/wp\/v2\/posts\/84616\/revisions"}],"wp:featuredmedia":[{"embeddable":true,"href":"https:\/\/eltrabajo.cl\/portal\/wp-json\/wp\/v2\/media\/84617"}],"wp:attachment":[{"href":"https:\/\/eltrabajo.cl\/portal\/wp-json\/wp\/v2\/media?parent=84616"}],"wp:term":[{"taxonomy":"category","embeddable":true,"href":"https:\/\/eltrabajo.cl\/portal\/wp-json\/wp\/v2\/categories?post=84616"},{"taxonomy":"post_tag","embeddable":true,"href":"https:\/\/eltrabajo.cl\/portal\/wp-json\/wp\/v2\/tags?post=84616"}],"curies":[{"name":"wp","href":"https:\/\/api.w.org\/{rel}","templated":true}]}}