{"id":84628,"date":"2018-02-08T05:03:11","date_gmt":"2018-02-08T09:03:11","guid":{"rendered":"http:\/\/www.eltrabajo.cl\/2017\/?p=84628"},"modified":"2018-02-08T05:03:11","modified_gmt":"2018-02-08T09:03:11","slug":"este-viernes-nina-sanfelipena-a-la-final-de-repechaje-estrellas-de-mega","status":"publish","type":"post","link":"https:\/\/eltrabajo.cl\/portal\/este-viernes-nina-sanfelipena-a-la-final-de-repechaje-estrellas-de-mega\/","title":{"rendered":"Este viernes ni\u00f1a sanfelipe\u00f1a a la final de repechaje Estrellas de Mega"},"content":{"rendered":"<figure id=\"attachment_84631\" aria-describedby=\"caption-attachment-84631\" style=\"width: 580px\" class=\"wp-caption alignnone\"><img data-recalc-dims=\"1\" loading=\"lazy\" decoding=\"async\" class=\"size-full wp-image-84631\" src=\"https:\/\/i0.wp.com\/www.eltrabajo.cl\/2017\/wp-content\/uploads\/2018\/02\/Anyel-Montenegro3Cantante.jpg?resize=580%2C433\" alt=\"Anyel Luna Montenegro, tiene 11 a\u00f1os de edad y es estudiante del Colegio Greenland School.\" width=\"580\" height=\"433\" srcset=\"https:\/\/i0.wp.com\/eltrabajo.cl\/portal\/wp-content\/uploads\/2018\/02\/Anyel-Montenegro3Cantante.jpg?w=580&amp;ssl=1 580w, https:\/\/i0.wp.com\/eltrabajo.cl\/portal\/wp-content\/uploads\/2018\/02\/Anyel-Montenegro3Cantante.jpg?resize=200%2C150&amp;ssl=1 200w, https:\/\/i0.wp.com\/eltrabajo.cl\/portal\/wp-content\/uploads\/2018\/02\/Anyel-Montenegro3Cantante.jpg?resize=300%2C224&amp;ssl=1 300w, https:\/\/i0.wp.com\/eltrabajo.cl\/portal\/wp-content\/uploads\/2018\/02\/Anyel-Montenegro3Cantante.jpg?resize=201%2C150&amp;ssl=1 201w, https:\/\/i0.wp.com\/eltrabajo.cl\/portal\/wp-content\/uploads\/2018\/02\/Anyel-Montenegro3Cantante.jpg?resize=400%2C299&amp;ssl=1 400w\" sizes=\"auto, (max-width: 580px) 100vw, 580px\" \/><figcaption id=\"caption-attachment-84631\" class=\"wp-caption-text\">Anyel Luna Montenegro, tiene 11 a\u00f1os de edad y es estudiante del Colegio Greenland School.<\/figcaption><\/figure>\n<ul>\n<li><span style=\"color: #ff0000;\"><strong>Anyel Luna Montenegro gan\u00f3 en diciembre el Sanfest 2017:<\/strong><\/span><\/li>\n<\/ul>\n<p>Es una de las ni\u00f1as sanfelipe\u00f1as con m\u00e1s carisma y encanto infantil del Valle de Aconcagua, adem\u00e1s de contar con una dulce voz que hoy la tiene en la pantalla nacional de talentos en el Matinal de Mega, se llama Anyel Luna Montenegro, tiene 11 a\u00f1os de edad y es estudiante del Colegio Greenland School, adem\u00e1s que desde hace varios a\u00f1os estudia en la Escuela de Canto de Luis \u2018Lucho\u2019 Jara, en Santiago.<\/p>\n<p><span style=\"color: #ff0000;\"><strong>SIEMPRE CANTANDO<\/strong><\/span><br \/>\nElla es noticia hoy, porque este viernes estar\u00e1 disput\u00e1ndose un lugar para la Gran Final de Mega que pronto estar\u00e1 desarroll\u00e1ndose en ese canal televisivo.<br \/>\n\u00abDesde mis 5 a\u00f1os de edad descubr\u00ed que me gusta cantar, pero fue hasta 2014 cuando incursion\u00e9 el concurso Grandes Estrellas, de Putaendo, cuando me anim\u00e9 a participar, luego en 2016 volv\u00ed a los escenarios, esta vez era Sanfest 2016, no logr\u00e9 ganarlo porque me \u2018congel\u00e9\u2019 cuando m\u00e1s necesitaba brillar, luego, no contenta conmigo misma, me inscrib\u00ed de nuevo en el Sanfest 2017 y esta vez s\u00ed logr\u00e9 superar mis miedos, recib\u00ed el primer lugar seg\u00fan decidi\u00f3 el Jurado\u00bb, dijo la joven artista sanfelipe\u00f1a.<\/p>\n<p><span style=\"color: #ff0000;\"><strong>YA EST\u00c1 EN MEGA<\/strong><\/span><br \/>\nSon muchas horas de ensayo y trabajo de sus padres para lograr que ella logre estar a tiempo y en buena disposici\u00f3n para este riguroso tren de pedaleo.<br \/>\n\u00abEste a\u00f1o estoy participando en Mega, en un programa llamado Estrellas MG 2018, es un matinal en el cual ya he pasado varias rondas, actualmente estoy en un repechaje para la Gran Final. En mi caso no soy nueva en Mega, en 2016 particip\u00e9 en un programa de Villancicos, me ha ido bien\u00bb, puntualiz\u00f3 Anyel a Diario El Trabajo.<br \/>\nTodos quienes laboramos en este medio hoy felicitamos a esta regalona ni\u00f1a, esperando que el viernes logre ganar su etapa y pasar a la final de Mega.<br \/>\n<strong>Roberto Gonz\u00e1lez Short<\/strong><\/p>\n<figure id=\"attachment_84632\" aria-describedby=\"caption-attachment-84632\" style=\"width: 578px\" class=\"wp-caption alignnone\"><img data-recalc-dims=\"1\" loading=\"lazy\" decoding=\"async\" class=\"size-full wp-image-84632\" src=\"https:\/\/i0.wp.com\/www.eltrabajo.cl\/2017\/wp-content\/uploads\/2018\/02\/Anyel-Montenegro1-1.jpg?resize=578%2C344\" alt=\"Aqu\u00ed vemos la pantalla de Mega, presentando a la ni\u00f1a sanfelipe\u00f1a Anyel Montenegro, brillando como las grandes y con luz propia.\" width=\"578\" height=\"344\" srcset=\"https:\/\/i0.wp.com\/eltrabajo.cl\/portal\/wp-content\/uploads\/2018\/02\/Anyel-Montenegro1-1.jpg?w=578&amp;ssl=1 578w, https:\/\/i0.wp.com\/eltrabajo.cl\/portal\/wp-content\/uploads\/2018\/02\/Anyel-Montenegro1-1.jpg?resize=200%2C119&amp;ssl=1 200w, https:\/\/i0.wp.com\/eltrabajo.cl\/portal\/wp-content\/uploads\/2018\/02\/Anyel-Montenegro1-1.jpg?resize=300%2C179&amp;ssl=1 300w, https:\/\/i0.wp.com\/eltrabajo.cl\/portal\/wp-content\/uploads\/2018\/02\/Anyel-Montenegro1-1.jpg?resize=252%2C150&amp;ssl=1 252w, https:\/\/i0.wp.com\/eltrabajo.cl\/portal\/wp-content\/uploads\/2018\/02\/Anyel-Montenegro1-1.jpg?resize=400%2C238&amp;ssl=1 400w\" sizes=\"auto, (max-width: 578px) 100vw, 578px\" \/><figcaption id=\"caption-attachment-84632\" class=\"wp-caption-text\">Aqu\u00ed vemos la pantalla de Mega, presentando a la ni\u00f1a sanfelipe\u00f1a Anyel Montenegro, brillando como las grandes y con luz propia.<\/figcaption><\/figure>\n<figure id=\"attachment_84630\" aria-describedby=\"caption-attachment-84630\" style=\"width: 580px\" class=\"wp-caption alignnone\"><img data-recalc-dims=\"1\" loading=\"lazy\" decoding=\"async\" class=\"size-full wp-image-84630\" src=\"https:\/\/i0.wp.com\/www.eltrabajo.cl\/2017\/wp-content\/uploads\/2018\/02\/Anyel-Montenegro2.jpg?resize=580%2C440\" alt=\"UNA GANADORA.- Aqu\u00ed vemos a nuestra amiguita recibiendo el premio al Primer Lugar del Sanfest 2017, en la Escuela Jos\u00e9 de San Mart\u00edn, en San Felipe.\" width=\"580\" height=\"440\" srcset=\"https:\/\/i0.wp.com\/eltrabajo.cl\/portal\/wp-content\/uploads\/2018\/02\/Anyel-Montenegro2.jpg?w=580&amp;ssl=1 580w, https:\/\/i0.wp.com\/eltrabajo.cl\/portal\/wp-content\/uploads\/2018\/02\/Anyel-Montenegro2.jpg?resize=198%2C150&amp;ssl=1 198w, https:\/\/i0.wp.com\/eltrabajo.cl\/portal\/wp-content\/uploads\/2018\/02\/Anyel-Montenegro2.jpg?resize=300%2C228&amp;ssl=1 300w, https:\/\/i0.wp.com\/eltrabajo.cl\/portal\/wp-content\/uploads\/2018\/02\/Anyel-Montenegro2.jpg?resize=400%2C303&amp;ssl=1 400w\" sizes=\"auto, (max-width: 580px) 100vw, 580px\" \/><figcaption id=\"caption-attachment-84630\" class=\"wp-caption-text\">UNA GANADORA.- Aqu\u00ed vemos a nuestra amiguita recibiendo el premio al Primer Lugar del Sanfest 2017, en la Escuela Jos\u00e9 de San Mart\u00edn, en San Felipe.<\/figcaption><\/figure>\n","protected":false},"excerpt":{"rendered":"<p>Anyel Luna Montenegro gan\u00f3 en diciembre el Sanfest 2017: Es una de las ni\u00f1as sanfelipe\u00f1as con m\u00e1s carisma y encanto infantil del Valle de Aconcagua, adem\u00e1s de contar con una dulce voz&#8230;<\/p>\n","protected":false},"author":1,"featured_media":84632,"comment_status":"open","ping_status":"open","sticky":false,"template":"","format":"standard","meta":{"advanced_seo_description":"","jetpack_seo_html_title":"","jetpack_seo_noindex":false,"_jetpack_memberships_contains_paid_content":false,"footnotes":""},"categories":[15],"tags":[],"class_list":["post-84628","post","type-post","status-publish","format-standard","has-post-thumbnail","hentry","category-comunidad"],"jetpack_featured_media_url":"https:\/\/i0.wp.com\/eltrabajo.cl\/portal\/wp-content\/uploads\/2018\/02\/Anyel-Montenegro1-1.jpg?fit=578%2C344&ssl=1","jetpack_sharing_enabled":true,"jetpack_likes_enabled":true,"jetpack-related-posts":[],"_links":{"self":[{"href":"https:\/\/eltrabajo.cl\/portal\/wp-json\/wp\/v2\/posts\/84628","targetHints":{"allow":["GET"]}}],"collection":[{"href":"https:\/\/eltrabajo.cl\/portal\/wp-json\/wp\/v2\/posts"}],"about":[{"href":"https:\/\/eltrabajo.cl\/portal\/wp-json\/wp\/v2\/types\/post"}],"author":[{"embeddable":true,"href":"https:\/\/eltrabajo.cl\/portal\/wp-json\/wp\/v2\/users\/1"}],"replies":[{"embeddable":true,"href":"https:\/\/eltrabajo.cl\/portal\/wp-json\/wp\/v2\/comments?post=84628"}],"version-history":[{"count":0,"href":"https:\/\/eltrabajo.cl\/portal\/wp-json\/wp\/v2\/posts\/84628\/revisions"}],"wp:featuredmedia":[{"embeddable":true,"href":"https:\/\/eltrabajo.cl\/portal\/wp-json\/wp\/v2\/media\/84632"}],"wp:attachment":[{"href":"https:\/\/eltrabajo.cl\/portal\/wp-json\/wp\/v2\/media?parent=84628"}],"wp:term":[{"taxonomy":"category","embeddable":true,"href":"https:\/\/eltrabajo.cl\/portal\/wp-json\/wp\/v2\/categories?post=84628"},{"taxonomy":"post_tag","embeddable":true,"href":"https:\/\/eltrabajo.cl\/portal\/wp-json\/wp\/v2\/tags?post=84628"}],"curies":[{"name":"wp","href":"https:\/\/api.w.org\/{rel}","templated":true}]}}