{"id":84637,"date":"2018-02-08T05:05:10","date_gmt":"2018-02-08T09:05:10","guid":{"rendered":"http:\/\/www.eltrabajo.cl\/2017\/?p=84637"},"modified":"2018-02-08T05:05:10","modified_gmt":"2018-02-08T09:05:10","slug":"pidio-petroleo-en-servicentro-pero-le-cargaron-bencina-a-su-vehiculo","status":"publish","type":"post","link":"https:\/\/eltrabajo.cl\/portal\/pidio-petroleo-en-servicentro-pero-le-cargaron-bencina-a-su-vehiculo\/","title":{"rendered":"Pidi\u00f3 petr\u00f3leo en servicentro pero le cargaron bencina a su veh\u00edculo"},"content":{"rendered":"<figure id=\"attachment_84638\" aria-describedby=\"caption-attachment-84638\" style=\"width: 580px\" class=\"wp-caption alignnone\"><img data-recalc-dims=\"1\" loading=\"lazy\" decoding=\"async\" class=\"size-full wp-image-84638\" src=\"https:\/\/i0.wp.com\/www.eltrabajo.cl\/2017\/wp-content\/uploads\/2018\/02\/error_Adela-Castro.jpg?resize=580%2C423\" alt=\"Adela Castro, due\u00f1a del veh\u00edculo da\u00f1ado.\" width=\"580\" height=\"423\" srcset=\"https:\/\/i0.wp.com\/eltrabajo.cl\/portal\/wp-content\/uploads\/2018\/02\/error_Adela-Castro.jpg?w=580&amp;ssl=1 580w, https:\/\/i0.wp.com\/eltrabajo.cl\/portal\/wp-content\/uploads\/2018\/02\/error_Adela-Castro.jpg?resize=200%2C146&amp;ssl=1 200w, https:\/\/i0.wp.com\/eltrabajo.cl\/portal\/wp-content\/uploads\/2018\/02\/error_Adela-Castro.jpg?resize=300%2C219&amp;ssl=1 300w, https:\/\/i0.wp.com\/eltrabajo.cl\/portal\/wp-content\/uploads\/2018\/02\/error_Adela-Castro.jpg?resize=206%2C150&amp;ssl=1 206w, https:\/\/i0.wp.com\/eltrabajo.cl\/portal\/wp-content\/uploads\/2018\/02\/error_Adela-Castro.jpg?resize=400%2C292&amp;ssl=1 400w\" sizes=\"auto, (max-width: 580px) 100vw, 580px\" \/><figcaption id=\"caption-attachment-84638\" class=\"wp-caption-text\">Adela Castro, due\u00f1a del veh\u00edculo da\u00f1ado.<\/figcaption><\/figure>\n<ul>\n<li><span style=\"color: #ff0000;\"><strong>Fatal error humano de bombero enfrenta hoy a conductora y bencinera:<\/strong><\/span><\/li>\n<\/ul>\n<p>Un ins\u00f3lito caso en el que el error humano tom\u00f3 protagonismo y le gener\u00f3 un costoso da\u00f1o a un veh\u00edculo nuevo de una vecina de Villa El Descanso, es el que hoy hacemos p\u00fablico en Diario El Trabajo, luego que do\u00f1a Adela Castro, propietaria del veh\u00edculo afectado, visitara nuestra Sala de Redacci\u00f3n para denunciar su situaci\u00f3n.<br \/>\nSeg\u00fan lo que Castro explic\u00f3, su familia ya contaba con un veh\u00edculo b\u00e1sico, con el que lograban desplazarse para las actividades familiares, pero luego que una de sus hijas ingresara al circuito de las artistas infantiles de la televisi\u00f3n, ella y su esposo decidieron comprar en diciembre un veh\u00edculo nuevo, invirtiendo en ello todos los ahorros que ten\u00edan, pues con dicho m\u00f3vil que es petrolero podr\u00edan viajar de manera m\u00e1s econ\u00f3mica.<br \/>\n<strong>&#8211; \u00bfPor qu\u00e9 compraron ustedes este veh\u00edculo?<\/strong><br \/>\n&#8211; Fue con miras a brindarle todo el apoyo a una de nuestras hijas para que ella pueda asistir a sus ensayos musicales en Santiago, que mi esposo y yo invertimos todos nuestros ahorros, los que ten\u00edamos para nuestra casa, en comprar un veh\u00edculo nuevo, este veh\u00edculo nos cost\u00f3 $18 millones, nosotros como padres hemos luchado por darle todas las herramientas para que ella pueda desarrollar una carrera como artista infantil.<br \/>\n<strong>&#8211; \u00bfCu\u00e1ndo le ocurri\u00f3 el incidente con este veh\u00edculo en la bencinera?<\/strong><br \/>\n&#8211; Hace unas noches fui a cargar petr\u00f3leo a la Bomba Copec de Tres Esquinas, eso fue la noche del 17 de enero, yo estacion\u00e9 con normalidad y el joven que me atendi\u00f3 carg\u00f3 combustible, fueron $20.000 lo que le cargu\u00e9 a mi veh\u00edculo. Recuerdo que fueron tres veces al joven que me cargara petr\u00f3leo, adem\u00e1s, en la tapa del tanque de combustible dice claramente la palabra \u2018Diesel\u2019, a m\u00ed no se me comunic\u00f3 que me hab\u00edan cargado gasolina.<br \/>\n<strong>&#8211; \u00bfQu\u00e9 pas\u00f3 luego, se present\u00f3 alg\u00fan problema?<\/strong><br \/>\n&#8211; A la mitad del camino a mi casa el veh\u00edculo empez\u00f3 a echar mucho humo, me devolv\u00ed a Tres Esquinas para informar en la bencinera lo que me hab\u00eda pasado, de inmediato me llam\u00f3 por tel\u00e9fono el gerente Alejandro Guerra para comunicarme que cuando amaneciera ellos se har\u00edan responsables y que pasar\u00edan a mi casa a buscar mi veh\u00edculo, efectivamente ellos pasaron al d\u00eda siguiente a buscarla, actualmente mi veh\u00edculo est\u00e1 en reparaciones en la empresa donde lo compramos.<br \/>\n<strong>&#8211; \u00bfLe ha ofrecido Copec alguna soluci\u00f3n?<\/strong><br \/>\n&#8211; Bueno, ya pasaron 20 d\u00edas, lo que hemos logrado acordar con Copec es que s\u00ed se van a responsabilizar en reparar mi veh\u00edculo, pero estamos entrampados en que \u00e9l (Alejandro Guerra) no me asegura que si el veh\u00edculo llega a fallar de nuevo, \u00e9l vuelva a responder por ese da\u00f1o.<br \/>\n<strong>&#8211; \u00bfInterpuso usted alguna denuncia en Sernac?<\/strong><br \/>\n&#8211; A todo esto yo interpuse una denuncia en Sernac, con Sernac hemos escrito una carta en la que aceptamos el ofrecimiento de esta reparaci\u00f3n al motor de mi veh\u00edculo por parte de Copec, pero en el taller nos anuncian que a futuro probablemente el veh\u00edculo d\u00e9 problemas, \u00e9se es el tema que no podemos resolver, necesitamos que Copec nos d\u00e9 la tranquilidad se har\u00e1 responsable de la reparaci\u00f3n y de los da\u00f1os colaterales que pueda tener el veh\u00edculo a corto, mediano y largo plazo.<\/p>\n<p><span style=\"color: #ff0000;\"><strong>SILENCIO EN COPEC<\/strong><\/span><br \/>\nDiario El Trabajo contact\u00f3 al se\u00f1or Alejandro Guerra, gerente de Copec Tres Esquinas, quien nos inform\u00f3, una vez enterado de los reclamos de do\u00f1a Adela, que \u00e9l no se referir\u00eda en nuestro medio sobre esta denuncia.<br \/>\n<strong>Roberto Gonz\u00e1lez Short<\/strong><\/p>\n<figure id=\"attachment_84639\" aria-describedby=\"caption-attachment-84639\" style=\"width: 579px\" class=\"wp-caption alignnone\"><img data-recalc-dims=\"1\" loading=\"lazy\" decoding=\"async\" class=\"size-full wp-image-84639\" src=\"https:\/\/i0.wp.com\/www.eltrabajo.cl\/2017\/wp-content\/uploads\/2018\/02\/error1.jpg?resize=579%2C386\" alt=\"ERROR FATAL.- El error de un bombero al cargar bencina a un veh\u00edculo petrolero, tiene ahora enfrentados a la due\u00f1a del m\u00f3vil con la empresa Copec, cuyo concesionario no obstante accedi\u00f3 responsablemente a reparar los da\u00f1os.\" width=\"579\" height=\"386\" srcset=\"https:\/\/i0.wp.com\/eltrabajo.cl\/portal\/wp-content\/uploads\/2018\/02\/error1.jpg?w=579&amp;ssl=1 579w, https:\/\/i0.wp.com\/eltrabajo.cl\/portal\/wp-content\/uploads\/2018\/02\/error1.jpg?resize=200%2C133&amp;ssl=1 200w, https:\/\/i0.wp.com\/eltrabajo.cl\/portal\/wp-content\/uploads\/2018\/02\/error1.jpg?resize=300%2C200&amp;ssl=1 300w, https:\/\/i0.wp.com\/eltrabajo.cl\/portal\/wp-content\/uploads\/2018\/02\/error1.jpg?resize=225%2C150&amp;ssl=1 225w, https:\/\/i0.wp.com\/eltrabajo.cl\/portal\/wp-content\/uploads\/2018\/02\/error1.jpg?resize=400%2C267&amp;ssl=1 400w\" sizes=\"auto, (max-width: 579px) 100vw, 579px\" \/><figcaption id=\"caption-attachment-84639\" class=\"wp-caption-text\">ERROR FATAL.- El error de un bombero al cargar bencina a un veh\u00edculo petrolero, tiene ahora enfrentados a la due\u00f1a del m\u00f3vil con la empresa Copec, cuyo concesionario no obstante accedi\u00f3 responsablemente a reparar los da\u00f1os.<\/figcaption><\/figure>\n<figure id=\"attachment_84640\" aria-describedby=\"caption-attachment-84640\" style=\"width: 578px\" class=\"wp-caption alignnone\"><img data-recalc-dims=\"1\" loading=\"lazy\" decoding=\"async\" class=\"size-full wp-image-84640\" src=\"https:\/\/i0.wp.com\/www.eltrabajo.cl\/2017\/wp-content\/uploads\/2018\/02\/error3.jpg?resize=578%2C386\" alt=\"ERROR HUMANO.- Claramente se lee en la tapa del estanque la palabra DIESEL, detalle important\u00edsimo que el empleado no advirti\u00f3.\" width=\"578\" height=\"386\" srcset=\"https:\/\/i0.wp.com\/eltrabajo.cl\/portal\/wp-content\/uploads\/2018\/02\/error3.jpg?w=578&amp;ssl=1 578w, https:\/\/i0.wp.com\/eltrabajo.cl\/portal\/wp-content\/uploads\/2018\/02\/error3.jpg?resize=200%2C134&amp;ssl=1 200w, https:\/\/i0.wp.com\/eltrabajo.cl\/portal\/wp-content\/uploads\/2018\/02\/error3.jpg?resize=300%2C200&amp;ssl=1 300w, https:\/\/i0.wp.com\/eltrabajo.cl\/portal\/wp-content\/uploads\/2018\/02\/error3.jpg?resize=225%2C150&amp;ssl=1 225w, https:\/\/i0.wp.com\/eltrabajo.cl\/portal\/wp-content\/uploads\/2018\/02\/error3.jpg?resize=400%2C267&amp;ssl=1 400w\" sizes=\"auto, (max-width: 578px) 100vw, 578px\" \/><figcaption id=\"caption-attachment-84640\" class=\"wp-caption-text\">ERROR HUMANO.- Claramente se lee en la tapa del estanque la palabra DIESEL, detalle important\u00edsimo que el empleado no advirti\u00f3.<\/figcaption><\/figure>\n<figure id=\"attachment_84641\" aria-describedby=\"caption-attachment-84641\" style=\"width: 578px\" class=\"wp-caption alignnone\"><img data-recalc-dims=\"1\" loading=\"lazy\" decoding=\"async\" class=\"size-full wp-image-84641\" src=\"https:\/\/i0.wp.com\/www.eltrabajo.cl\/2017\/wp-content\/uploads\/2018\/02\/error4.jpg?resize=578%2C320\" alt=\"EN ESPERA.- Esta es el veh\u00edculo afectado por este fatal accidente, el cual Copec responsablemente ha intentado reparar.\" width=\"578\" height=\"320\" srcset=\"https:\/\/i0.wp.com\/eltrabajo.cl\/portal\/wp-content\/uploads\/2018\/02\/error4.jpg?w=578&amp;ssl=1 578w, https:\/\/i0.wp.com\/eltrabajo.cl\/portal\/wp-content\/uploads\/2018\/02\/error4.jpg?resize=200%2C111&amp;ssl=1 200w, https:\/\/i0.wp.com\/eltrabajo.cl\/portal\/wp-content\/uploads\/2018\/02\/error4.jpg?resize=300%2C166&amp;ssl=1 300w, https:\/\/i0.wp.com\/eltrabajo.cl\/portal\/wp-content\/uploads\/2018\/02\/error4.jpg?resize=271%2C150&amp;ssl=1 271w, https:\/\/i0.wp.com\/eltrabajo.cl\/portal\/wp-content\/uploads\/2018\/02\/error4.jpg?resize=400%2C221&amp;ssl=1 400w\" sizes=\"auto, (max-width: 578px) 100vw, 578px\" \/><figcaption id=\"caption-attachment-84641\" class=\"wp-caption-text\">EN ESPERA.- Esta es el veh\u00edculo afectado por este fatal accidente, el cual Copec responsablemente ha intentado reparar.<\/figcaption><\/figure>\n","protected":false},"excerpt":{"rendered":"<p>Fatal error humano de bombero enfrenta hoy a conductora y bencinera: Un ins\u00f3lito caso en el que el error humano tom\u00f3 protagonismo y le gener\u00f3 un costoso da\u00f1o a un veh\u00edculo nuevo&#8230;<\/p>\n","protected":false},"author":1,"featured_media":84641,"comment_status":"open","ping_status":"open","sticky":false,"template":"","format":"standard","meta":{"advanced_seo_description":"","jetpack_seo_html_title":"","jetpack_seo_noindex":false,"_jetpack_memberships_contains_paid_content":false,"footnotes":""},"categories":[15],"tags":[],"class_list":["post-84637","post","type-post","status-publish","format-standard","has-post-thumbnail","hentry","category-comunidad"],"jetpack_featured_media_url":"https:\/\/i0.wp.com\/eltrabajo.cl\/portal\/wp-content\/uploads\/2018\/02\/error4.jpg?fit=578%2C320&ssl=1","jetpack_sharing_enabled":true,"jetpack_likes_enabled":true,"jetpack-related-posts":[],"_links":{"self":[{"href":"https:\/\/eltrabajo.cl\/portal\/wp-json\/wp\/v2\/posts\/84637","targetHints":{"allow":["GET"]}}],"collection":[{"href":"https:\/\/eltrabajo.cl\/portal\/wp-json\/wp\/v2\/posts"}],"about":[{"href":"https:\/\/eltrabajo.cl\/portal\/wp-json\/wp\/v2\/types\/post"}],"author":[{"embeddable":true,"href":"https:\/\/eltrabajo.cl\/portal\/wp-json\/wp\/v2\/users\/1"}],"replies":[{"embeddable":true,"href":"https:\/\/eltrabajo.cl\/portal\/wp-json\/wp\/v2\/comments?post=84637"}],"version-history":[{"count":0,"href":"https:\/\/eltrabajo.cl\/portal\/wp-json\/wp\/v2\/posts\/84637\/revisions"}],"wp:featuredmedia":[{"embeddable":true,"href":"https:\/\/eltrabajo.cl\/portal\/wp-json\/wp\/v2\/media\/84641"}],"wp:attachment":[{"href":"https:\/\/eltrabajo.cl\/portal\/wp-json\/wp\/v2\/media?parent=84637"}],"wp:term":[{"taxonomy":"category","embeddable":true,"href":"https:\/\/eltrabajo.cl\/portal\/wp-json\/wp\/v2\/categories?post=84637"},{"taxonomy":"post_tag","embeddable":true,"href":"https:\/\/eltrabajo.cl\/portal\/wp-json\/wp\/v2\/tags?post=84637"}],"curies":[{"name":"wp","href":"https:\/\/api.w.org\/{rel}","templated":true}]}}