{"id":84717,"date":"2018-02-14T05:00:58","date_gmt":"2018-02-14T09:00:58","guid":{"rendered":"http:\/\/www.eltrabajo.cl\/2017\/?p=84717"},"modified":"2018-02-14T05:00:58","modified_gmt":"2018-02-14T09:00:58","slug":"sanfelipeno-logra-el-4o-lugar-en-campeonato-nacional-de-espada-larga","status":"publish","type":"post","link":"https:\/\/eltrabajo.cl\/portal\/sanfelipeno-logra-el-4o-lugar-en-campeonato-nacional-de-espada-larga\/","title":{"rendered":"Sanfelipe\u00f1o logra el 4\u00ba lugar en Campeonato Nacional de Espada larga"},"content":{"rendered":"<figure id=\"attachment_84719\" aria-describedby=\"caption-attachment-84719\" style=\"width: 579px\" class=\"wp-caption alignnone\"><img data-recalc-dims=\"1\" loading=\"lazy\" decoding=\"async\" class=\"size-full wp-image-84719\" src=\"https:\/\/i0.wp.com\/www.eltrabajo.cl\/2017\/wp-content\/uploads\/2018\/02\/Esgrima1.jpg?resize=579%2C326\" alt=\"SAN FELIPE PRESENTE.- Ellos son parte de la gran colectividad que dio vida a esta 6\u00aa versi\u00f3n del Congreso de Artes Marciales Occidentales (Camo VI) en la comuna de \u00d1u\u00f1oa, en Santiago.\" width=\"579\" height=\"326\" srcset=\"https:\/\/i0.wp.com\/eltrabajo.cl\/portal\/wp-content\/uploads\/2018\/02\/Esgrima1.jpg?w=579&amp;ssl=1 579w, https:\/\/i0.wp.com\/eltrabajo.cl\/portal\/wp-content\/uploads\/2018\/02\/Esgrima1.jpg?resize=200%2C113&amp;ssl=1 200w, https:\/\/i0.wp.com\/eltrabajo.cl\/portal\/wp-content\/uploads\/2018\/02\/Esgrima1.jpg?resize=300%2C169&amp;ssl=1 300w, https:\/\/i0.wp.com\/eltrabajo.cl\/portal\/wp-content\/uploads\/2018\/02\/Esgrima1.jpg?resize=266%2C150&amp;ssl=1 266w, https:\/\/i0.wp.com\/eltrabajo.cl\/portal\/wp-content\/uploads\/2018\/02\/Esgrima1.jpg?resize=400%2C225&amp;ssl=1 400w\" sizes=\"auto, (max-width: 579px) 100vw, 579px\" \/><figcaption id=\"caption-attachment-84719\" class=\"wp-caption-text\">SAN FELIPE PRESENTE.- Ellos son parte de la gran colectividad que dio vida a esta 6\u00aa versi\u00f3n del Congreso de Artes Marciales Occidentales (Camo VI) en la comuna de \u00d1u\u00f1oa, en Santiago.<\/figcaption><\/figure>\n<ul>\n<li><span style=\"color: #ff0000;\"><strong>Esgrima aconcag\u00fcina se abre paso a nivel nacional:<\/strong><\/span><\/li>\n<\/ul>\n<p>Es la primera vez que en Diario El Trabajo publicamos informaci\u00f3n sobre la Sociedad de Esgrima Hist\u00f3rica de Aconcagua (Seha), organismo que el pasado fin de semana desarroll\u00f3 la 6\u00aa versi\u00f3n del Congreso de Artes Marciales Occidentales (Camo VI) en la comuna de \u00d1u\u00f1oa, en Santiago. A dicho Congreso asistieron representando a nuestra Regi\u00f3n los integrantes de Seha, quienes tres veces por semana estudian y practican el uso de la espada larga del siglo XV y del sable militar chileno del siglo XIX.<br \/>\nNuestro medio habl\u00f3 con Jorge Gaete, uno de los integrantes de Seha, quien nos coment\u00f3 que \u00abla pr\u00e1ctica de Esgrima Hist\u00f3rica, o Hema (Historical European Martial Arts \/ Artes Marciales Hist\u00f3ricas Europeas) se refiere a m\u00e9todos documentados de combate de origen europeo con o sin armas. Nuestra misi\u00f3n es recopilar y estudiar documentos y sistemas de Artes Marciales dejados por maestros hist\u00f3ricos y reconstruir su contenido para una pr\u00e1ctica moderna y segura. Para esto realizamos un estudio profundo de las fuentes originales (Opera Nova de Achile Marozzo siglo XVI y Opera Nova de Antonio Manciolino 1520) en variadas armas, tambi\u00e9n reglamentos de uso de Sable de Caballer\u00eda chileno del siglo XIX\u00bb, coment\u00f3 Gaete a Diario El Trabajo.<\/p>\n<p><span style=\"color: #ff0000;\"><strong>LOS IMPLEMENTOS<\/strong><\/span><br \/>\nSobre los implementos que se requieren para la adecuada pr\u00e1ctica de este deporte, este profesional nos explic\u00f3 que \u00abla seguridad es uno de los puntos importantes en nuestra actividad. As\u00ed, la implementaci\u00f3n con la que contamos permite una esgrima din\u00e1mica y segura en la que se incluyen: Canillera, rodillera, pantalones especiales acolchados, protector inguinal, chaquetas acolchadas especiales, pechera, codera, protecciones de antebrazos, guantes para protecci\u00f3n de alto impacto y careta de esgrima con protector occipital. Asimismo los implementos utilizados para pr\u00e1ctica son espadas de un pol\u00edmero sint\u00e9tico de alto impacto, con peso y dimensiones basados en fuentes hist\u00f3ricas y r\u00e9plicas de espadas antiguas sin filo y con punta roma, especialmente dise\u00f1adas para la pr\u00e1ctica de nuestra actividad. Todo esto junto con un ambiente de pr\u00e1ctica marcial responsable, centr\u00e1ndose en el crecimiento personal de los participantes, nos permite revivir los sistemas de aprendizaje de esgrima llevados a la realidad actual con un enfoque tanto deportivo como marcial\u00bb, agreg\u00f3 Gaete.<br \/>\n<strong>&#8211; \u00bfCu\u00e1les son las dificultades que ustedes deben enfrentar en este deporte?<\/strong><br \/>\n&#8211; Las principales dificultades con las que se cuentan en nuestro pa\u00eds para la pr\u00e1ctica de la esgrima hist\u00f3rica, son conseguir el equipo necesario para la pr\u00e1ctica segura y contar con un lugar adecuado para un entrenamiento constante para los participantes y espectadores.<br \/>\n<strong>&#8211; \u00bfEn qu\u00e9 se centr\u00f3 la participaci\u00f3n del Seha en el Camo VI y a qui\u00e9nes fue dirigida?<\/strong><br \/>\n&#8211; La participaci\u00f3n de Seha en Camo VI estuvo centrada en la realizaci\u00f3n de un Taller de Sable chileno para las agrupaciones asistentes de todo el pa\u00eds, tales como la Academia de Esgrima Hist\u00f3rica de Santiago (AEHS); Compa\u00f1\u00eda Espada de Plata, Santiago (CEP); Ausdauer Concepci\u00f3n; Esgrima Hist\u00f3rica Concepci\u00f3n (EHC); Esgrima Hist\u00f3rica Valdivia (EHV) y la Sociedad de Esgrima Hist\u00f3rica de Aconcagua (Seha). Tambi\u00e9n se recibi\u00f3 una delegaci\u00f3n proveniente desde la ciudad de Buenos Aires, del vecino pa\u00eds de Argentina, que comparti\u00f3 y contrast\u00f3 actividades con la comunidad Hema, de Chile.<br \/>\n<strong>&#8211; \u00bfC\u00f3mo te fue a ti en este congreso de esgrima?<\/strong><br \/>\n&#8211; Fueron variados los talleres realizados por las distintas agrupaciones asistentes, se realiz\u00f3 un campeonato nacional de Espada larga, en donde me enfrent\u00e9 a muy buenos exponentes, al final logr\u00e9 un cuarto lugar. El primer lugar lo consigui\u00f3 Benjam\u00edn V\u00e9liz, de Ahes, segundo lugar Andr\u00e9s Halabi, de EHV y tercer lugar Benjam\u00edn Agurto, tambi\u00e9n de Ahes. Quiero recordar a los lectores de Diario El Trabajo, que nuestra agrupaci\u00f3n Seha entrena en las dependencias del Conjunto Patrimonial Buen Pastor, los d\u00edas martes y jueves de 18:30 a 20:30 horas y los s\u00e1bados de 10:30 a 12:30 horas.<br \/>\n<strong>Roberto Gonz\u00e1lez Short<\/strong><\/p>\n<figure id=\"attachment_84720\" aria-describedby=\"caption-attachment-84720\" style=\"width: 580px\" class=\"wp-caption alignnone\"><img data-recalc-dims=\"1\" loading=\"lazy\" decoding=\"async\" class=\"size-full wp-image-84720\" src=\"https:\/\/i0.wp.com\/www.eltrabajo.cl\/2017\/wp-content\/uploads\/2018\/02\/Esgrima2.jpg?resize=580%2C332\" alt=\"GUERREROS DE ACERO.- As\u00ed se enfrentaron muchos de los exponentes de la Esgrima chilena y algunos invitados internacionales, en Santiago.\" width=\"580\" height=\"332\" srcset=\"https:\/\/i0.wp.com\/eltrabajo.cl\/portal\/wp-content\/uploads\/2018\/02\/Esgrima2.jpg?w=580&amp;ssl=1 580w, https:\/\/i0.wp.com\/eltrabajo.cl\/portal\/wp-content\/uploads\/2018\/02\/Esgrima2.jpg?resize=200%2C114&amp;ssl=1 200w, https:\/\/i0.wp.com\/eltrabajo.cl\/portal\/wp-content\/uploads\/2018\/02\/Esgrima2.jpg?resize=300%2C172&amp;ssl=1 300w, https:\/\/i0.wp.com\/eltrabajo.cl\/portal\/wp-content\/uploads\/2018\/02\/Esgrima2.jpg?resize=262%2C150&amp;ssl=1 262w, https:\/\/i0.wp.com\/eltrabajo.cl\/portal\/wp-content\/uploads\/2018\/02\/Esgrima2.jpg?resize=400%2C229&amp;ssl=1 400w\" sizes=\"auto, (max-width: 580px) 100vw, 580px\" \/><figcaption id=\"caption-attachment-84720\" class=\"wp-caption-text\">GUERREROS DE ACERO.- As\u00ed se enfrentaron muchos de los exponentes de la Esgrima chilena y algunos invitados internacionales, en Santiago.<\/figcaption><\/figure>\n<figure id=\"attachment_84721\" aria-describedby=\"caption-attachment-84721\" style=\"width: 578px\" class=\"wp-caption alignnone\"><img data-recalc-dims=\"1\" loading=\"lazy\" decoding=\"async\" class=\"size-full wp-image-84721\" src=\"https:\/\/i0.wp.com\/www.eltrabajo.cl\/2017\/wp-content\/uploads\/2018\/02\/Esgrima3.jpg?resize=578%2C309\" alt=\"CURSO TE\u00d3RICO.- Tambi\u00e9n la parte te\u00f3rica es importante para estos deportistas, por ello recibieron su Curso Te\u00f3rico.\" width=\"578\" height=\"309\" srcset=\"https:\/\/i0.wp.com\/eltrabajo.cl\/portal\/wp-content\/uploads\/2018\/02\/Esgrima3.jpg?w=578&amp;ssl=1 578w, https:\/\/i0.wp.com\/eltrabajo.cl\/portal\/wp-content\/uploads\/2018\/02\/Esgrima3.jpg?resize=200%2C107&amp;ssl=1 200w, https:\/\/i0.wp.com\/eltrabajo.cl\/portal\/wp-content\/uploads\/2018\/02\/Esgrima3.jpg?resize=300%2C160&amp;ssl=1 300w, https:\/\/i0.wp.com\/eltrabajo.cl\/portal\/wp-content\/uploads\/2018\/02\/Esgrima3.jpg?resize=281%2C150&amp;ssl=1 281w, https:\/\/i0.wp.com\/eltrabajo.cl\/portal\/wp-content\/uploads\/2018\/02\/Esgrima3.jpg?resize=400%2C214&amp;ssl=1 400w\" sizes=\"auto, (max-width: 578px) 100vw, 578px\" \/><figcaption id=\"caption-attachment-84721\" class=\"wp-caption-text\">CURSO TE\u00d3RICO.- Tambi\u00e9n la parte te\u00f3rica es importante para estos deportistas, por ello recibieron su Curso Te\u00f3rico.<\/figcaption><\/figure>\n<figure id=\"attachment_84718\" aria-describedby=\"caption-attachment-84718\" style=\"width: 579px\" class=\"wp-caption alignnone\"><img data-recalc-dims=\"1\" loading=\"lazy\" decoding=\"async\" class=\"size-full wp-image-84718\" src=\"https:\/\/i0.wp.com\/www.eltrabajo.cl\/2017\/wp-content\/uploads\/2018\/02\/Esgrima_Jorge-Gaete.jpg?resize=579%2C1022\" alt=\"CUARTO LUGAR NACIONAL.- Aqu\u00ed vemos a nuestro entrevistado en plena acci\u00f3n con su larga espada.\" width=\"579\" height=\"1022\" srcset=\"https:\/\/i0.wp.com\/eltrabajo.cl\/portal\/wp-content\/uploads\/2018\/02\/Esgrima_Jorge-Gaete.jpg?w=579&amp;ssl=1 579w, https:\/\/i0.wp.com\/eltrabajo.cl\/portal\/wp-content\/uploads\/2018\/02\/Esgrima_Jorge-Gaete.jpg?resize=85%2C150&amp;ssl=1 85w, https:\/\/i0.wp.com\/eltrabajo.cl\/portal\/wp-content\/uploads\/2018\/02\/Esgrima_Jorge-Gaete.jpg?resize=170%2C300&amp;ssl=1 170w, https:\/\/i0.wp.com\/eltrabajo.cl\/portal\/wp-content\/uploads\/2018\/02\/Esgrima_Jorge-Gaete.jpg?resize=400%2C706&amp;ssl=1 400w\" sizes=\"auto, (max-width: 579px) 100vw, 579px\" \/><figcaption id=\"caption-attachment-84718\" class=\"wp-caption-text\">CUARTO LUGAR NACIONAL.- Aqu\u00ed vemos a nuestro entrevistado en plena acci\u00f3n con su larga espada.<\/figcaption><\/figure>\n","protected":false},"excerpt":{"rendered":"<p>Esgrima aconcag\u00fcina se abre paso a nivel nacional: Es la primera vez que en Diario El Trabajo publicamos informaci\u00f3n sobre la Sociedad de Esgrima Hist\u00f3rica de Aconcagua (Seha), organismo que el pasado&#8230;<\/p>\n","protected":false},"author":1,"featured_media":84720,"comment_status":"open","ping_status":"open","sticky":false,"template":"","format":"standard","meta":{"advanced_seo_description":"","jetpack_seo_html_title":"","jetpack_seo_noindex":false,"_jetpack_memberships_contains_paid_content":false,"footnotes":""},"categories":[15],"tags":[],"class_list":["post-84717","post","type-post","status-publish","format-standard","has-post-thumbnail","hentry","category-comunidad"],"jetpack_featured_media_url":"https:\/\/i0.wp.com\/eltrabajo.cl\/portal\/wp-content\/uploads\/2018\/02\/Esgrima2.jpg?fit=580%2C332&ssl=1","jetpack_sharing_enabled":true,"jetpack_likes_enabled":true,"jetpack-related-posts":[],"_links":{"self":[{"href":"https:\/\/eltrabajo.cl\/portal\/wp-json\/wp\/v2\/posts\/84717","targetHints":{"allow":["GET"]}}],"collection":[{"href":"https:\/\/eltrabajo.cl\/portal\/wp-json\/wp\/v2\/posts"}],"about":[{"href":"https:\/\/eltrabajo.cl\/portal\/wp-json\/wp\/v2\/types\/post"}],"author":[{"embeddable":true,"href":"https:\/\/eltrabajo.cl\/portal\/wp-json\/wp\/v2\/users\/1"}],"replies":[{"embeddable":true,"href":"https:\/\/eltrabajo.cl\/portal\/wp-json\/wp\/v2\/comments?post=84717"}],"version-history":[{"count":0,"href":"https:\/\/eltrabajo.cl\/portal\/wp-json\/wp\/v2\/posts\/84717\/revisions"}],"wp:featuredmedia":[{"embeddable":true,"href":"https:\/\/eltrabajo.cl\/portal\/wp-json\/wp\/v2\/media\/84720"}],"wp:attachment":[{"href":"https:\/\/eltrabajo.cl\/portal\/wp-json\/wp\/v2\/media?parent=84717"}],"wp:term":[{"taxonomy":"category","embeddable":true,"href":"https:\/\/eltrabajo.cl\/portal\/wp-json\/wp\/v2\/categories?post=84717"},{"taxonomy":"post_tag","embeddable":true,"href":"https:\/\/eltrabajo.cl\/portal\/wp-json\/wp\/v2\/tags?post=84717"}],"curies":[{"name":"wp","href":"https:\/\/api.w.org\/{rel}","templated":true}]}}