{"id":84751,"date":"2018-02-15T05:02:26","date_gmt":"2018-02-15T09:02:26","guid":{"rendered":"http:\/\/www.eltrabajo.cl\/2017\/?p=84751"},"modified":"2018-02-15T05:02:26","modified_gmt":"2018-02-15T09:02:26","slug":"sus-deudas-y-discapacidad-la-tienen-al-borde-de-la-desesperacion","status":"publish","type":"post","link":"https:\/\/eltrabajo.cl\/portal\/sus-deudas-y-discapacidad-la-tienen-al-borde-de-la-desesperacion\/","title":{"rendered":"Sus deudas y discapacidad la tienen al borde de la desesperaci\u00f3n"},"content":{"rendered":"<figure id=\"attachment_84754\" aria-describedby=\"caption-attachment-84754\" style=\"width: 580px\" class=\"wp-caption alignnone\"><img data-recalc-dims=\"1\" loading=\"lazy\" decoding=\"async\" class=\"size-full wp-image-84754\" src=\"https:\/\/i0.wp.com\/www.eltrabajo.cl\/2017\/wp-content\/uploads\/2018\/02\/Caderas2.jpg?resize=580%2C399\" alt=\"TODOS AYUDEMOS.- Decenas de documentos solicitamos a esta vecina, para poder confirmar derechamente su angustiante situaci\u00f3n.\" width=\"580\" height=\"399\" srcset=\"https:\/\/i0.wp.com\/eltrabajo.cl\/portal\/wp-content\/uploads\/2018\/02\/Caderas2.jpg?w=580&amp;ssl=1 580w, https:\/\/i0.wp.com\/eltrabajo.cl\/portal\/wp-content\/uploads\/2018\/02\/Caderas2.jpg?resize=200%2C138&amp;ssl=1 200w, https:\/\/i0.wp.com\/eltrabajo.cl\/portal\/wp-content\/uploads\/2018\/02\/Caderas2.jpg?resize=300%2C206&amp;ssl=1 300w, https:\/\/i0.wp.com\/eltrabajo.cl\/portal\/wp-content\/uploads\/2018\/02\/Caderas2.jpg?resize=218%2C150&amp;ssl=1 218w, https:\/\/i0.wp.com\/eltrabajo.cl\/portal\/wp-content\/uploads\/2018\/02\/Caderas2.jpg?resize=400%2C275&amp;ssl=1 400w\" sizes=\"auto, (max-width: 580px) 100vw, 580px\" \/><figcaption id=\"caption-attachment-84754\" class=\"wp-caption-text\">TODOS AYUDEMOS.- Decenas de documentos solicitamos a esta vecina, para poder confirmar derechamente su angustiante situaci\u00f3n.<\/figcaption><\/figure>\n<ul>\n<li><span style=\"color: #ff0000;\"><strong>Mujer necesita apoyo para que sus hijos no pierdan el a\u00f1o escolar<\/strong><\/span><\/li>\n<\/ul>\n<p>Cargando una pila de documentos que certifican su 42% de incapacidad f\u00edsica, ya que necesita una pr\u00f3tesis total de cadera; desesperada por las deudas que tiene con Esval y Chilquinta; deprimida y angustiada por no tener \u00fatiles para poder enviar este a\u00f1o a sus tres hijos al colegio porque no cuenta ni con un peso para comprarles \u00fatiles y ropa escolar, con esas cargas lleg\u00f3 a nuestra Sala de Redacci\u00f3n la vecina llaylla\u00edna Paola Orellana Abarca, de 36 a\u00f1os de edad, buscando el apoyo que tanto necesita para salir adelante con sus cuatro hijos, pues una de ellas, la m\u00e1s peque\u00f1ita de apenas 2 a\u00f1os, a\u00fan est\u00e1 en un jard\u00edn infantil y no necesita \u00fatiles escolares.<br \/>\n\u00abNo puedo trabajar a causa de mi incapacidad, y pese a que he recibido apoyo del municipio llaylla\u00edno y algo recibo del padre de mis hijos, apenas me alcanza para la alimentaci\u00f3n de ellos, con Esval s\u00f3lo me quedan los arreglos de pago, los que no siempre puedo pagar, debo en servicios b\u00e1sicos $123.000, solicito a los lectores de Diario El Trabajo, a los due\u00f1os de librer\u00edas o de tiendas, que me apoyen para que mis hijos no pierdan este a\u00f1o lectivo\u00bb, coment\u00f3 la joven madre.<\/p>\n<p><span style=\"color: #ff0000;\"><strong>MUNICIPIO CONFIRMA<\/strong><\/span><br \/>\nNuestro medio tom\u00f3 contacto con el Municipio de Llay Llay, en donde el Departamento de Ayuda Social nos confirm\u00f3 que efectivamente do\u00f1a Paola desde hace algunos a\u00f1os ha sido atendida para que pueda solventar algunos aspectos de sus necesidades b\u00e1sicas como pa\u00f1ales para su ni\u00f1a chica, alimentaci\u00f3n para ella y sus hijos y hasta materiales de construcci\u00f3n para su humilde vivienda. En total se le habr\u00edan suministrado cuatro ayudas en 2016 y tambi\u00e9n otras cuatro en 2017. Seg\u00fan la Municipalidad de Llay Llay, siempre en ese municipio hay una pol\u00edtica de no exclusi\u00f3n hacia los vecinos, y que siempre estar\u00e1 disponible para ayudar cuando sea necesario.<br \/>\nHoy en Diario El Trabajo hacemos un extensivo llamado a nuestros fieles lectores y comercio en general, para que solidariamente brindemos el apoyo a esta madre y a sus hijos. La primera empresa que levant\u00f3 la mano para apoyar fue Carnes KAR, de San Felipe, anunciando que a partir de la pr\u00f3xima semana se iniciar\u00e1 una campa\u00f1a solidaria para colectar \u00fatiles, zapatos y todo tipo de ayuda para estas personas. Los interesados pueden tambi\u00e9n dejar su donativo en Carnes KAR, tambi\u00e9n los interesados en apoyar pueden llamar directamente a do\u00f1a Paola al 993706559.<br \/>\n<strong>Roberto Gonz\u00e1lez Short<\/strong><\/p>\n<figure id=\"attachment_84752\" aria-describedby=\"caption-attachment-84752\" style=\"width: 580px\" class=\"wp-caption alignnone\"><img data-recalc-dims=\"1\" loading=\"lazy\" decoding=\"async\" class=\"size-full wp-image-84752\" src=\"https:\/\/i0.wp.com\/www.eltrabajo.cl\/2017\/wp-content\/uploads\/2018\/02\/Caderas_Paola-Orellana.jpg?resize=580%2C590\" alt=\"Ella es Paola Orellana, vecina que hoy necesita nuestro apoyo.\" width=\"580\" height=\"590\" srcset=\"https:\/\/i0.wp.com\/eltrabajo.cl\/portal\/wp-content\/uploads\/2018\/02\/Caderas_Paola-Orellana.jpg?w=580&amp;ssl=1 580w, https:\/\/i0.wp.com\/eltrabajo.cl\/portal\/wp-content\/uploads\/2018\/02\/Caderas_Paola-Orellana.jpg?resize=147%2C150&amp;ssl=1 147w, https:\/\/i0.wp.com\/eltrabajo.cl\/portal\/wp-content\/uploads\/2018\/02\/Caderas_Paola-Orellana.jpg?resize=295%2C300&amp;ssl=1 295w, https:\/\/i0.wp.com\/eltrabajo.cl\/portal\/wp-content\/uploads\/2018\/02\/Caderas_Paola-Orellana.jpg?resize=400%2C407&amp;ssl=1 400w\" sizes=\"auto, (max-width: 580px) 100vw, 580px\" \/><figcaption id=\"caption-attachment-84752\" class=\"wp-caption-text\">Ella es Paola Orellana, vecina que hoy necesita nuestro apoyo.<\/figcaption><\/figure>\n<figure id=\"attachment_84753\" aria-describedby=\"caption-attachment-84753\" style=\"width: 580px\" class=\"wp-caption alignnone\"><img data-recalc-dims=\"1\" loading=\"lazy\" decoding=\"async\" class=\"size-full wp-image-84753\" src=\"https:\/\/i0.wp.com\/www.eltrabajo.cl\/2017\/wp-content\/uploads\/2018\/02\/Caderas1.jpg?resize=580%2C399\" alt=\"\u00bfUNA MANO AMIGA?.- Son miles de pesos los que esta vecina de Llay Llay debe por consumo de agua y electricidad.\" width=\"580\" height=\"399\" srcset=\"https:\/\/i0.wp.com\/eltrabajo.cl\/portal\/wp-content\/uploads\/2018\/02\/Caderas1.jpg?w=580&amp;ssl=1 580w, https:\/\/i0.wp.com\/eltrabajo.cl\/portal\/wp-content\/uploads\/2018\/02\/Caderas1.jpg?resize=200%2C138&amp;ssl=1 200w, https:\/\/i0.wp.com\/eltrabajo.cl\/portal\/wp-content\/uploads\/2018\/02\/Caderas1.jpg?resize=300%2C206&amp;ssl=1 300w, https:\/\/i0.wp.com\/eltrabajo.cl\/portal\/wp-content\/uploads\/2018\/02\/Caderas1.jpg?resize=218%2C150&amp;ssl=1 218w, https:\/\/i0.wp.com\/eltrabajo.cl\/portal\/wp-content\/uploads\/2018\/02\/Caderas1.jpg?resize=400%2C275&amp;ssl=1 400w\" sizes=\"auto, (max-width: 580px) 100vw, 580px\" \/><figcaption id=\"caption-attachment-84753\" class=\"wp-caption-text\">\u00bfUNA MANO AMIGA?.- Son miles de pesos los que esta vecina de Llay Llay debe por consumo de agua y electricidad.<\/figcaption><\/figure>\n","protected":false},"excerpt":{"rendered":"<p>Mujer necesita apoyo para que sus hijos no pierdan el a\u00f1o escolar Cargando una pila de documentos que certifican su 42% de incapacidad f\u00edsica, ya que necesita una pr\u00f3tesis total de cadera;&#8230;<\/p>\n","protected":false},"author":1,"featured_media":84753,"comment_status":"open","ping_status":"open","sticky":false,"template":"","format":"standard","meta":{"advanced_seo_description":"","jetpack_seo_html_title":"","jetpack_seo_noindex":false,"_jetpack_memberships_contains_paid_content":false,"footnotes":""},"categories":[15],"tags":[],"class_list":["post-84751","post","type-post","status-publish","format-standard","has-post-thumbnail","hentry","category-comunidad"],"jetpack_featured_media_url":"https:\/\/i0.wp.com\/eltrabajo.cl\/portal\/wp-content\/uploads\/2018\/02\/Caderas1.jpg?fit=580%2C399&ssl=1","jetpack_sharing_enabled":true,"jetpack_likes_enabled":true,"jetpack-related-posts":[],"_links":{"self":[{"href":"https:\/\/eltrabajo.cl\/portal\/wp-json\/wp\/v2\/posts\/84751","targetHints":{"allow":["GET"]}}],"collection":[{"href":"https:\/\/eltrabajo.cl\/portal\/wp-json\/wp\/v2\/posts"}],"about":[{"href":"https:\/\/eltrabajo.cl\/portal\/wp-json\/wp\/v2\/types\/post"}],"author":[{"embeddable":true,"href":"https:\/\/eltrabajo.cl\/portal\/wp-json\/wp\/v2\/users\/1"}],"replies":[{"embeddable":true,"href":"https:\/\/eltrabajo.cl\/portal\/wp-json\/wp\/v2\/comments?post=84751"}],"version-history":[{"count":0,"href":"https:\/\/eltrabajo.cl\/portal\/wp-json\/wp\/v2\/posts\/84751\/revisions"}],"wp:featuredmedia":[{"embeddable":true,"href":"https:\/\/eltrabajo.cl\/portal\/wp-json\/wp\/v2\/media\/84753"}],"wp:attachment":[{"href":"https:\/\/eltrabajo.cl\/portal\/wp-json\/wp\/v2\/media?parent=84751"}],"wp:term":[{"taxonomy":"category","embeddable":true,"href":"https:\/\/eltrabajo.cl\/portal\/wp-json\/wp\/v2\/categories?post=84751"},{"taxonomy":"post_tag","embeddable":true,"href":"https:\/\/eltrabajo.cl\/portal\/wp-json\/wp\/v2\/tags?post=84751"}],"curies":[{"name":"wp","href":"https:\/\/api.w.org\/{rel}","templated":true}]}}