{"id":84756,"date":"2018-02-15T05:03:07","date_gmt":"2018-02-15T09:03:07","guid":{"rendered":"http:\/\/www.eltrabajo.cl\/2017\/?p=84756"},"modified":"2018-02-15T05:03:07","modified_gmt":"2018-02-15T09:03:07","slug":"manana-viernes-sepultan-a-victor-olave-tras-su-muerte-a-sus-75-anos","status":"publish","type":"post","link":"https:\/\/eltrabajo.cl\/portal\/manana-viernes-sepultan-a-victor-olave-tras-su-muerte-a-sus-75-anos\/","title":{"rendered":"Ma\u00f1ana viernes sepultan a V\u00edctor Olave tras su muerte a sus 75 a\u00f1os"},"content":{"rendered":"<figure id=\"attachment_84759\" aria-describedby=\"caption-attachment-84759\" style=\"width: 580px\" class=\"wp-caption alignnone\"><img data-recalc-dims=\"1\" loading=\"lazy\" decoding=\"async\" class=\"size-full wp-image-84759\" src=\"https:\/\/i0.wp.com\/www.eltrabajo.cl\/2017\/wp-content\/uploads\/2018\/02\/portada1.jpg?resize=580%2C400\" alt=\"FUNERALES MA\u00d1ANA.- Los funerales se realizar\u00e1n ma\u00f1ana viernes en la Iglesia Catedral, en horas de la ma\u00f1ana.\" width=\"580\" height=\"400\" srcset=\"https:\/\/i0.wp.com\/eltrabajo.cl\/portal\/wp-content\/uploads\/2018\/02\/portada1.jpg?w=580&amp;ssl=1 580w, https:\/\/i0.wp.com\/eltrabajo.cl\/portal\/wp-content\/uploads\/2018\/02\/portada1.jpg?resize=200%2C138&amp;ssl=1 200w, https:\/\/i0.wp.com\/eltrabajo.cl\/portal\/wp-content\/uploads\/2018\/02\/portada1.jpg?resize=300%2C207&amp;ssl=1 300w, https:\/\/i0.wp.com\/eltrabajo.cl\/portal\/wp-content\/uploads\/2018\/02\/portada1.jpg?resize=218%2C150&amp;ssl=1 218w, https:\/\/i0.wp.com\/eltrabajo.cl\/portal\/wp-content\/uploads\/2018\/02\/portada1.jpg?resize=400%2C276&amp;ssl=1 400w\" sizes=\"auto, (max-width: 580px) 100vw, 580px\" \/><figcaption id=\"caption-attachment-84759\" class=\"wp-caption-text\">FUNERALES MA\u00d1ANA.- Los funerales se realizar\u00e1n ma\u00f1ana viernes en la Iglesia Catedral, en horas de la ma\u00f1ana.<\/figcaption><\/figure>\n<ul>\n<li><span style=\"color: #ff0000;\"><strong>Conocido dirigente comunal dej\u00f3 cari\u00f1o, amigos y mucho desarrollo:<\/strong><\/span><\/li>\n<\/ul>\n<p>Uno de los dirigentes sociales m\u00e1s carism\u00e1ticos del siglo XX y quien siempre estuvo ligado a las m\u00e1s cristalinas causas en busca del desarrollo de las poblaciones de nuestra comuna, don V\u00edctor Robinson Olave Barraza, dej\u00f3 de existir a las siete de la ma\u00f1ana de ayer mi\u00e9rcoles en la comunidad de El Quisco, de la provincia de San Antonio, a sus 75 a\u00f1os de edad, a causa de una fibrosis pulmonar y el Mal de Chagas, noticia que ha entristecido profundamente a los sanfelipe\u00f1os y a los miembros del Partido Comunista de todo el Valle de Aconcagua.<br \/>\nSe trata de quien en vida llen\u00f3 de sentido a las juventudes comunistas de su \u00e9poca; de quien tambi\u00e9n brillara con luz propia al frente de la junta vecinal de Villa Los \u00c1lamos; presidente del Club del Adulto Mayor de Santa Rosa; fiel militante del Partido Comunista de Chile; Core del Adulto Mayor; presidente de la Feria del Juguete y tambi\u00e9n presidente del Club de cueca Semillas del Valle de Aconcagua.<br \/>\nDe todos estos cargos don V\u00edctor siempre se sinti\u00f3 muy orgulloso, pues amaba trabajar por sus vecinos.<\/p>\n<p><span style=\"color: #ff0000;\"><strong>ADI\u00d3S DON V\u00cdCTOR<\/strong><\/span><br \/>\nDiario El Trabajo habl\u00f3 ayer mismo con uno de los hijos de don V\u00edctor, Alexis Olave, quien nos inform\u00f3 que \u00abpap\u00e1 falleci\u00f3 este mi\u00e9rcoles a las 7:00 horas en su casa habitaci\u00f3n, \u00e9l tuvo siete hermanos, de los cuales ahora s\u00f3lo quedan con vida Lionel, Julieta y Tania, tuvo cuatro hijos: Marisol, Ang\u00e9lica, Ricardo y yo, a su vez le dimos doce nietos. \u00c9l fue distinguido como Dirigente Destacado durante la administraci\u00f3n municipal de don Jaime Amar. Los funerales de pap\u00e1 ser\u00e1n en horas de la ma\u00f1ana del pr\u00f3ximo viernes (ma\u00f1ana), en su honor habr\u00e1 una Misa en la Iglesia Catedral, y ser\u00e1 sepultado en el Cementerio Municipal, en El Almendral\u00bb, coment\u00f3 Alexis a nuestro medio.<\/p>\n<p><span style=\"color: #ff0000;\"><strong>\u00abFUE UN BUEN GU\u00cdA\u00bb<\/strong><\/span><br \/>\nNuestros lectores deben saber que don V\u00edctor ingres\u00f3 al Partido Comunista a trav\u00e9s de don Julio Inostroza, quien fuera un Regidor de ese partido, este vecino de Villa Los \u00c1lamos (lugar en donde se est\u00e1 desarrollando su velatorio en la sede vecinal), dej\u00f3 una profunda huella en el coraz\u00f3n de los sanfelipe\u00f1os de su \u00e9poca y de la actual tambi\u00e9n.<br \/>\nDiario El Trabajo habl\u00f3 con el militante comunista y exconcejal sanfelipe\u00f1o, Ricardo Covarrubias, quien detall\u00f3 c\u00f3mo conoci\u00f3 y c\u00f3mo era don V\u00edctor.<br \/>\n<strong>&#8211; \u00bfC\u00f3mo recibe usted la noticia del fallecimiento de V\u00edctor Olave?<\/strong><br \/>\n&#8211; Indudablemente que para m\u00ed la muerte de don V\u00edctor Olave tiene una connotaci\u00f3n importante en mi vida partidaria al haber trabajado con \u00e9l, un compa\u00f1ero antiguo del Partido Comunista que al mismo tiempo con su experiencia pudi\u00e9ramos trabajar en distintas \u00e1reas sociales, tanto en juntas de vecinos, en clubes y en el tema de los temporeros (\u2026) yo recuerdo de manera especial que \u00e9l fue quien me invit\u00f3 a militar en el Partido Comunista hace 40 a\u00f1os.<br \/>\n<strong>&#8211; \u00bfC\u00f3mo era don V\u00edctor y qu\u00e9 era importante para \u00e9l?<\/strong><br \/>\n&#8211; Recuerdo que mi amigo V\u00edctor lleg\u00f3 a verme un domingo a las doce del d\u00eda, est\u00e1bamos en plena dictadura militar, recuerdo que son\u00f3 la sirena de los Bomberos del mediod\u00eda, seguidamente \u00e9l golpe\u00f3 la puerta, \u00e9l estaba detr\u00e1s de la puerta, ah\u00ed aprend\u00ed que para \u00e9l la puntualidad, el respeto y el orden fueron aspectos muy importantes, ense\u00f1anzas que nunca he olvidado, en ese sentido V\u00edctor me ayud\u00f3 a desarrollarme en el \u00e1mbito social en San Felipe, que a la postre signific\u00f3 tambi\u00e9n que posteriormente yo llegara a ser concejal de nuestra comuna (\u2026) se nos fue una Historia de nuestro partido.<br \/>\n<strong>&#8211; \u00bfQu\u00e9 legado nos deja este pionero social a los sanfelipe\u00f1os? <\/strong><br \/>\n&#8211; V\u00edctor inici\u00f3 su militancia al Partido Comunista poquito antes de las elecciones de 1964, en las que gan\u00f3 Eduardo Frey Montalva y Allende sali\u00f3 segundo, cari\u00f1osamente le dec\u00edamos \u2018El Guat\u00f3n Olave\u2019, pero otros tambi\u00e9n le llamaban \u2018El Mellizo Olave\u2019, porque se parec\u00eda mucho a su hermano Jon\u00e1s (\u2026) el legado que nos dej\u00f3 V\u00edctor est\u00e1 que \u00e9l fue capaz de desarrollar un trabajo en Villa Los \u00c1lamos con el tema de la autoconstrucci\u00f3n, \u00e9l particip\u00f3 en todo ese proceso de mejoramiento de espacios y de Patrimonio Familiar, al mismo tiempo \u00e9l trabaj\u00f3 mucho ligado al tema de los adultos mayores con la finalidad de ayudarles a trabajar en las distintas instancias recreativas.<\/p>\n<p><span style=\"color: #ff0000;\"><strong>SE NOS ADELANT\u00d3<\/strong><\/span><br \/>\nTodos quienes laboramos en Diario El Trabajo hoy expresamos nuestro m\u00e1s Sentido P\u00e9same por esta dolorosa partida, deseando sinceramente que su familia y amigos encuentren las fuerzas para superar el dolor que su muerte les significa.<br \/>\n<strong>Roberto Gonz\u00e1lez Short<\/strong><\/p>\n<figure id=\"attachment_84758\" aria-describedby=\"caption-attachment-84758\" style=\"width: 580px\" class=\"wp-caption alignnone\"><img data-recalc-dims=\"1\" loading=\"lazy\" decoding=\"async\" class=\"size-full wp-image-84758\" src=\"https:\/\/i0.wp.com\/www.eltrabajo.cl\/2017\/wp-content\/uploads\/2018\/02\/Funerales_Victor-Olave.jpg?resize=580%2C614\" alt=\"Don V\u00edctor Olave Barraza, falleci\u00f3 ayer a sus 75 a\u00f1os.\" width=\"580\" height=\"614\" srcset=\"https:\/\/i0.wp.com\/eltrabajo.cl\/portal\/wp-content\/uploads\/2018\/02\/Funerales_Victor-Olave.jpg?w=580&amp;ssl=1 580w, https:\/\/i0.wp.com\/eltrabajo.cl\/portal\/wp-content\/uploads\/2018\/02\/Funerales_Victor-Olave.jpg?resize=142%2C150&amp;ssl=1 142w, https:\/\/i0.wp.com\/eltrabajo.cl\/portal\/wp-content\/uploads\/2018\/02\/Funerales_Victor-Olave.jpg?resize=283%2C300&amp;ssl=1 283w, https:\/\/i0.wp.com\/eltrabajo.cl\/portal\/wp-content\/uploads\/2018\/02\/Funerales_Victor-Olave.jpg?resize=400%2C423&amp;ssl=1 400w\" sizes=\"auto, (max-width: 580px) 100vw, 580px\" \/><figcaption id=\"caption-attachment-84758\" class=\"wp-caption-text\">Don V\u00edctor Olave Barraza, falleci\u00f3 ayer a sus 75 a\u00f1os.<\/figcaption><\/figure>\n<figure id=\"attachment_84757\" aria-describedby=\"caption-attachment-84757\" style=\"width: 580px\" class=\"wp-caption alignnone\"><img data-recalc-dims=\"1\" loading=\"lazy\" decoding=\"async\" class=\"size-full wp-image-84757\" src=\"https:\/\/i0.wp.com\/www.eltrabajo.cl\/2017\/wp-content\/uploads\/2018\/02\/Funerales_Ricardo-Covarrubias.jpg?resize=580%2C580\" alt=\"Exconcejal y amigo personal de don V\u00edctor Olave, Ricardo Covarrubias.\" width=\"580\" height=\"580\" srcset=\"https:\/\/i0.wp.com\/eltrabajo.cl\/portal\/wp-content\/uploads\/2018\/02\/Funerales_Ricardo-Covarrubias.jpg?w=580&amp;ssl=1 580w, https:\/\/i0.wp.com\/eltrabajo.cl\/portal\/wp-content\/uploads\/2018\/02\/Funerales_Ricardo-Covarrubias.jpg?resize=150%2C150&amp;ssl=1 150w, https:\/\/i0.wp.com\/eltrabajo.cl\/portal\/wp-content\/uploads\/2018\/02\/Funerales_Ricardo-Covarrubias.jpg?resize=300%2C300&amp;ssl=1 300w, https:\/\/i0.wp.com\/eltrabajo.cl\/portal\/wp-content\/uploads\/2018\/02\/Funerales_Ricardo-Covarrubias.jpg?resize=400%2C400&amp;ssl=1 400w\" sizes=\"auto, (max-width: 580px) 100vw, 580px\" \/><figcaption id=\"caption-attachment-84757\" class=\"wp-caption-text\">Exconcejal y amigo personal de don V\u00edctor Olave, Ricardo Covarrubias.<\/figcaption><\/figure>\n<figure id=\"attachment_84760\" aria-describedby=\"caption-attachment-84760\" style=\"width: 580px\" class=\"wp-caption alignnone\"><img data-recalc-dims=\"1\" loading=\"lazy\" decoding=\"async\" class=\"size-full wp-image-84760\" src=\"https:\/\/i0.wp.com\/www.eltrabajo.cl\/2017\/wp-content\/uploads\/2018\/02\/portada2.jpg?resize=580%2C400\" alt=\"GRANDE DON V\u00cdCTOR.- Ayer en horas de la noche llegaron los restos mortales de don V\u00edctor Olave a su querida Villa Los \u00c1lamos.\" width=\"580\" height=\"400\" srcset=\"https:\/\/i0.wp.com\/eltrabajo.cl\/portal\/wp-content\/uploads\/2018\/02\/portada2.jpg?w=580&amp;ssl=1 580w, https:\/\/i0.wp.com\/eltrabajo.cl\/portal\/wp-content\/uploads\/2018\/02\/portada2.jpg?resize=200%2C138&amp;ssl=1 200w, https:\/\/i0.wp.com\/eltrabajo.cl\/portal\/wp-content\/uploads\/2018\/02\/portada2.jpg?resize=300%2C207&amp;ssl=1 300w, https:\/\/i0.wp.com\/eltrabajo.cl\/portal\/wp-content\/uploads\/2018\/02\/portada2.jpg?resize=218%2C150&amp;ssl=1 218w, https:\/\/i0.wp.com\/eltrabajo.cl\/portal\/wp-content\/uploads\/2018\/02\/portada2.jpg?resize=400%2C276&amp;ssl=1 400w\" sizes=\"auto, (max-width: 580px) 100vw, 580px\" \/><figcaption id=\"caption-attachment-84760\" class=\"wp-caption-text\">GRANDE DON V\u00cdCTOR.- Ayer en horas de la noche llegaron los restos mortales de don V\u00edctor Olave a su querida Villa Los \u00c1lamos.<\/figcaption><\/figure>\n","protected":false},"excerpt":{"rendered":"<p>Conocido dirigente comunal dej\u00f3 cari\u00f1o, amigos y mucho desarrollo: Uno de los dirigentes sociales m\u00e1s carism\u00e1ticos del siglo XX y quien siempre estuvo ligado a las m\u00e1s cristalinas causas en busca del&#8230;<\/p>\n","protected":false},"author":1,"featured_media":84760,"comment_status":"open","ping_status":"open","sticky":false,"template":"","format":"standard","meta":{"advanced_seo_description":"","jetpack_seo_html_title":"","jetpack_seo_noindex":false,"_jetpack_memberships_contains_paid_content":false,"footnotes":""},"categories":[15],"tags":[],"class_list":["post-84756","post","type-post","status-publish","format-standard","has-post-thumbnail","hentry","category-comunidad"],"jetpack_featured_media_url":"https:\/\/i0.wp.com\/eltrabajo.cl\/portal\/wp-content\/uploads\/2018\/02\/portada2.jpg?fit=580%2C400&ssl=1","jetpack_sharing_enabled":true,"jetpack_likes_enabled":true,"jetpack-related-posts":[],"_links":{"self":[{"href":"https:\/\/eltrabajo.cl\/portal\/wp-json\/wp\/v2\/posts\/84756","targetHints":{"allow":["GET"]}}],"collection":[{"href":"https:\/\/eltrabajo.cl\/portal\/wp-json\/wp\/v2\/posts"}],"about":[{"href":"https:\/\/eltrabajo.cl\/portal\/wp-json\/wp\/v2\/types\/post"}],"author":[{"embeddable":true,"href":"https:\/\/eltrabajo.cl\/portal\/wp-json\/wp\/v2\/users\/1"}],"replies":[{"embeddable":true,"href":"https:\/\/eltrabajo.cl\/portal\/wp-json\/wp\/v2\/comments?post=84756"}],"version-history":[{"count":0,"href":"https:\/\/eltrabajo.cl\/portal\/wp-json\/wp\/v2\/posts\/84756\/revisions"}],"wp:featuredmedia":[{"embeddable":true,"href":"https:\/\/eltrabajo.cl\/portal\/wp-json\/wp\/v2\/media\/84760"}],"wp:attachment":[{"href":"https:\/\/eltrabajo.cl\/portal\/wp-json\/wp\/v2\/media?parent=84756"}],"wp:term":[{"taxonomy":"category","embeddable":true,"href":"https:\/\/eltrabajo.cl\/portal\/wp-json\/wp\/v2\/categories?post=84756"},{"taxonomy":"post_tag","embeddable":true,"href":"https:\/\/eltrabajo.cl\/portal\/wp-json\/wp\/v2\/tags?post=84756"}],"curies":[{"name":"wp","href":"https:\/\/api.w.org\/{rel}","templated":true}]}}