{"id":84783,"date":"2018-02-16T05:05:25","date_gmt":"2018-02-16T09:05:25","guid":{"rendered":"http:\/\/www.eltrabajo.cl\/2017\/?p=84783"},"modified":"2018-02-16T05:05:25","modified_gmt":"2018-02-16T09:05:25","slug":"madre-temporera-solicita-donativos-de-utiles-escolares-para-sus-tres-hijos","status":"publish","type":"post","link":"https:\/\/eltrabajo.cl\/portal\/madre-temporera-solicita-donativos-de-utiles-escolares-para-sus-tres-hijos\/","title":{"rendered":"Madre temporera solicita donativos de \u00fatiles escolares para sus tres hijos"},"content":{"rendered":"<figure id=\"attachment_84785\" aria-describedby=\"caption-attachment-84785\" style=\"width: 579px\" class=\"wp-caption alignnone\"><img data-recalc-dims=\"1\" loading=\"lazy\" decoding=\"async\" class=\"size-full wp-image-84785\" src=\"https:\/\/i0.wp.com\/www.eltrabajo.cl\/2017\/wp-content\/uploads\/2018\/02\/Uberlinda-Jimenez-2.jpg?resize=579%2C362\" alt=\"POBRE PERO MUY TRABAJADORA.- Esta es la humilde media agua en donde vive esta vecina de Santa Mar\u00eda, en compa\u00f1\u00eda de sus hijos.\" width=\"579\" height=\"362\" srcset=\"https:\/\/i0.wp.com\/eltrabajo.cl\/portal\/wp-content\/uploads\/2018\/02\/Uberlinda-Jimenez-2.jpg?w=579&amp;ssl=1 579w, https:\/\/i0.wp.com\/eltrabajo.cl\/portal\/wp-content\/uploads\/2018\/02\/Uberlinda-Jimenez-2.jpg?resize=200%2C125&amp;ssl=1 200w, https:\/\/i0.wp.com\/eltrabajo.cl\/portal\/wp-content\/uploads\/2018\/02\/Uberlinda-Jimenez-2.jpg?resize=300%2C188&amp;ssl=1 300w, https:\/\/i0.wp.com\/eltrabajo.cl\/portal\/wp-content\/uploads\/2018\/02\/Uberlinda-Jimenez-2.jpg?resize=240%2C150&amp;ssl=1 240w, https:\/\/i0.wp.com\/eltrabajo.cl\/portal\/wp-content\/uploads\/2018\/02\/Uberlinda-Jimenez-2.jpg?resize=400%2C250&amp;ssl=1 400w\" sizes=\"auto, (max-width: 579px) 100vw, 579px\" \/><figcaption id=\"caption-attachment-84785\" class=\"wp-caption-text\">POBRE PERO MUY TRABAJADORA.- Esta es la humilde media agua en donde vive esta vecina de Santa Mar\u00eda, en compa\u00f1\u00eda de sus hijos.<\/figcaption><\/figure>\n<ul>\n<li><span style=\"color: #ff0000;\"><strong>Vive en una media agua en las faldas de un cerro, en Las Cabras:<\/strong><\/span><\/li>\n<\/ul>\n<p><strong>SANTA MAR\u00cdA.-<\/strong> Un llamado a la solidaridad de nuestros lectores es el que hizo una vecina de Las Cabras, en Santa Mar\u00eda, do\u00f1a Uberlinda Jim\u00e9nez, madre soltera de cinco hijos, tres de ellos en edad escolar, busca apoyo para enfrentar los gastos que representa el contar con \u00fatiles escolares, zapatos para sus hijos y libros de estudio tambi\u00e9n.<\/p>\n<p><span style=\"color: #ff0000;\"><strong>MUY TRABAJADORA<\/strong><\/span><br \/>\nSe trata de una vecina que vive en una media agua en las laderas de un cerro en ese sector, este humilde inmueble es propiedad del padre de sus hijos, con quien desde hace tiempo ya no tiene relaci\u00f3n.<br \/>\n\u00abMis hijos son muy aplicados en sus estudios, han cursado todos estos a\u00f1os en la Escuela Aurora Velasco, aqu\u00ed en Las Cabras, pero este a\u00f1o ya los matricul\u00e9 a los tres en el Liceo Dar\u00edo Salas, soy temporera y trabajo bastante para sacar adelante a mis hijos, gano apenas $80.000 por semana, lo que apenas me alcanza para la alimentaci\u00f3n de mis hijos, por eso es que hoy solicito a las librer\u00edas o almacenes, o a personas que puedan y quieran ayudar, que nos donen estos recursos. Los n\u00fameros de zapatos de mis hijos son N\u00ba37 para Jes\u00fas, de 15 a\u00f1os; y N\u00ba35 para Jos\u00e9 de 12 a\u00f1os y Melany de 11 a\u00f1os de edad, as\u00ed tambi\u00e9n cuadernos, l\u00e1pices y mochilas\u00bb, coment\u00f3 a Diario El Trabajo do\u00f1a Uberlinda.<br \/>\nNuestro medio desarroll\u00f3 varias consultas en el Departamento de Desarrollo Social de la Municipalidad de Santa Mar\u00eda, en donde nos confirmaron que efectivamente el caso de esta vecina ya es conocido, destacaron que esta vecina es muy esforzada y muy trabajadora tambi\u00e9n, adem\u00e1s de confirmarnos que ella no es usuaria frecuente de ayudas sociales, la \u00faltima vez que recibi\u00f3 alguna ayuda habr\u00eda sido en 2016, aunque en alguna ocasi\u00f3n particip\u00f3 en un programa del Gobierno. Los interesados en contactar a do\u00f1a Uberlinda pueden llamarla al 962358820.<br \/>\n<strong>Roberto Gonz\u00e1lez Short<\/strong><\/p>\n<figure id=\"attachment_84784\" aria-describedby=\"caption-attachment-84784\" style=\"width: 578px\" class=\"wp-caption alignnone\"><img data-recalc-dims=\"1\" loading=\"lazy\" decoding=\"async\" class=\"size-full wp-image-84784\" src=\"https:\/\/i0.wp.com\/www.eltrabajo.cl\/2017\/wp-content\/uploads\/2018\/02\/Uberlinda-Jimenez-1.jpg?resize=578%2C378\" alt=\"TODOS PODEMOS AYUDAR.- Do\u00f1a Uberlinda nos mostr\u00f3 las carpetas de papel que tiene para enfrentar este a\u00f1o escolar por partida triple.\" width=\"578\" height=\"378\" srcset=\"https:\/\/i0.wp.com\/eltrabajo.cl\/portal\/wp-content\/uploads\/2018\/02\/Uberlinda-Jimenez-1.jpg?w=578&amp;ssl=1 578w, https:\/\/i0.wp.com\/eltrabajo.cl\/portal\/wp-content\/uploads\/2018\/02\/Uberlinda-Jimenez-1.jpg?resize=200%2C131&amp;ssl=1 200w, https:\/\/i0.wp.com\/eltrabajo.cl\/portal\/wp-content\/uploads\/2018\/02\/Uberlinda-Jimenez-1.jpg?resize=300%2C196&amp;ssl=1 300w, https:\/\/i0.wp.com\/eltrabajo.cl\/portal\/wp-content\/uploads\/2018\/02\/Uberlinda-Jimenez-1.jpg?resize=229%2C150&amp;ssl=1 229w, https:\/\/i0.wp.com\/eltrabajo.cl\/portal\/wp-content\/uploads\/2018\/02\/Uberlinda-Jimenez-1.jpg?resize=400%2C262&amp;ssl=1 400w\" sizes=\"auto, (max-width: 578px) 100vw, 578px\" \/><figcaption id=\"caption-attachment-84784\" class=\"wp-caption-text\">TODOS PODEMOS AYUDAR.- Do\u00f1a Uberlinda nos mostr\u00f3 las carpetas de papel que tiene para enfrentar este a\u00f1o escolar por partida triple.<\/figcaption><\/figure>\n<figure id=\"attachment_84786\" aria-describedby=\"caption-attachment-84786\" style=\"width: 579px\" class=\"wp-caption alignnone\"><img data-recalc-dims=\"1\" loading=\"lazy\" decoding=\"async\" class=\"size-full wp-image-84786\" src=\"https:\/\/i0.wp.com\/www.eltrabajo.cl\/2017\/wp-content\/uploads\/2018\/02\/Uberlinda-Jimenez-3.jpg?resize=579%2C578\" alt=\"FR\u00cdO EN INVIERNO.- Uberlinda nos mostr\u00f3 tambi\u00e9n esta tabla tapando un hoyo en la pared, solicit\u00f3 alguna ventana usada para instalarla ah\u00ed.\" width=\"579\" height=\"578\" srcset=\"https:\/\/i0.wp.com\/eltrabajo.cl\/portal\/wp-content\/uploads\/2018\/02\/Uberlinda-Jimenez-3.jpg?w=579&amp;ssl=1 579w, https:\/\/i0.wp.com\/eltrabajo.cl\/portal\/wp-content\/uploads\/2018\/02\/Uberlinda-Jimenez-3.jpg?resize=150%2C150&amp;ssl=1 150w, https:\/\/i0.wp.com\/eltrabajo.cl\/portal\/wp-content\/uploads\/2018\/02\/Uberlinda-Jimenez-3.jpg?resize=300%2C300&amp;ssl=1 300w, https:\/\/i0.wp.com\/eltrabajo.cl\/portal\/wp-content\/uploads\/2018\/02\/Uberlinda-Jimenez-3.jpg?resize=400%2C399&amp;ssl=1 400w\" sizes=\"auto, (max-width: 579px) 100vw, 579px\" \/><figcaption id=\"caption-attachment-84786\" class=\"wp-caption-text\">FR\u00cdO EN INVIERNO.- Uberlinda nos mostr\u00f3 tambi\u00e9n esta tabla tapando un hoyo en la pared, solicit\u00f3 alguna ventana usada para instalarla ah\u00ed.<\/figcaption><\/figure>\n<figure id=\"attachment_84787\" aria-describedby=\"caption-attachment-84787\" style=\"width: 579px\" class=\"wp-caption alignnone\"><img data-recalc-dims=\"1\" loading=\"lazy\" decoding=\"async\" class=\"size-full wp-image-84787\" src=\"https:\/\/i0.wp.com\/www.eltrabajo.cl\/2017\/wp-content\/uploads\/2018\/02\/Uberlinda-Jimenez-4.jpg?resize=579%2C381\" alt=\"TODOS APOYAN.- Cuando llegamos a la casa de do\u00f1a Uberlinda encontramos a Jes\u00fas, uno de los hijos de esta vecina, quien hac\u00eda las labores de aseo en la humilde vivienda.\" width=\"579\" height=\"381\" srcset=\"https:\/\/i0.wp.com\/eltrabajo.cl\/portal\/wp-content\/uploads\/2018\/02\/Uberlinda-Jimenez-4.jpg?w=579&amp;ssl=1 579w, https:\/\/i0.wp.com\/eltrabajo.cl\/portal\/wp-content\/uploads\/2018\/02\/Uberlinda-Jimenez-4.jpg?resize=200%2C132&amp;ssl=1 200w, https:\/\/i0.wp.com\/eltrabajo.cl\/portal\/wp-content\/uploads\/2018\/02\/Uberlinda-Jimenez-4.jpg?resize=300%2C197&amp;ssl=1 300w, https:\/\/i0.wp.com\/eltrabajo.cl\/portal\/wp-content\/uploads\/2018\/02\/Uberlinda-Jimenez-4.jpg?resize=228%2C150&amp;ssl=1 228w, https:\/\/i0.wp.com\/eltrabajo.cl\/portal\/wp-content\/uploads\/2018\/02\/Uberlinda-Jimenez-4.jpg?resize=400%2C263&amp;ssl=1 400w\" sizes=\"auto, (max-width: 579px) 100vw, 579px\" \/><figcaption id=\"caption-attachment-84787\" class=\"wp-caption-text\">TODOS APOYAN.- Cuando llegamos a la casa de do\u00f1a Uberlinda encontramos a Jes\u00fas, uno de los hijos de esta vecina, quien hac\u00eda las labores de aseo en la humilde vivienda.<\/figcaption><\/figure>\n","protected":false},"excerpt":{"rendered":"<p>Vive en una media agua en las faldas de un cerro, en Las Cabras: SANTA MAR\u00cdA.- Un llamado a la solidaridad de nuestros lectores es el que hizo una vecina de Las&#8230;<\/p>\n","protected":false},"author":1,"featured_media":84784,"comment_status":"open","ping_status":"open","sticky":false,"template":"","format":"standard","meta":{"advanced_seo_description":"","jetpack_seo_html_title":"","jetpack_seo_noindex":false,"_jetpack_memberships_contains_paid_content":false,"footnotes":""},"categories":[15],"tags":[],"class_list":["post-84783","post","type-post","status-publish","format-standard","has-post-thumbnail","hentry","category-comunidad"],"jetpack_featured_media_url":"https:\/\/i0.wp.com\/eltrabajo.cl\/portal\/wp-content\/uploads\/2018\/02\/Uberlinda-Jimenez-1.jpg?fit=578%2C378&ssl=1","jetpack_sharing_enabled":true,"jetpack_likes_enabled":true,"jetpack-related-posts":[],"_links":{"self":[{"href":"https:\/\/eltrabajo.cl\/portal\/wp-json\/wp\/v2\/posts\/84783","targetHints":{"allow":["GET"]}}],"collection":[{"href":"https:\/\/eltrabajo.cl\/portal\/wp-json\/wp\/v2\/posts"}],"about":[{"href":"https:\/\/eltrabajo.cl\/portal\/wp-json\/wp\/v2\/types\/post"}],"author":[{"embeddable":true,"href":"https:\/\/eltrabajo.cl\/portal\/wp-json\/wp\/v2\/users\/1"}],"replies":[{"embeddable":true,"href":"https:\/\/eltrabajo.cl\/portal\/wp-json\/wp\/v2\/comments?post=84783"}],"version-history":[{"count":0,"href":"https:\/\/eltrabajo.cl\/portal\/wp-json\/wp\/v2\/posts\/84783\/revisions"}],"wp:featuredmedia":[{"embeddable":true,"href":"https:\/\/eltrabajo.cl\/portal\/wp-json\/wp\/v2\/media\/84784"}],"wp:attachment":[{"href":"https:\/\/eltrabajo.cl\/portal\/wp-json\/wp\/v2\/media?parent=84783"}],"wp:term":[{"taxonomy":"category","embeddable":true,"href":"https:\/\/eltrabajo.cl\/portal\/wp-json\/wp\/v2\/categories?post=84783"},{"taxonomy":"post_tag","embeddable":true,"href":"https:\/\/eltrabajo.cl\/portal\/wp-json\/wp\/v2\/tags?post=84783"}],"curies":[{"name":"wp","href":"https:\/\/api.w.org\/{rel}","templated":true}]}}