{"id":84789,"date":"2018-02-16T05:06:14","date_gmt":"2018-02-16T09:06:14","guid":{"rendered":"http:\/\/www.eltrabajo.cl\/2017\/?p=84789"},"modified":"2018-02-16T05:06:14","modified_gmt":"2018-02-16T09:06:14","slug":"malestar-de-clienta-de-supermercado-por-gusanos-en-una-bolsa-de-arroz","status":"publish","type":"post","link":"https:\/\/eltrabajo.cl\/portal\/malestar-de-clienta-de-supermercado-por-gusanos-en-una-bolsa-de-arroz\/","title":{"rendered":"Malestar de clienta de supermercado por gusanos en una bolsa de arroz"},"content":{"rendered":"<figure id=\"attachment_84793\" aria-describedby=\"caption-attachment-84793\" style=\"width: 579px\" class=\"wp-caption alignnone\"><img data-recalc-dims=\"1\" loading=\"lazy\" decoding=\"async\" class=\"size-full wp-image-84793\" src=\"https:\/\/i0.wp.com\/www.eltrabajo.cl\/2017\/wp-content\/uploads\/2018\/02\/Gusanera3.jpg?resize=579%2C435\" alt=\"EL PROBLEMA.- Este problema es serio, pues la salud humana debe estar por encima de todos los intereses comerciales.\" width=\"579\" height=\"435\" srcset=\"https:\/\/i0.wp.com\/eltrabajo.cl\/portal\/wp-content\/uploads\/2018\/02\/Gusanera3.jpg?w=579&amp;ssl=1 579w, https:\/\/i0.wp.com\/eltrabajo.cl\/portal\/wp-content\/uploads\/2018\/02\/Gusanera3.jpg?resize=200%2C150&amp;ssl=1 200w, https:\/\/i0.wp.com\/eltrabajo.cl\/portal\/wp-content\/uploads\/2018\/02\/Gusanera3.jpg?resize=300%2C225&amp;ssl=1 300w, https:\/\/i0.wp.com\/eltrabajo.cl\/portal\/wp-content\/uploads\/2018\/02\/Gusanera3.jpg?resize=400%2C301&amp;ssl=1 400w\" sizes=\"auto, (max-width: 579px) 100vw, 579px\" \/><figcaption id=\"caption-attachment-84793\" class=\"wp-caption-text\">EL PROBLEMA.- Este problema es serio, pues la salud humana debe estar por encima de todos los intereses comerciales.<\/figcaption><\/figure>\n<p>Una ingrata sorpresa es la que se llev\u00f3 una vecina de Villa Juan Pablo II cuando intent\u00f3 abrir una bolsa de arroz para preparar ayer el almuerzo para su familia, luego que descubri\u00f3 una gusanera al interior del producto. De inmediato fue al establecimiento comercial donde compr\u00f3 el arroz para solicitar explicaciones.<br \/>\n\u00abNo lo pod\u00eda creer, no era uno ni dos, era una gusanera la que ven\u00eda con el arroz crudo, en el supermercado A Cuenta, donde compr\u00e9 ese kilo de arroz, lo \u00fanico que me dijeron es que revisar\u00edan ese lote en la bodega, eso fue todo. Luego fui al Servicio de Salud y a Sernac, interpuse mi reclamo, por ahora lo que he decidido es no comprar m\u00e1s en ese supermercado, pues es un peligro para la salud p\u00fablica\u00bb, coment\u00f3 do\u00f1a Mar\u00eda Villagr\u00e1n, clienta afectada.<\/p>\n<p><span style=\"color: #ff0000;\"><strong>A CUENTA RESPONDE<\/strong><\/span><br \/>\nDiario El Trabajo habl\u00f3 con la Administraci\u00f3n de este establecimiento o s\u00faper bodega, en donde nos aseguraron que el Reclamo Formal no ha ingresado hasta ayer, pues ayer mismo fue interpuesto por la clienta, pero que de inmediato har\u00e1n una exhaustiva revisi\u00f3n al arroz que est\u00e1 en bodegas y el que est\u00e1 a la venta.<br \/>\n<strong>Roberto Gonz\u00e1lez Short<\/strong><\/p>\n<figure id=\"attachment_84790\" aria-describedby=\"caption-attachment-84790\" style=\"width: 580px\" class=\"wp-caption alignnone\"><img data-recalc-dims=\"1\" loading=\"lazy\" decoding=\"async\" class=\"size-full wp-image-84790\" src=\"https:\/\/i0.wp.com\/www.eltrabajo.cl\/2017\/wp-content\/uploads\/2018\/02\/Gusanera_Maria-Villagran.jpg?resize=580%2C602\" alt=\"Mar\u00eda Villagr\u00e1n Gonz\u00e1lez, clienta que hall\u00f3 gusanos en una bolsa de arroz.\" width=\"580\" height=\"602\" srcset=\"https:\/\/i0.wp.com\/eltrabajo.cl\/portal\/wp-content\/uploads\/2018\/02\/Gusanera_Maria-Villagran.jpg?w=580&amp;ssl=1 580w, https:\/\/i0.wp.com\/eltrabajo.cl\/portal\/wp-content\/uploads\/2018\/02\/Gusanera_Maria-Villagran.jpg?resize=145%2C150&amp;ssl=1 145w, https:\/\/i0.wp.com\/eltrabajo.cl\/portal\/wp-content\/uploads\/2018\/02\/Gusanera_Maria-Villagran.jpg?resize=289%2C300&amp;ssl=1 289w, https:\/\/i0.wp.com\/eltrabajo.cl\/portal\/wp-content\/uploads\/2018\/02\/Gusanera_Maria-Villagran.jpg?resize=400%2C415&amp;ssl=1 400w\" sizes=\"auto, (max-width: 580px) 100vw, 580px\" \/><figcaption id=\"caption-attachment-84790\" class=\"wp-caption-text\">Mar\u00eda Villagr\u00e1n Gonz\u00e1lez, clienta que hall\u00f3 gusanos en una bolsa de arroz.<\/figcaption><\/figure>\n<figure id=\"attachment_84791\" aria-describedby=\"caption-attachment-84791\" style=\"width: 578px\" class=\"wp-caption alignnone\"><img data-recalc-dims=\"1\" loading=\"lazy\" decoding=\"async\" class=\"size-full wp-image-84791\" src=\"https:\/\/i0.wp.com\/www.eltrabajo.cl\/2017\/wp-content\/uploads\/2018\/02\/Gusanera1.jpg?resize=578%2C357\" alt=\"Cientos de gusanos fueron hallados entre el arroz que una vecina compr\u00f3 en s\u00faper bodega A Cuenta, en Maip\u00fa.\" width=\"578\" height=\"357\" srcset=\"https:\/\/i0.wp.com\/eltrabajo.cl\/portal\/wp-content\/uploads\/2018\/02\/Gusanera1.jpg?w=578&amp;ssl=1 578w, https:\/\/i0.wp.com\/eltrabajo.cl\/portal\/wp-content\/uploads\/2018\/02\/Gusanera1.jpg?resize=200%2C124&amp;ssl=1 200w, https:\/\/i0.wp.com\/eltrabajo.cl\/portal\/wp-content\/uploads\/2018\/02\/Gusanera1.jpg?resize=300%2C185&amp;ssl=1 300w, https:\/\/i0.wp.com\/eltrabajo.cl\/portal\/wp-content\/uploads\/2018\/02\/Gusanera1.jpg?resize=243%2C150&amp;ssl=1 243w, https:\/\/i0.wp.com\/eltrabajo.cl\/portal\/wp-content\/uploads\/2018\/02\/Gusanera1.jpg?resize=400%2C247&amp;ssl=1 400w\" sizes=\"auto, (max-width: 578px) 100vw, 578px\" \/><figcaption id=\"caption-attachment-84791\" class=\"wp-caption-text\">Cientos de gusanos fueron hallados entre el arroz que una vecina compr\u00f3 en s\u00faper bodega A Cuenta, en Maip\u00fa.<\/figcaption><\/figure>\n<figure id=\"attachment_84792\" aria-describedby=\"caption-attachment-84792\" style=\"width: 579px\" class=\"wp-caption alignnone\"><img data-recalc-dims=\"1\" loading=\"lazy\" decoding=\"async\" class=\"size-full wp-image-84792\" src=\"https:\/\/i0.wp.com\/www.eltrabajo.cl\/2017\/wp-content\/uploads\/2018\/02\/Gusanera2.jpg?resize=579%2C386\" alt=\"SALUD INVESTIGA.- El Reclamo Formal fue detallado por la clienta a las autoridades de salud.\" width=\"579\" height=\"386\" srcset=\"https:\/\/i0.wp.com\/eltrabajo.cl\/portal\/wp-content\/uploads\/2018\/02\/Gusanera2.jpg?w=579&amp;ssl=1 579w, https:\/\/i0.wp.com\/eltrabajo.cl\/portal\/wp-content\/uploads\/2018\/02\/Gusanera2.jpg?resize=200%2C133&amp;ssl=1 200w, https:\/\/i0.wp.com\/eltrabajo.cl\/portal\/wp-content\/uploads\/2018\/02\/Gusanera2.jpg?resize=300%2C200&amp;ssl=1 300w, https:\/\/i0.wp.com\/eltrabajo.cl\/portal\/wp-content\/uploads\/2018\/02\/Gusanera2.jpg?resize=225%2C150&amp;ssl=1 225w, https:\/\/i0.wp.com\/eltrabajo.cl\/portal\/wp-content\/uploads\/2018\/02\/Gusanera2.jpg?resize=400%2C267&amp;ssl=1 400w\" sizes=\"auto, (max-width: 579px) 100vw, 579px\" \/><figcaption id=\"caption-attachment-84792\" class=\"wp-caption-text\">SALUD INVESTIGA.- El Reclamo Formal fue detallado por la clienta a las autoridades de salud.<\/figcaption><\/figure>\n","protected":false},"excerpt":{"rendered":"<p>Una ingrata sorpresa es la que se llev\u00f3 una vecina de Villa Juan Pablo II cuando intent\u00f3 abrir una bolsa de arroz para preparar ayer el almuerzo para su familia, luego que&#8230;<\/p>\n","protected":false},"author":1,"featured_media":84793,"comment_status":"open","ping_status":"open","sticky":false,"template":"","format":"standard","meta":{"advanced_seo_description":"","jetpack_seo_html_title":"","jetpack_seo_noindex":false,"_jetpack_memberships_contains_paid_content":false,"footnotes":""},"categories":[15],"tags":[],"class_list":["post-84789","post","type-post","status-publish","format-standard","has-post-thumbnail","hentry","category-comunidad"],"jetpack_featured_media_url":"https:\/\/i0.wp.com\/eltrabajo.cl\/portal\/wp-content\/uploads\/2018\/02\/Gusanera3.jpg?fit=579%2C435&ssl=1","jetpack_sharing_enabled":true,"jetpack_likes_enabled":true,"jetpack-related-posts":[],"_links":{"self":[{"href":"https:\/\/eltrabajo.cl\/portal\/wp-json\/wp\/v2\/posts\/84789","targetHints":{"allow":["GET"]}}],"collection":[{"href":"https:\/\/eltrabajo.cl\/portal\/wp-json\/wp\/v2\/posts"}],"about":[{"href":"https:\/\/eltrabajo.cl\/portal\/wp-json\/wp\/v2\/types\/post"}],"author":[{"embeddable":true,"href":"https:\/\/eltrabajo.cl\/portal\/wp-json\/wp\/v2\/users\/1"}],"replies":[{"embeddable":true,"href":"https:\/\/eltrabajo.cl\/portal\/wp-json\/wp\/v2\/comments?post=84789"}],"version-history":[{"count":0,"href":"https:\/\/eltrabajo.cl\/portal\/wp-json\/wp\/v2\/posts\/84789\/revisions"}],"wp:featuredmedia":[{"embeddable":true,"href":"https:\/\/eltrabajo.cl\/portal\/wp-json\/wp\/v2\/media\/84793"}],"wp:attachment":[{"href":"https:\/\/eltrabajo.cl\/portal\/wp-json\/wp\/v2\/media?parent=84789"}],"wp:term":[{"taxonomy":"category","embeddable":true,"href":"https:\/\/eltrabajo.cl\/portal\/wp-json\/wp\/v2\/categories?post=84789"},{"taxonomy":"post_tag","embeddable":true,"href":"https:\/\/eltrabajo.cl\/portal\/wp-json\/wp\/v2\/tags?post=84789"}],"curies":[{"name":"wp","href":"https:\/\/api.w.org\/{rel}","templated":true}]}}