{"id":84798,"date":"2018-02-19T05:01:01","date_gmt":"2018-02-19T09:01:01","guid":{"rendered":"http:\/\/www.eltrabajo.cl\/2017\/?p=84798"},"modified":"2018-02-19T05:01:01","modified_gmt":"2018-02-19T09:01:01","slug":"manana-inicia-campana-de-utiles-escolares-de-carnes-kar","status":"publish","type":"post","link":"https:\/\/eltrabajo.cl\/portal\/manana-inicia-campana-de-utiles-escolares-de-carnes-kar\/","title":{"rendered":"Ma\u00f1ana inicia campa\u00f1a de \u00fatiles escolares de Carnes KAR"},"content":{"rendered":"<figure id=\"attachment_84800\" aria-describedby=\"caption-attachment-84800\" style=\"width: 580px\" class=\"wp-caption alignnone\"><img data-recalc-dims=\"1\" loading=\"lazy\" decoding=\"async\" class=\"size-full wp-image-84800\" src=\"https:\/\/i0.wp.com\/www.eltrabajo.cl\/2017\/wp-content\/uploads\/2018\/02\/Caderas_Paola-Orellana-1.jpg?resize=580%2C562\" alt=\"Ella es Paola Orellana, vecina que hoy necesita nuestro apoyo.\" width=\"580\" height=\"562\" srcset=\"https:\/\/i0.wp.com\/eltrabajo.cl\/portal\/wp-content\/uploads\/2018\/02\/Caderas_Paola-Orellana-1.jpg?w=580&amp;ssl=1 580w, https:\/\/i0.wp.com\/eltrabajo.cl\/portal\/wp-content\/uploads\/2018\/02\/Caderas_Paola-Orellana-1.jpg?resize=155%2C150&amp;ssl=1 155w, https:\/\/i0.wp.com\/eltrabajo.cl\/portal\/wp-content\/uploads\/2018\/02\/Caderas_Paola-Orellana-1.jpg?resize=300%2C291&amp;ssl=1 300w, https:\/\/i0.wp.com\/eltrabajo.cl\/portal\/wp-content\/uploads\/2018\/02\/Caderas_Paola-Orellana-1.jpg?resize=400%2C388&amp;ssl=1 400w\" sizes=\"auto, (max-width: 580px) 100vw, 580px\" \/><figcaption id=\"caption-attachment-84800\" class=\"wp-caption-text\">Ella es Paola Orellana, vecina que hoy necesita nuestro apoyo.<\/figcaption><\/figure>\n<ul>\n<li><span style=\"color: #ff0000;\"><strong>Este a\u00f1o para ni\u00f1os de humilde madre con discapacidad:<\/strong><\/span><\/li>\n<\/ul>\n<p>Luego que la semana pasada public\u00e1ramos en Diario El Trabajo la historia de do\u00f1a Paola Orellana Abarca, de 36 a\u00f1os de edad, quien visit\u00f3 nuestra Sala de Redacci\u00f3n para solicitar apoyo, pues debe mucho dinero en recibos de Chilquinta y Esval; tiene que enviar a sus hijos a la escuela y tambi\u00e9n est\u00e1 a la espera de una pr\u00f3tesis completa de caderas, la empresa Carnes KAR, de San Felipe, dio un paso al frente para convocar as\u00ed a los sanfelipe\u00f1os que siempre apoyan en estas iniciativas todos los a\u00f1os.<br \/>\n\u00abEste a\u00f1o estamos volcando nuestro coraz\u00f3n con esta familia aconcag\u00fcina, son varios ni\u00f1os los que necesitan de nuestra mano ayuda, estaremos recibiendo zapatitos, ropa, muchos \u00fatiles y todo lo que alivie las necesidades de do\u00f1a Paola y de sus hijos, pueden confiadamente pasar a nuestra carnicer\u00eda y dejar su donativo, de igual manera estaremos haciendo p\u00fablico de manera transparente la entrega de estos recursos cuando los donativos lleguen a manos de esta familia\u00bb, dijo a Diario El Trabajo don Juan Gonz\u00e1lez, administrador de Carnes KAR.<br \/>\nRecordemos las palabras que nos comparti\u00f3 hace pocos d\u00edas do\u00f1a Paola cuando nos visit\u00f3, \u00abno puedo trabajar a causa de mi incapacidad, y pese a que he recibido apoyo del municipio llaylla\u00edno y algo recibo del padre de mis hijos, apenas me alcanza para la alimentaci\u00f3n de ellos, con Esval s\u00f3lo me quedan los arreglos de pago, los que no siempre puedo pagar, debo en servicios b\u00e1sicos $123.000, solicito a los lectores de Diario El Trabajo, a los due\u00f1os de librer\u00edas o de tiendas, que me apoyen para que mis hijos no pierdan este a\u00f1o lectivo\u00bb, coment\u00f3 la joven madre.<\/p>\n<p><span style=\"color: #ff0000;\"><strong>MUNICIPIO CONFIRMA<\/strong><\/span><br \/>\nNuestro medio hace unos d\u00edas hab\u00eda tomado contacto con el Municipio de Llay Llay, en donde el Departamento de Ayuda Social nos confirm\u00f3 que efectivamente do\u00f1a Paola desde hace algunos a\u00f1os ha sido atendida para que pueda solventar algunos aspectos de sus necesidades b\u00e1sicas como pa\u00f1ales para su ni\u00f1a chica, alimentaci\u00f3n para ella y sus hijos y hasta materiales de construcci\u00f3n para su humilde vivienda. En total se le habr\u00edan suministrado cuatro ayudas en 2016 y tambi\u00e9n otras cuatro en 2017. Seg\u00fan la Municipalidad de Llay Llay, siempre en ese municipio hay una pol\u00edtica de no exclusi\u00f3n hacia los vecinos, y que siempre estar\u00e1 disponible para ayudar cuando sea necesario.<br \/>\nHoy en Diario El Trabajo hacemos un extensivo llamado a nuestros fieles lectores y comercio en general, para que solidariamente brindemos el apoyo a esta madre y a sus hijos. Los interesados en apoyar tambi\u00e9n pueden llamar directamente a do\u00f1a Paola al 993706559., o bien dejar el donativo en Carnes KAR.<br \/>\n<strong>Roberto Gonz\u00e1lez Short<\/strong><\/p>\n<figure id=\"attachment_84799\" aria-describedby=\"caption-attachment-84799\" style=\"width: 580px\" class=\"wp-caption alignnone\"><img data-recalc-dims=\"1\" loading=\"lazy\" decoding=\"async\" class=\"size-full wp-image-84799\" src=\"https:\/\/i0.wp.com\/www.eltrabajo.cl\/2017\/wp-content\/uploads\/2018\/02\/Caderas_Juan-Gonzalez.jpg?resize=580%2C545\" alt=\"Juan Gonz\u00e1lez, administrador de la empresa Carnes KAR.\" width=\"580\" height=\"545\" srcset=\"https:\/\/i0.wp.com\/eltrabajo.cl\/portal\/wp-content\/uploads\/2018\/02\/Caderas_Juan-Gonzalez.jpg?w=580&amp;ssl=1 580w, https:\/\/i0.wp.com\/eltrabajo.cl\/portal\/wp-content\/uploads\/2018\/02\/Caderas_Juan-Gonzalez.jpg?resize=160%2C150&amp;ssl=1 160w, https:\/\/i0.wp.com\/eltrabajo.cl\/portal\/wp-content\/uploads\/2018\/02\/Caderas_Juan-Gonzalez.jpg?resize=300%2C282&amp;ssl=1 300w, https:\/\/i0.wp.com\/eltrabajo.cl\/portal\/wp-content\/uploads\/2018\/02\/Caderas_Juan-Gonzalez.jpg?resize=400%2C376&amp;ssl=1 400w\" sizes=\"auto, (max-width: 580px) 100vw, 580px\" \/><figcaption id=\"caption-attachment-84799\" class=\"wp-caption-text\">Juan Gonz\u00e1lez, administrador de la empresa Carnes KAR.<\/figcaption><\/figure>\n<figure id=\"attachment_84801\" aria-describedby=\"caption-attachment-84801\" style=\"width: 578px\" class=\"wp-caption alignnone\"><img data-recalc-dims=\"1\" loading=\"lazy\" decoding=\"async\" class=\"size-full wp-image-84801\" src=\"https:\/\/i0.wp.com\/www.eltrabajo.cl\/2017\/wp-content\/uploads\/2018\/02\/Caderas1-1.jpg?resize=578%2C386\" alt=\"\u00bfUNA MANO AMIGA?- Son miles de pesos los que esta vecina de Llay Llay debe por consumo de agua y electricidad.\" width=\"578\" height=\"386\" srcset=\"https:\/\/i0.wp.com\/eltrabajo.cl\/portal\/wp-content\/uploads\/2018\/02\/Caderas1-1.jpg?w=578&amp;ssl=1 578w, https:\/\/i0.wp.com\/eltrabajo.cl\/portal\/wp-content\/uploads\/2018\/02\/Caderas1-1.jpg?resize=200%2C134&amp;ssl=1 200w, https:\/\/i0.wp.com\/eltrabajo.cl\/portal\/wp-content\/uploads\/2018\/02\/Caderas1-1.jpg?resize=300%2C200&amp;ssl=1 300w, https:\/\/i0.wp.com\/eltrabajo.cl\/portal\/wp-content\/uploads\/2018\/02\/Caderas1-1.jpg?resize=225%2C150&amp;ssl=1 225w, https:\/\/i0.wp.com\/eltrabajo.cl\/portal\/wp-content\/uploads\/2018\/02\/Caderas1-1.jpg?resize=400%2C267&amp;ssl=1 400w\" sizes=\"auto, (max-width: 578px) 100vw, 578px\" \/><figcaption id=\"caption-attachment-84801\" class=\"wp-caption-text\">\u00bfUNA MANO AMIGA?- Son miles de pesos los que esta vecina de Llay Llay debe por consumo de agua y electricidad.<\/figcaption><\/figure>\n","protected":false},"excerpt":{"rendered":"<p>Este a\u00f1o para ni\u00f1os de humilde madre con discapacidad: Luego que la semana pasada public\u00e1ramos en Diario El Trabajo la historia de do\u00f1a Paola Orellana Abarca, de 36 a\u00f1os de edad, quien&#8230;<\/p>\n","protected":false},"author":1,"featured_media":84801,"comment_status":"open","ping_status":"open","sticky":false,"template":"","format":"standard","meta":{"advanced_seo_description":"","jetpack_seo_html_title":"","jetpack_seo_noindex":false,"_jetpack_memberships_contains_paid_content":false,"footnotes":""},"categories":[15],"tags":[],"class_list":["post-84798","post","type-post","status-publish","format-standard","has-post-thumbnail","hentry","category-comunidad"],"jetpack_featured_media_url":"https:\/\/i0.wp.com\/eltrabajo.cl\/portal\/wp-content\/uploads\/2018\/02\/Caderas1-1.jpg?fit=578%2C386&ssl=1","jetpack_sharing_enabled":true,"jetpack_likes_enabled":true,"jetpack-related-posts":[],"_links":{"self":[{"href":"https:\/\/eltrabajo.cl\/portal\/wp-json\/wp\/v2\/posts\/84798","targetHints":{"allow":["GET"]}}],"collection":[{"href":"https:\/\/eltrabajo.cl\/portal\/wp-json\/wp\/v2\/posts"}],"about":[{"href":"https:\/\/eltrabajo.cl\/portal\/wp-json\/wp\/v2\/types\/post"}],"author":[{"embeddable":true,"href":"https:\/\/eltrabajo.cl\/portal\/wp-json\/wp\/v2\/users\/1"}],"replies":[{"embeddable":true,"href":"https:\/\/eltrabajo.cl\/portal\/wp-json\/wp\/v2\/comments?post=84798"}],"version-history":[{"count":0,"href":"https:\/\/eltrabajo.cl\/portal\/wp-json\/wp\/v2\/posts\/84798\/revisions"}],"wp:featuredmedia":[{"embeddable":true,"href":"https:\/\/eltrabajo.cl\/portal\/wp-json\/wp\/v2\/media\/84801"}],"wp:attachment":[{"href":"https:\/\/eltrabajo.cl\/portal\/wp-json\/wp\/v2\/media?parent=84798"}],"wp:term":[{"taxonomy":"category","embeddable":true,"href":"https:\/\/eltrabajo.cl\/portal\/wp-json\/wp\/v2\/categories?post=84798"},{"taxonomy":"post_tag","embeddable":true,"href":"https:\/\/eltrabajo.cl\/portal\/wp-json\/wp\/v2\/tags?post=84798"}],"curies":[{"name":"wp","href":"https:\/\/api.w.org\/{rel}","templated":true}]}}