{"id":84803,"date":"2018-02-19T05:02:12","date_gmt":"2018-02-19T09:02:12","guid":{"rendered":"http:\/\/www.eltrabajo.cl\/2017\/?p=84803"},"modified":"2018-02-19T05:02:12","modified_gmt":"2018-02-19T09:02:12","slug":"siguen-las-protestas-por-ingreso-a-la-ruta-60-ch-por-tacna-norte","status":"publish","type":"post","link":"https:\/\/eltrabajo.cl\/portal\/siguen-las-protestas-por-ingreso-a-la-ruta-60-ch-por-tacna-norte\/","title":{"rendered":"Siguen las protestas por ingreso a la Ruta 60 CH por Tacna Norte"},"content":{"rendered":"<figure id=\"attachment_84804\" aria-describedby=\"caption-attachment-84804\" style=\"width: 579px\" class=\"wp-caption alignnone\"><img data-recalc-dims=\"1\" loading=\"lazy\" decoding=\"async\" class=\"size-full wp-image-84804\" src=\"https:\/\/i0.wp.com\/www.eltrabajo.cl\/2017\/wp-content\/uploads\/2018\/02\/Potesta1.jpg?resize=579%2C377\" alt=\"PROTESTAS CONTIN\u00daAN.- Decenas de vecinos de las villas Sol del Inca, Yevide, La Nacional y Las Camelias, nuevamente salieron a protestar junto a sus hijos, por la presunta apertura en ese sector a la Ruta 60 CH.\" width=\"579\" height=\"377\" srcset=\"https:\/\/i0.wp.com\/eltrabajo.cl\/portal\/wp-content\/uploads\/2018\/02\/Potesta1.jpg?w=579&amp;ssl=1 579w, https:\/\/i0.wp.com\/eltrabajo.cl\/portal\/wp-content\/uploads\/2018\/02\/Potesta1.jpg?resize=200%2C130&amp;ssl=1 200w, https:\/\/i0.wp.com\/eltrabajo.cl\/portal\/wp-content\/uploads\/2018\/02\/Potesta1.jpg?resize=300%2C195&amp;ssl=1 300w, https:\/\/i0.wp.com\/eltrabajo.cl\/portal\/wp-content\/uploads\/2018\/02\/Potesta1.jpg?resize=230%2C150&amp;ssl=1 230w, https:\/\/i0.wp.com\/eltrabajo.cl\/portal\/wp-content\/uploads\/2018\/02\/Potesta1.jpg?resize=400%2C260&amp;ssl=1 400w\" sizes=\"auto, (max-width: 579px) 100vw, 579px\" \/><figcaption id=\"caption-attachment-84804\" class=\"wp-caption-text\">PROTESTAS CONTIN\u00daAN.- Decenas de vecinos de las villas Sol del Inca, Yevide, La Nacional y Las Camelias, nuevamente salieron a protestar junto a sus hijos, por la presunta apertura en ese sector a la Ruta 60 CH.<\/figcaption><\/figure>\n<ul>\n<li><span style=\"color: #ff0000;\"><strong>Alcalde responde que no se habilitar\u00e1 hasta instalar mitigaci\u00f3n:<\/strong><\/span><\/li>\n<\/ul>\n<p>Luego que circulara un rumor en relaci\u00f3n a que la v\u00eda Tacna Norte de conectividad a la Ruta 60 CH ya estaba habilitada para el ingreso vehicular, decenas de autos y camiones empezaron a ingresar a las villas Sol del Inca, Yevide, La Nacional y Las Camelias, en busca del ingreso a tan importante ruta, informaci\u00f3n que era falsa, pues a\u00fan no se ha inaugurado ni creado mecanismos de mitigaci\u00f3n, lo que dispar\u00f3 las alertas entre los vecinos, saliendo gran cantidad de ellos a protestar en horas de la noche del viernes.<br \/>\nArmando Silva, presidente de la junta vecinos Sol del Inca, coment\u00f3 a Diario El Trabajo que \u00abnosotros hicimos un petitorio al Municipio las cuatro directivas, este documento lo ingresamos el 22 de enero pero a\u00fan no hay respuesta, por eso nos estamos manifestando, porque a\u00fan nos responden para saber qu\u00e9 mitigaciones instalar\u00e1n antes de poner en marcha esta salida a la Ruta 60 CH\u00bb, dijo el dirigente.<\/p>\n<p><span style=\"color: #ff0000;\"><strong>ALGUNAS DEMANDAS<\/strong><\/span><br \/>\n\u00abLo que solicitamos en este petitorio al Municipio es: Tres resaltos con su respectiva se\u00f1al\u00e9tica; demarcaciones lineales y reflectantes nocturnos de piso en Calle Diego de Almagro, tramo recientemente asfaltado, el cual es un peligro para todos nuestros vecinos; en la intersecci\u00f3n Diego de Almagro con Avenida Tacna norte, se\u00f1al\u00e9tica por ambos lados, velocidad m\u00e1xima 30 km\/h.; se\u00f1al\u00e9tica por ambos lados advertencia resaltos a cierta distancia; se\u00f1al\u00e9tica aproxim\u00e1ndose a cruce peatonal Diego de Almagro con Tacna norte; se\u00f1al\u00e9tica \u2018Direcci\u00f3n obligada\u2019 en la intersecci\u00f3n Diego de Almagro con Tacna norte; se\u00f1al\u00e9tica \u2018Ceda el paso\u2019 en cruce Diego de Almagro con Tacna norte (\u2026) solicitamos tambi\u00e9n una buena iluminaci\u00f3n en todo el recorrido de este enlace, para seguridad de todos los habitantes de este sector; una se\u00f1al\u00e9tica de prohibici\u00f3n ingreso de camiones y buses a nuevo enlace\u00bb, agreg\u00f3 el dirigente.<\/p>\n<p><span style=\"color: #ff0000;\"><strong>ALCALDE RESPONDE<\/strong><\/span><br \/>\nDiario El Trabajo habl\u00f3 este s\u00e1bado con Patricio Freire, alcalde de San Felipe, quien en relaci\u00f3n a este tema explic\u00f3 que \u00abesta conectividad que tenemos a la Ruta CH 60 no se abrir\u00e1 hasta que se hagan las mitigaciones correspondientes, adem\u00e1s de que ese es nuestro compromiso asumidos con estas cuatro poblaciones del sector, ya este es un tema que lo hemos conversado con los jefes de Dideco, y Secpla, ese camino no se habilitar\u00e1 hasta que sea seguro, ese es tambi\u00e9n el acuerdo con los vecinos del sector (\u2026) hago un llamado a los vecinos para que est\u00e9n totalmente tranquilos, y si es el caso que la presidenta viene a inaugurar esa ruta, recordemos entonces que hay otra v\u00eda de ingreso a la misma desde nuestra ciudad\u00bb, dijo el edil.<br \/>\n<strong>Roberto Gonz\u00e1lez Short<\/strong><\/p>\n<figure id=\"attachment_84805\" aria-describedby=\"caption-attachment-84805\" style=\"width: 580px\" class=\"wp-caption alignnone\"><img data-recalc-dims=\"1\" loading=\"lazy\" decoding=\"async\" class=\"size-full wp-image-84805\" src=\"https:\/\/i0.wp.com\/www.eltrabajo.cl\/2017\/wp-content\/uploads\/2018\/02\/Protesta_Armando-Silva.jpg?resize=580%2C534\" alt=\"Armando Silva, presidente de la junta vecinos Sol del Inca.\" width=\"580\" height=\"534\" srcset=\"https:\/\/i0.wp.com\/eltrabajo.cl\/portal\/wp-content\/uploads\/2018\/02\/Protesta_Armando-Silva.jpg?w=580&amp;ssl=1 580w, https:\/\/i0.wp.com\/eltrabajo.cl\/portal\/wp-content\/uploads\/2018\/02\/Protesta_Armando-Silva.jpg?resize=163%2C150&amp;ssl=1 163w, https:\/\/i0.wp.com\/eltrabajo.cl\/portal\/wp-content\/uploads\/2018\/02\/Protesta_Armando-Silva.jpg?resize=300%2C276&amp;ssl=1 300w, https:\/\/i0.wp.com\/eltrabajo.cl\/portal\/wp-content\/uploads\/2018\/02\/Protesta_Armando-Silva.jpg?resize=400%2C368&amp;ssl=1 400w\" sizes=\"auto, (max-width: 580px) 100vw, 580px\" \/><figcaption id=\"caption-attachment-84805\" class=\"wp-caption-text\">Armando Silva, presidente de la junta vecinos Sol del Inca.<\/figcaption><\/figure>\n<figure id=\"attachment_84806\" aria-describedby=\"caption-attachment-84806\" style=\"width: 579px\" class=\"wp-caption alignnone\"><img data-recalc-dims=\"1\" loading=\"lazy\" decoding=\"async\" class=\"size-full wp-image-84806\" src=\"https:\/\/i0.wp.com\/www.eltrabajo.cl\/2017\/wp-content\/uploads\/2018\/02\/Protesta_Patricio-Freire.jpg?resize=579%2C634\" alt=\"Patricio Freire Canto, alcalde de San Felipe.\" width=\"579\" height=\"634\" srcset=\"https:\/\/i0.wp.com\/eltrabajo.cl\/portal\/wp-content\/uploads\/2018\/02\/Protesta_Patricio-Freire.jpg?w=579&amp;ssl=1 579w, https:\/\/i0.wp.com\/eltrabajo.cl\/portal\/wp-content\/uploads\/2018\/02\/Protesta_Patricio-Freire.jpg?resize=137%2C150&amp;ssl=1 137w, https:\/\/i0.wp.com\/eltrabajo.cl\/portal\/wp-content\/uploads\/2018\/02\/Protesta_Patricio-Freire.jpg?resize=274%2C300&amp;ssl=1 274w, https:\/\/i0.wp.com\/eltrabajo.cl\/portal\/wp-content\/uploads\/2018\/02\/Protesta_Patricio-Freire.jpg?resize=400%2C438&amp;ssl=1 400w\" sizes=\"auto, (max-width: 579px) 100vw, 579px\" \/><figcaption id=\"caption-attachment-84806\" class=\"wp-caption-text\">Patricio Freire Canto, alcalde de San Felipe.<\/figcaption><\/figure>\n<figure id=\"attachment_84807\" aria-describedby=\"caption-attachment-84807\" style=\"width: 579px\" class=\"wp-caption alignnone\"><img data-recalc-dims=\"1\" loading=\"lazy\" decoding=\"async\" class=\"size-full wp-image-84807\" src=\"https:\/\/i0.wp.com\/www.eltrabajo.cl\/2017\/wp-content\/uploads\/2018\/02\/Protesta3.jpg?resize=579%2C787\" alt=\"NUESTRO FUTURO.- Este peque\u00f1\u00edn tambi\u00e9n se uni\u00f3 a la protesta, pues \u00e9l ser\u00eda uno de los m\u00e1s afectados si no se crean los mecanismos de mitigaci\u00f3n en esta v\u00eda.\" width=\"579\" height=\"787\" srcset=\"https:\/\/i0.wp.com\/eltrabajo.cl\/portal\/wp-content\/uploads\/2018\/02\/Protesta3.jpg?w=579&amp;ssl=1 579w, https:\/\/i0.wp.com\/eltrabajo.cl\/portal\/wp-content\/uploads\/2018\/02\/Protesta3.jpg?resize=110%2C150&amp;ssl=1 110w, https:\/\/i0.wp.com\/eltrabajo.cl\/portal\/wp-content\/uploads\/2018\/02\/Protesta3.jpg?resize=221%2C300&amp;ssl=1 221w, https:\/\/i0.wp.com\/eltrabajo.cl\/portal\/wp-content\/uploads\/2018\/02\/Protesta3.jpg?resize=400%2C544&amp;ssl=1 400w\" sizes=\"auto, (max-width: 579px) 100vw, 579px\" \/><figcaption id=\"caption-attachment-84807\" class=\"wp-caption-text\">NUESTRO FUTURO.- Este peque\u00f1\u00edn tambi\u00e9n se uni\u00f3 a la protesta, pues \u00e9l ser\u00eda uno de los m\u00e1s afectados si no se crean los mecanismos de mitigaci\u00f3n en esta v\u00eda.<\/figcaption><\/figure>\n<figure id=\"attachment_84808\" aria-describedby=\"caption-attachment-84808\" style=\"width: 579px\" class=\"wp-caption alignnone\"><img data-recalc-dims=\"1\" loading=\"lazy\" decoding=\"async\" class=\"size-full wp-image-84808\" src=\"https:\/\/i0.wp.com\/www.eltrabajo.cl\/2017\/wp-content\/uploads\/2018\/02\/Protestas2.jpg?resize=579%2C732\" alt=\"ELLOS PRIMERO.- Los ni\u00f1os son la primera preocupaci\u00f3n de estos vecinos, quienes siempre salen a jugar a la calle.\" width=\"579\" height=\"732\" srcset=\"https:\/\/i0.wp.com\/eltrabajo.cl\/portal\/wp-content\/uploads\/2018\/02\/Protestas2.jpg?w=579&amp;ssl=1 579w, https:\/\/i0.wp.com\/eltrabajo.cl\/portal\/wp-content\/uploads\/2018\/02\/Protestas2.jpg?resize=119%2C150&amp;ssl=1 119w, https:\/\/i0.wp.com\/eltrabajo.cl\/portal\/wp-content\/uploads\/2018\/02\/Protestas2.jpg?resize=237%2C300&amp;ssl=1 237w, https:\/\/i0.wp.com\/eltrabajo.cl\/portal\/wp-content\/uploads\/2018\/02\/Protestas2.jpg?resize=400%2C506&amp;ssl=1 400w\" sizes=\"auto, (max-width: 579px) 100vw, 579px\" \/><figcaption id=\"caption-attachment-84808\" class=\"wp-caption-text\">ELLOS PRIMERO.- Los ni\u00f1os son la primera preocupaci\u00f3n de estos vecinos, quienes siempre salen a jugar a la calle.<\/figcaption><\/figure>\n","protected":false},"excerpt":{"rendered":"<p>Alcalde responde que no se habilitar\u00e1 hasta instalar mitigaci\u00f3n: Luego que circulara un rumor en relaci\u00f3n a que la v\u00eda Tacna Norte de conectividad a la Ruta 60 CH ya estaba habilitada&#8230;<\/p>\n","protected":false},"author":1,"featured_media":84804,"comment_status":"open","ping_status":"open","sticky":false,"template":"","format":"standard","meta":{"advanced_seo_description":"","jetpack_seo_html_title":"","jetpack_seo_noindex":false,"_jetpack_memberships_contains_paid_content":false,"footnotes":""},"categories":[15],"tags":[],"class_list":["post-84803","post","type-post","status-publish","format-standard","has-post-thumbnail","hentry","category-comunidad"],"jetpack_featured_media_url":"https:\/\/i0.wp.com\/eltrabajo.cl\/portal\/wp-content\/uploads\/2018\/02\/Potesta1.jpg?fit=579%2C377&ssl=1","jetpack_sharing_enabled":true,"jetpack_likes_enabled":true,"jetpack-related-posts":[],"_links":{"self":[{"href":"https:\/\/eltrabajo.cl\/portal\/wp-json\/wp\/v2\/posts\/84803","targetHints":{"allow":["GET"]}}],"collection":[{"href":"https:\/\/eltrabajo.cl\/portal\/wp-json\/wp\/v2\/posts"}],"about":[{"href":"https:\/\/eltrabajo.cl\/portal\/wp-json\/wp\/v2\/types\/post"}],"author":[{"embeddable":true,"href":"https:\/\/eltrabajo.cl\/portal\/wp-json\/wp\/v2\/users\/1"}],"replies":[{"embeddable":true,"href":"https:\/\/eltrabajo.cl\/portal\/wp-json\/wp\/v2\/comments?post=84803"}],"version-history":[{"count":0,"href":"https:\/\/eltrabajo.cl\/portal\/wp-json\/wp\/v2\/posts\/84803\/revisions"}],"wp:featuredmedia":[{"embeddable":true,"href":"https:\/\/eltrabajo.cl\/portal\/wp-json\/wp\/v2\/media\/84804"}],"wp:attachment":[{"href":"https:\/\/eltrabajo.cl\/portal\/wp-json\/wp\/v2\/media?parent=84803"}],"wp:term":[{"taxonomy":"category","embeddable":true,"href":"https:\/\/eltrabajo.cl\/portal\/wp-json\/wp\/v2\/categories?post=84803"},{"taxonomy":"post_tag","embeddable":true,"href":"https:\/\/eltrabajo.cl\/portal\/wp-json\/wp\/v2\/tags?post=84803"}],"curies":[{"name":"wp","href":"https:\/\/api.w.org\/{rel}","templated":true}]}}