{"id":84814,"date":"2018-02-20T05:00:08","date_gmt":"2018-02-20T09:00:08","guid":{"rendered":"http:\/\/www.eltrabajo.cl\/2017\/?p=84814"},"modified":"2018-02-20T05:00:08","modified_gmt":"2018-02-20T09:00:08","slug":"vecinos-troyanos-tendran-por-fin-su-anhelado-galpon-multiusos","status":"publish","type":"post","link":"https:\/\/eltrabajo.cl\/portal\/vecinos-troyanos-tendran-por-fin-su-anhelado-galpon-multiusos\/","title":{"rendered":"Vecinos troyanos tendr\u00e1n por fin su anhelado galp\u00f3n multiusos"},"content":{"rendered":"<figure id=\"attachment_84816\" aria-describedby=\"caption-attachment-84816\" style=\"width: 578px\" class=\"wp-caption alignnone\"><img data-recalc-dims=\"1\" loading=\"lazy\" decoding=\"async\" class=\"size-full wp-image-84816\" src=\"https:\/\/i0.wp.com\/www.eltrabajo.cl\/2017\/wp-content\/uploads\/2018\/02\/Galpon1.jpg?resize=578%2C386\" alt=\"Esta obra por ahora est\u00e1 en la primera etapa, pero muy pronto estar\u00e1 disponible para el uso de los socios de la cooperativa.\" width=\"578\" height=\"386\" srcset=\"https:\/\/i0.wp.com\/eltrabajo.cl\/portal\/wp-content\/uploads\/2018\/02\/Galpon1.jpg?w=578&amp;ssl=1 578w, https:\/\/i0.wp.com\/eltrabajo.cl\/portal\/wp-content\/uploads\/2018\/02\/Galpon1.jpg?resize=200%2C134&amp;ssl=1 200w, https:\/\/i0.wp.com\/eltrabajo.cl\/portal\/wp-content\/uploads\/2018\/02\/Galpon1.jpg?resize=300%2C200&amp;ssl=1 300w, https:\/\/i0.wp.com\/eltrabajo.cl\/portal\/wp-content\/uploads\/2018\/02\/Galpon1.jpg?resize=225%2C150&amp;ssl=1 225w, https:\/\/i0.wp.com\/eltrabajo.cl\/portal\/wp-content\/uploads\/2018\/02\/Galpon1.jpg?resize=400%2C267&amp;ssl=1 400w\" sizes=\"auto, (max-width: 578px) 100vw, 578px\" \/><figcaption id=\"caption-attachment-84816\" class=\"wp-caption-text\">Esta obra por ahora est\u00e1 en la primera etapa, pero muy pronto estar\u00e1 disponible para el uso de los socios de la cooperativa.<\/figcaption><\/figure>\n<ul>\n<li><span style=\"color: #ff0000;\"><strong>Cooperativa de Servicio de Agua Potable La Troya invierte $45 millones:<\/strong><\/span><\/li>\n<\/ul>\n<p>Con gran ansiedad ya est\u00e1n esperando las m\u00e1s de 500 familias del sector La Troya la inauguraci\u00f3n del nuevo sal\u00f3n multiuso que desde el 6 de enero se viene construyendo en la propiedad de la Cooperativa de Servicio de Agua Potable La Troya, una obra valorada en unos $45 millones y que estar\u00eda siendo entregada a la comunidad a m\u00e1s tardar el 5 de marzo.<\/p>\n<p><span style=\"color: #ff0000;\"><strong>LO NECESITAN<\/strong><\/span><br \/>\nSe trata de un enorme galp\u00f3n de gran envergadura, con estructura de metal y piso de primera. Diario El Trabajo habl\u00f3 ayer lunes con el presidente de esa cooperativa, Humberto Gonz\u00e1lez: \u00abEste galp\u00f3n multiuso lleva su techumbre, cierre perimetral, piso en loza afinada, luminaria y ba\u00f1os, sillas, en fin, un inmueble para el uso de todos nuestros socios y vecinos, est\u00e1 siendo construido con fondos propios, la decisi\u00f3n de hacer esta obra se tom\u00f3 en 2016, la etapa 1 terminar\u00e1 en marzo, pero luego haremos las otras restantes\u00bb, explic\u00f3 Gonz\u00e1lez.<br \/>\nEl cooperativista explic\u00f3 a nuestro medio que de todas maneras este galp\u00f3n se inaugurar\u00e1 este a\u00f1o, de hecho esperan celebrar el 50\u00ba aniversario ya en ese sal\u00f3n: \u00abPara la inauguraci\u00f3n del galp\u00f3n no tenemos la fecha exacta, este es un logro m\u00e1s de nuestra cooperativa en beneficio del bienestar general de nuestros socios, me permito mencionar tambi\u00e9n que $13 millones anuales de nuestros recursos se destinan a los ni\u00f1os becados en su educaci\u00f3n de ingl\u00e9s; $2.8 millones anuales para los catorce chicos de media y universidad, a quienes se les entrega $20.000 mensualmente a cada uno, adem\u00e1s del Ciber Caf\u00e9 que tenemos para que los vecinos puedan hacer sus tareas o tr\u00e1mites por Internet\u00bb, agreg\u00f3 Gonz\u00e1lez.<br \/>\n<strong>Roberto Gonz\u00e1lez Short<\/strong><\/p>\n<figure id=\"attachment_84815\" aria-describedby=\"caption-attachment-84815\" style=\"width: 580px\" class=\"wp-caption alignnone\"><img data-recalc-dims=\"1\" loading=\"lazy\" decoding=\"async\" class=\"size-full wp-image-84815\" src=\"https:\/\/i0.wp.com\/www.eltrabajo.cl\/2017\/wp-content\/uploads\/2018\/02\/Galpon_Humberto-Gonzalez.jpg?resize=580%2C527\" alt=\"Presidente Cooperativa de Servicio de Agua Potable La Troya, Humberto Gonz\u00e1lez.\" width=\"580\" height=\"527\" srcset=\"https:\/\/i0.wp.com\/eltrabajo.cl\/portal\/wp-content\/uploads\/2018\/02\/Galpon_Humberto-Gonzalez.jpg?w=580&amp;ssl=1 580w, https:\/\/i0.wp.com\/eltrabajo.cl\/portal\/wp-content\/uploads\/2018\/02\/Galpon_Humberto-Gonzalez.jpg?resize=165%2C150&amp;ssl=1 165w, https:\/\/i0.wp.com\/eltrabajo.cl\/portal\/wp-content\/uploads\/2018\/02\/Galpon_Humberto-Gonzalez.jpg?resize=300%2C273&amp;ssl=1 300w, https:\/\/i0.wp.com\/eltrabajo.cl\/portal\/wp-content\/uploads\/2018\/02\/Galpon_Humberto-Gonzalez.jpg?resize=400%2C363&amp;ssl=1 400w\" sizes=\"auto, (max-width: 580px) 100vw, 580px\" \/><figcaption id=\"caption-attachment-84815\" class=\"wp-caption-text\">Presidente Cooperativa de Servicio de Agua Potable La Troya, Humberto Gonz\u00e1lez.<\/figcaption><\/figure>\n<figure id=\"attachment_84817\" aria-describedby=\"caption-attachment-84817\" style=\"width: 580px\" class=\"wp-caption alignnone\"><img data-recalc-dims=\"1\" loading=\"lazy\" decoding=\"async\" class=\"size-full wp-image-84817\" src=\"https:\/\/i0.wp.com\/www.eltrabajo.cl\/2017\/wp-content\/uploads\/2018\/02\/Galpon2.jpg?resize=580%2C870\" alt=\"BIEN INVERTIDOS.- La obra valorada en unos $45 millones y que estar\u00eda siendo entregada a la comunidad a m\u00e1s tardar el 5 de marzo.\" width=\"580\" height=\"870\" srcset=\"https:\/\/i0.wp.com\/eltrabajo.cl\/portal\/wp-content\/uploads\/2018\/02\/Galpon2.jpg?w=580&amp;ssl=1 580w, https:\/\/i0.wp.com\/eltrabajo.cl\/portal\/wp-content\/uploads\/2018\/02\/Galpon2.jpg?resize=100%2C150&amp;ssl=1 100w, https:\/\/i0.wp.com\/eltrabajo.cl\/portal\/wp-content\/uploads\/2018\/02\/Galpon2.jpg?resize=200%2C300&amp;ssl=1 200w, https:\/\/i0.wp.com\/eltrabajo.cl\/portal\/wp-content\/uploads\/2018\/02\/Galpon2.jpg?resize=400%2C600&amp;ssl=1 400w\" sizes=\"auto, (max-width: 580px) 100vw, 580px\" \/><figcaption id=\"caption-attachment-84817\" class=\"wp-caption-text\">BIEN INVERTIDOS.- La obra valorada en unos $45 millones y que estar\u00eda siendo entregada a la comunidad a m\u00e1s tardar el 5 de marzo.<\/figcaption><\/figure>\n","protected":false},"excerpt":{"rendered":"<p>Cooperativa de Servicio de Agua Potable La Troya invierte $45 millones: Con gran ansiedad ya est\u00e1n esperando las m\u00e1s de 500 familias del sector La Troya la inauguraci\u00f3n del nuevo sal\u00f3n multiuso&#8230;<\/p>\n","protected":false},"author":1,"featured_media":84816,"comment_status":"open","ping_status":"open","sticky":false,"template":"","format":"standard","meta":{"advanced_seo_description":"","jetpack_seo_html_title":"","jetpack_seo_noindex":false,"_jetpack_memberships_contains_paid_content":false,"footnotes":""},"categories":[15],"tags":[],"class_list":["post-84814","post","type-post","status-publish","format-standard","has-post-thumbnail","hentry","category-comunidad"],"jetpack_featured_media_url":"https:\/\/i0.wp.com\/eltrabajo.cl\/portal\/wp-content\/uploads\/2018\/02\/Galpon1.jpg?fit=578%2C386&ssl=1","jetpack_sharing_enabled":true,"jetpack_likes_enabled":true,"jetpack-related-posts":[],"_links":{"self":[{"href":"https:\/\/eltrabajo.cl\/portal\/wp-json\/wp\/v2\/posts\/84814","targetHints":{"allow":["GET"]}}],"collection":[{"href":"https:\/\/eltrabajo.cl\/portal\/wp-json\/wp\/v2\/posts"}],"about":[{"href":"https:\/\/eltrabajo.cl\/portal\/wp-json\/wp\/v2\/types\/post"}],"author":[{"embeddable":true,"href":"https:\/\/eltrabajo.cl\/portal\/wp-json\/wp\/v2\/users\/1"}],"replies":[{"embeddable":true,"href":"https:\/\/eltrabajo.cl\/portal\/wp-json\/wp\/v2\/comments?post=84814"}],"version-history":[{"count":0,"href":"https:\/\/eltrabajo.cl\/portal\/wp-json\/wp\/v2\/posts\/84814\/revisions"}],"wp:featuredmedia":[{"embeddable":true,"href":"https:\/\/eltrabajo.cl\/portal\/wp-json\/wp\/v2\/media\/84816"}],"wp:attachment":[{"href":"https:\/\/eltrabajo.cl\/portal\/wp-json\/wp\/v2\/media?parent=84814"}],"wp:term":[{"taxonomy":"category","embeddable":true,"href":"https:\/\/eltrabajo.cl\/portal\/wp-json\/wp\/v2\/categories?post=84814"},{"taxonomy":"post_tag","embeddable":true,"href":"https:\/\/eltrabajo.cl\/portal\/wp-json\/wp\/v2\/tags?post=84814"}],"curies":[{"name":"wp","href":"https:\/\/api.w.org\/{rel}","templated":true}]}}