{"id":84827,"date":"2018-02-20T05:03:48","date_gmt":"2018-02-20T09:03:48","guid":{"rendered":"http:\/\/www.eltrabajo.cl\/2017\/?p=84827"},"modified":"2018-02-20T05:03:48","modified_gmt":"2018-02-20T09:03:48","slug":"familias-y-trabajadores-de-los-molles-se-reunen-tras-decadas-sin-verse","status":"publish","type":"post","link":"https:\/\/eltrabajo.cl\/portal\/familias-y-trabajadores-de-los-molles-se-reunen-tras-decadas-sin-verse\/","title":{"rendered":"Familias y trabajadores de Los Molles se re\u00fanen tras d\u00e9cadas sin verse"},"content":{"rendered":"<figure id=\"attachment_84831\" aria-describedby=\"caption-attachment-84831\" style=\"width: 579px\" class=\"wp-caption alignnone\"><img data-recalc-dims=\"1\" loading=\"lazy\" decoding=\"async\" class=\"size-full wp-image-84831\" src=\"https:\/\/i0.wp.com\/www.eltrabajo.cl\/2017\/wp-content\/uploads\/2018\/02\/Molles2.jpg?resize=579%2C372\" alt=\"PARA CHUPARSE LOS DEDOS.- Muchas personas debieron trabajar mucho para poder preparar esta deliciosa comida.\" width=\"579\" height=\"372\" srcset=\"https:\/\/i0.wp.com\/eltrabajo.cl\/portal\/wp-content\/uploads\/2018\/02\/Molles2.jpg?w=579&amp;ssl=1 579w, https:\/\/i0.wp.com\/eltrabajo.cl\/portal\/wp-content\/uploads\/2018\/02\/Molles2.jpg?resize=200%2C128&amp;ssl=1 200w, https:\/\/i0.wp.com\/eltrabajo.cl\/portal\/wp-content\/uploads\/2018\/02\/Molles2.jpg?resize=300%2C193&amp;ssl=1 300w, https:\/\/i0.wp.com\/eltrabajo.cl\/portal\/wp-content\/uploads\/2018\/02\/Molles2.jpg?resize=233%2C150&amp;ssl=1 233w, https:\/\/i0.wp.com\/eltrabajo.cl\/portal\/wp-content\/uploads\/2018\/02\/Molles2.jpg?resize=400%2C257&amp;ssl=1 400w\" sizes=\"auto, (max-width: 579px) 100vw, 579px\" \/><figcaption id=\"caption-attachment-84831\" class=\"wp-caption-text\">PARA CHUPARSE LOS DEDOS.- Muchas personas debieron trabajar mucho para poder preparar esta deliciosa comida.<\/figcaption><\/figure>\n<ul>\n<li><span style=\"color: #ff0000;\"><strong>Iniciativa comunitaria reuni\u00f3 a m\u00e1s de 400 personas:<\/strong><\/span><\/li>\n<\/ul>\n<p>Una original idea para reencontrar a decenas de familias que hab\u00edan laborado hace d\u00e9cadas en Fundo Los Molles, en el sector La Troya, es la que desarroll\u00f3 un vecino sanfelipe\u00f1o el pasado fin de semana, actividad que se realiz\u00f3 en el antiguo paking en donde nuestros abuelos cultivaron su vida social y laboral a mediados del siglo XX.<br \/>\n\u00abLa idea original estaba dirigida a unas cuantas familias, reunirnos para almorzar y recordar todos aquellos tiempos de juventud y experiencias compartidas, sin embargo en pocos d\u00edas se supo de esta iniciativa y mi celular no dej\u00f3 de sonar, abuelitos, t\u00edos, los hijos y nietos de estas familias empezaron a solicitar ser incluidas en este primer encuentro, otros decidieron apoyarme en organizar la actividad, hasta que este s\u00e1bado ocurri\u00f3 el gran encuentro, fueron casi 400 personas las que llegaron a Los Molles, la mayor\u00eda de ellos de las comunas de San Felipe y Santa Mar\u00eda, pero tambi\u00e9n llegaron abuelitos mayores de 90 a\u00f1os, gente de Santiago, de Valpara\u00edso, de muchas partes, gente que tambi\u00e9n nacieron, se criaron y trabajaron en este fundo, cuando era s\u00f3lo un fundo todo este sector de La Troya\u00bb, coment\u00f3 emocionado a Diario El Trabajo el principal promotor de la actividad, Juan Carlos P\u00e9rez.<\/p>\n<p><span style=\"color: #ff0000;\"><strong>EN EL GRAN GALP\u00d3N<\/strong><\/span><br \/>\nLa historia de esta \u2018familia de Los Molles\u2019 nace luego que la Familia Lyon (due\u00f1os del Palacio de Quilpu\u00e9) se instalara en el sector. Con el progreso de sus fundos fueron llegando peque\u00f1as familias trabajadoras, gente de Llay Llay, Chincolco y de otras partes del valle, as\u00ed, todas juntas empezaron a crecer, se hizo una capilla para que los domingos fueran a Misa, y tambi\u00e9n el gran galp\u00f3n de Los Molles, lugar que este s\u00e1bado cientos de ellos volvieron a visitar.<br \/>\nA la cita tambi\u00e9n llegaron los alcaldes de San Felipe y Santa Mar\u00eda, quienes anunciaron la posibilidad de financiar un libro, si alguien lo escribe, acerca de estas familias. As\u00ed tambi\u00e9n hubo artistas aficionados, los que dieron alegr\u00eda y buen ritmo a la fiesta, los abuelitos fueron destacados, aplaudidos, los apodos tambi\u00e9n era la forma en que se llamaban algunos con otros, l\u00e1grimas, risas, vino, pollito al jugo y ni\u00f1os corriendo por ese galp\u00f3n, adem\u00e1s de los emotivos abrazos.<br \/>\nHoy en Diario El Trabajo compartimos con nuestros lectores un registro gr\u00e1fico de este encuentro tan especial.<br \/>\n<strong>Roberto Gonz\u00e1lez Short<\/strong><\/p>\n<figure id=\"attachment_84828\" aria-describedby=\"caption-attachment-84828\" style=\"width: 580px\" class=\"wp-caption alignnone\"><img data-recalc-dims=\"1\" loading=\"lazy\" decoding=\"async\" class=\"size-full wp-image-84828\" src=\"https:\/\/i0.wp.com\/www.eltrabajo.cl\/2017\/wp-content\/uploads\/2018\/02\/Molles_Juan-Carlos-Perez.jpg?resize=580%2C539\" alt=\"Principal promotor de la actividad, don Juan Carlos P\u00e9rez.\" width=\"580\" height=\"539\" srcset=\"https:\/\/i0.wp.com\/eltrabajo.cl\/portal\/wp-content\/uploads\/2018\/02\/Molles_Juan-Carlos-Perez.jpg?w=580&amp;ssl=1 580w, https:\/\/i0.wp.com\/eltrabajo.cl\/portal\/wp-content\/uploads\/2018\/02\/Molles_Juan-Carlos-Perez.jpg?resize=161%2C150&amp;ssl=1 161w, https:\/\/i0.wp.com\/eltrabajo.cl\/portal\/wp-content\/uploads\/2018\/02\/Molles_Juan-Carlos-Perez.jpg?resize=300%2C279&amp;ssl=1 300w, https:\/\/i0.wp.com\/eltrabajo.cl\/portal\/wp-content\/uploads\/2018\/02\/Molles_Juan-Carlos-Perez.jpg?resize=400%2C372&amp;ssl=1 400w\" sizes=\"auto, (max-width: 580px) 100vw, 580px\" \/><figcaption id=\"caption-attachment-84828\" class=\"wp-caption-text\">Principal promotor de la actividad, don Juan Carlos P\u00e9rez.<\/figcaption><\/figure>\n<figure id=\"attachment_84829\" aria-describedby=\"caption-attachment-84829\" style=\"width: 578px\" class=\"wp-caption alignnone\"><img data-recalc-dims=\"1\" loading=\"lazy\" decoding=\"async\" class=\"size-full wp-image-84829\" src=\"https:\/\/i0.wp.com\/www.eltrabajo.cl\/2017\/wp-content\/uploads\/2018\/02\/Molles_Luis-Puelles.jpg?resize=578%2C399\" alt=\"UN MURAL CON HISTORIA.- Don Luis Puelles hizo este mural, en \u00e9l mismo dibuj\u00f3 muchas escenas y humoradas que recuerdan las aventuras de quienes las vivieron a mediados del siglo pasado.\" width=\"578\" height=\"399\" srcset=\"https:\/\/i0.wp.com\/eltrabajo.cl\/portal\/wp-content\/uploads\/2018\/02\/Molles_Luis-Puelles.jpg?w=578&amp;ssl=1 578w, https:\/\/i0.wp.com\/eltrabajo.cl\/portal\/wp-content\/uploads\/2018\/02\/Molles_Luis-Puelles.jpg?resize=200%2C138&amp;ssl=1 200w, https:\/\/i0.wp.com\/eltrabajo.cl\/portal\/wp-content\/uploads\/2018\/02\/Molles_Luis-Puelles.jpg?resize=300%2C207&amp;ssl=1 300w, https:\/\/i0.wp.com\/eltrabajo.cl\/portal\/wp-content\/uploads\/2018\/02\/Molles_Luis-Puelles.jpg?resize=217%2C150&amp;ssl=1 217w, https:\/\/i0.wp.com\/eltrabajo.cl\/portal\/wp-content\/uploads\/2018\/02\/Molles_Luis-Puelles.jpg?resize=400%2C276&amp;ssl=1 400w\" sizes=\"auto, (max-width: 578px) 100vw, 578px\" \/><figcaption id=\"caption-attachment-84829\" class=\"wp-caption-text\">UN MURAL CON HISTORIA.- Don Luis Puelles hizo este mural, en \u00e9l mismo dibuj\u00f3 muchas escenas y humoradas que recuerdan las aventuras de quienes las vivieron a mediados del siglo pasado.<\/figcaption><\/figure>\n<figure id=\"attachment_84830\" aria-describedby=\"caption-attachment-84830\" style=\"width: 579px\" class=\"wp-caption alignnone\"><img data-recalc-dims=\"1\" loading=\"lazy\" decoding=\"async\" class=\"size-full wp-image-84830\" src=\"https:\/\/i0.wp.com\/www.eltrabajo.cl\/2017\/wp-content\/uploads\/2018\/02\/Molles1.jpg?resize=579%2C370\" alt=\"JUNTOS OTRA VEZ.- Aqu\u00ed vemos a las familias que hace d\u00e9cadas trabajaron en este fundo agr\u00edcola, en Los Molles.\" width=\"579\" height=\"370\" srcset=\"https:\/\/i0.wp.com\/eltrabajo.cl\/portal\/wp-content\/uploads\/2018\/02\/Molles1.jpg?w=579&amp;ssl=1 579w, https:\/\/i0.wp.com\/eltrabajo.cl\/portal\/wp-content\/uploads\/2018\/02\/Molles1.jpg?resize=200%2C128&amp;ssl=1 200w, https:\/\/i0.wp.com\/eltrabajo.cl\/portal\/wp-content\/uploads\/2018\/02\/Molles1.jpg?resize=300%2C192&amp;ssl=1 300w, https:\/\/i0.wp.com\/eltrabajo.cl\/portal\/wp-content\/uploads\/2018\/02\/Molles1.jpg?resize=235%2C150&amp;ssl=1 235w, https:\/\/i0.wp.com\/eltrabajo.cl\/portal\/wp-content\/uploads\/2018\/02\/Molles1.jpg?resize=400%2C256&amp;ssl=1 400w\" sizes=\"auto, (max-width: 579px) 100vw, 579px\" \/><figcaption id=\"caption-attachment-84830\" class=\"wp-caption-text\">JUNTOS OTRA VEZ.- Aqu\u00ed vemos a las familias que hace d\u00e9cadas trabajaron en este fundo agr\u00edcola, en Los Molles.<\/figcaption><\/figure>\n<figure id=\"attachment_84832\" aria-describedby=\"caption-attachment-84832\" style=\"width: 578px\" class=\"wp-caption alignnone\"><img data-recalc-dims=\"1\" loading=\"lazy\" decoding=\"async\" class=\"size-full wp-image-84832\" src=\"https:\/\/i0.wp.com\/www.eltrabajo.cl\/2017\/wp-content\/uploads\/2018\/02\/Molles3.jpg?resize=578%2C365\" alt=\"SIEMPRE ANITA.- Do\u00f1a Ana Ulloa, de 93 a\u00f1os de edad, fue una de las vecinas a quien m\u00e1s aplaudieron, pues parte de su juventud la pas\u00f3 trabajando en ese fundo.\" width=\"578\" height=\"365\" srcset=\"https:\/\/i0.wp.com\/eltrabajo.cl\/portal\/wp-content\/uploads\/2018\/02\/Molles3.jpg?w=578&amp;ssl=1 578w, https:\/\/i0.wp.com\/eltrabajo.cl\/portal\/wp-content\/uploads\/2018\/02\/Molles3.jpg?resize=200%2C126&amp;ssl=1 200w, https:\/\/i0.wp.com\/eltrabajo.cl\/portal\/wp-content\/uploads\/2018\/02\/Molles3.jpg?resize=300%2C189&amp;ssl=1 300w, https:\/\/i0.wp.com\/eltrabajo.cl\/portal\/wp-content\/uploads\/2018\/02\/Molles3.jpg?resize=238%2C150&amp;ssl=1 238w, https:\/\/i0.wp.com\/eltrabajo.cl\/portal\/wp-content\/uploads\/2018\/02\/Molles3.jpg?resize=400%2C253&amp;ssl=1 400w\" sizes=\"auto, (max-width: 578px) 100vw, 578px\" \/><figcaption id=\"caption-attachment-84832\" class=\"wp-caption-text\">SIEMPRE ANITA.- Do\u00f1a Ana Ulloa, de 93 a\u00f1os de edad, fue una de las vecinas a quien m\u00e1s aplaudieron, pues parte de su juventud la pas\u00f3 trabajando en ese fundo.<\/figcaption><\/figure>\n<figure id=\"attachment_84833\" aria-describedby=\"caption-attachment-84833\" style=\"width: 579px\" class=\"wp-caption alignnone\"><img data-recalc-dims=\"1\" loading=\"lazy\" decoding=\"async\" class=\"size-full wp-image-84833\" src=\"https:\/\/i0.wp.com\/www.eltrabajo.cl\/2017\/wp-content\/uploads\/2018\/02\/Molles4.jpg?resize=579%2C689\" alt=\"HASTA LAS L\u00c1GRIMAS.- Este emotivo momento lo dice todo: La amistad y el cari\u00f1o siempre har\u00e1 arder nuestros corazones.\" width=\"579\" height=\"689\" srcset=\"https:\/\/i0.wp.com\/eltrabajo.cl\/portal\/wp-content\/uploads\/2018\/02\/Molles4.jpg?w=579&amp;ssl=1 579w, https:\/\/i0.wp.com\/eltrabajo.cl\/portal\/wp-content\/uploads\/2018\/02\/Molles4.jpg?resize=126%2C150&amp;ssl=1 126w, https:\/\/i0.wp.com\/eltrabajo.cl\/portal\/wp-content\/uploads\/2018\/02\/Molles4.jpg?resize=252%2C300&amp;ssl=1 252w, https:\/\/i0.wp.com\/eltrabajo.cl\/portal\/wp-content\/uploads\/2018\/02\/Molles4.jpg?resize=400%2C476&amp;ssl=1 400w\" sizes=\"auto, (max-width: 579px) 100vw, 579px\" \/><figcaption id=\"caption-attachment-84833\" class=\"wp-caption-text\">HASTA LAS L\u00c1GRIMAS.- Este emotivo momento lo dice todo: La amistad y el cari\u00f1o siempre har\u00e1 arder nuestros corazones.<\/figcaption><\/figure>\n","protected":false},"excerpt":{"rendered":"<p>Iniciativa comunitaria reuni\u00f3 a m\u00e1s de 400 personas: Una original idea para reencontrar a decenas de familias que hab\u00edan laborado hace d\u00e9cadas en Fundo Los Molles, en el sector La Troya, es&#8230;<\/p>\n","protected":false},"author":1,"featured_media":84830,"comment_status":"open","ping_status":"open","sticky":false,"template":"","format":"standard","meta":{"advanced_seo_description":"","jetpack_seo_html_title":"","jetpack_seo_noindex":false,"_jetpack_memberships_contains_paid_content":false,"footnotes":""},"categories":[15],"tags":[],"class_list":["post-84827","post","type-post","status-publish","format-standard","has-post-thumbnail","hentry","category-comunidad"],"jetpack_featured_media_url":"https:\/\/i0.wp.com\/eltrabajo.cl\/portal\/wp-content\/uploads\/2018\/02\/Molles1.jpg?fit=579%2C370&ssl=1","jetpack_sharing_enabled":true,"jetpack_likes_enabled":true,"jetpack-related-posts":[],"_links":{"self":[{"href":"https:\/\/eltrabajo.cl\/portal\/wp-json\/wp\/v2\/posts\/84827","targetHints":{"allow":["GET"]}}],"collection":[{"href":"https:\/\/eltrabajo.cl\/portal\/wp-json\/wp\/v2\/posts"}],"about":[{"href":"https:\/\/eltrabajo.cl\/portal\/wp-json\/wp\/v2\/types\/post"}],"author":[{"embeddable":true,"href":"https:\/\/eltrabajo.cl\/portal\/wp-json\/wp\/v2\/users\/1"}],"replies":[{"embeddable":true,"href":"https:\/\/eltrabajo.cl\/portal\/wp-json\/wp\/v2\/comments?post=84827"}],"version-history":[{"count":0,"href":"https:\/\/eltrabajo.cl\/portal\/wp-json\/wp\/v2\/posts\/84827\/revisions"}],"wp:featuredmedia":[{"embeddable":true,"href":"https:\/\/eltrabajo.cl\/portal\/wp-json\/wp\/v2\/media\/84830"}],"wp:attachment":[{"href":"https:\/\/eltrabajo.cl\/portal\/wp-json\/wp\/v2\/media?parent=84827"}],"wp:term":[{"taxonomy":"category","embeddable":true,"href":"https:\/\/eltrabajo.cl\/portal\/wp-json\/wp\/v2\/categories?post=84827"},{"taxonomy":"post_tag","embeddable":true,"href":"https:\/\/eltrabajo.cl\/portal\/wp-json\/wp\/v2\/tags?post=84827"}],"curies":[{"name":"wp","href":"https:\/\/api.w.org\/{rel}","templated":true}]}}