{"id":84845,"date":"2018-02-21T05:01:24","date_gmt":"2018-02-21T09:01:24","guid":{"rendered":"http:\/\/www.eltrabajo.cl\/2017\/?p=84845"},"modified":"2018-02-21T05:01:24","modified_gmt":"2018-02-21T09:01:24","slug":"impuntualidad-de-camion-de-valores-afecto-a-cientos-de-pensionados-de-caja-los-andes","status":"publish","type":"post","link":"https:\/\/eltrabajo.cl\/portal\/impuntualidad-de-camion-de-valores-afecto-a-cientos-de-pensionados-de-caja-los-andes\/","title":{"rendered":"Impuntualidad de cami\u00f3n de valores afect\u00f3 a cientos de pensionados de Caja Los Andes"},"content":{"rendered":"<figure id=\"attachment_84847\" aria-describedby=\"caption-attachment-84847\" style=\"width: 580px\" class=\"wp-caption alignnone\"><img data-recalc-dims=\"1\" loading=\"lazy\" decoding=\"async\" class=\"size-full wp-image-84847\" src=\"https:\/\/i0.wp.com\/www.eltrabajo.cl\/2017\/wp-content\/uploads\/2018\/02\/Pensionados1.jpg?resize=580%2C391\" alt=\"UNA LARGA ESPERA.- Cientos de pensionados de Caja Los Andes, en San Felipe, debieron esperar varias horas para poder cobrar sus pensiones en esa sucursal, luego que el cami\u00f3n de Valores no llegara a tiempo con el efectivo.\" width=\"580\" height=\"391\" srcset=\"https:\/\/i0.wp.com\/eltrabajo.cl\/portal\/wp-content\/uploads\/2018\/02\/Pensionados1.jpg?w=580&amp;ssl=1 580w, https:\/\/i0.wp.com\/eltrabajo.cl\/portal\/wp-content\/uploads\/2018\/02\/Pensionados1.jpg?resize=200%2C135&amp;ssl=1 200w, https:\/\/i0.wp.com\/eltrabajo.cl\/portal\/wp-content\/uploads\/2018\/02\/Pensionados1.jpg?resize=300%2C202&amp;ssl=1 300w, https:\/\/i0.wp.com\/eltrabajo.cl\/portal\/wp-content\/uploads\/2018\/02\/Pensionados1.jpg?resize=223%2C150&amp;ssl=1 223w, https:\/\/i0.wp.com\/eltrabajo.cl\/portal\/wp-content\/uploads\/2018\/02\/Pensionados1.jpg?resize=400%2C270&amp;ssl=1 400w\" sizes=\"auto, (max-width: 580px) 100vw, 580px\" \/><figcaption id=\"caption-attachment-84847\" class=\"wp-caption-text\">UNA LARGA ESPERA.- Cientos de pensionados de Caja Los Andes, en San Felipe, debieron esperar varias horas para poder cobrar sus pensiones en esa sucursal, luego que el cami\u00f3n de Valores no llegara a tiempo con el efectivo.<\/figcaption><\/figure>\n<ul>\n<li><span style=\"color: #ff0000;\"><strong>Abuelitos esperaron por horas bajo el sol para cobrar su pensi\u00f3n:<\/strong><\/span><\/li>\n<\/ul>\n<p>Una inc\u00f3moda experiencia es la que vivieron cientos de adultos mayores y dem\u00e1s usuarios de Caja Los Andes, en Salinas con Freire el lunes y ayer en San Felipe, cuando llegaron a cobrar su pensi\u00f3n en esas oficinas. La fila de usuarios era bastante larga, aproximadamente de 50 metros, mientras que al interior de la instituci\u00f3n estaba lleno de abuelitos y personas a la espera de su dinero.<\/p>\n<p><span style=\"color: #ff0000;\"><strong>ABUELOS MOLESTOS<\/strong><\/span><br \/>\nSe trata de un inusual comportamiento de esta instituci\u00f3n, casi un caso extra\u00f1o y \u00fanico, ya que es la primera vez que ocurre un retraso en el pago de pensiones, como as\u00ed lo destacaron los mismos pensionados.<br \/>\n\u00abEs la primera vez que nos ocurre esto, ayer nos dijeron que no hab\u00eda Sistema, que no hay cajera, yo necesito mi platita para pagar mis cuentas, apenas son $56.000 mensuales, una pensi\u00f3n de esas solidarias que nos da el gobierno\u00bb, coment\u00f3 angustiada do\u00f1a Mar\u00eda Victoria Sanhueza, vecina de Villa El Canelo.<br \/>\nPor su parte do\u00f1a Patricia Carvajal, vecina de Panquehue, indic\u00f3 que \u00abtengo que comprar alimentos para mi familia con ese dinero, ya se me venci\u00f3 el recibo del agua, esto es muy inc\u00f3modo\u00bb.<br \/>\nMientras que las horas pasaban y los usuarios ped\u00edan una explicaci\u00f3n a los funcionarios dirigidos por Caja Los Andes, la jefa de sucursal, Paula Salinas, hac\u00eda todo lo posible para coordinar la manera de entregar ese efectivo, pues aunque parezca ins\u00f3lito, la empresa Prosegur debe traerla en cami\u00f3n blindado, pero no lleg\u00f3 a tiempo ni ha dado tampoco explicaciones sobre la tardanza.<\/p>\n<p><span style=\"color: #ff0000;\"><strong>DINERO TARD\u00cdO<\/strong><\/span><br \/>\nDiario El Trabajo habl\u00f3 con Asuntos Corporativos de Caja Los Andes, Santiago, desde donde se nos dio como respuesta lo siguiente: \u00abInformamos que el d\u00eda martes 20 de febrero de 2018, producto de una situaci\u00f3n de fuerza mayor ajena a nuestra instituci\u00f3n, se produjo un retraso en el pago de pensiones de nuestros afiliados, debido a la demora en la llegada del cami\u00f3n de valores de un proveedor externo (Prosegur). Lamentamos los inconvenientes que este hecho puntual pudiera haber provocado en nuestros afiliados pensionados, quienes acudieron a nuestra sucursal de la ciudad de San Felipe y pudieron cobrar su pensi\u00f3n de forma expedita, una vez solucionada la contingencia\u00bb.<br \/>\nTambi\u00e9n nuestro medio hizo varias llamadas a la empresa Prosegur, pero s\u00f3lo las grabadoras responden. Al final de la historia y para alivio de estos m\u00e1s de 700 pensionados, el dinero lleg\u00f3 minutos antes de las 11:00 horas, lo que permiti\u00f3 al filo del mediod\u00eda poder cobrar sus pensiones a los afiliados.<br \/>\n<strong>Roberto Gonz\u00e1lez Short<\/strong><\/p>\n<figure id=\"attachment_84846\" aria-describedby=\"caption-attachment-84846\" style=\"width: 580px\" class=\"wp-caption alignnone\"><img data-recalc-dims=\"1\" loading=\"lazy\" decoding=\"async\" class=\"size-full wp-image-84846\" src=\"https:\/\/i0.wp.com\/www.eltrabajo.cl\/2017\/wp-content\/uploads\/2018\/02\/Pensionados_Mar%C3%ADa-Victoria-Sanhueza.jpg?resize=580%2C504\" alt=\"Mar\u00eda Victoria Sanhueza, vecina de Villa El Canelo.\" width=\"580\" height=\"504\" srcset=\"https:\/\/i0.wp.com\/eltrabajo.cl\/portal\/wp-content\/uploads\/2018\/02\/Pensionados_Mar%C3%ADa-Victoria-Sanhueza.jpg?w=580&amp;ssl=1 580w, https:\/\/i0.wp.com\/eltrabajo.cl\/portal\/wp-content\/uploads\/2018\/02\/Pensionados_Mar%C3%ADa-Victoria-Sanhueza.jpg?resize=173%2C150&amp;ssl=1 173w, https:\/\/i0.wp.com\/eltrabajo.cl\/portal\/wp-content\/uploads\/2018\/02\/Pensionados_Mar%C3%ADa-Victoria-Sanhueza.jpg?resize=300%2C261&amp;ssl=1 300w, https:\/\/i0.wp.com\/eltrabajo.cl\/portal\/wp-content\/uploads\/2018\/02\/Pensionados_Mar%C3%ADa-Victoria-Sanhueza.jpg?resize=400%2C348&amp;ssl=1 400w\" sizes=\"auto, (max-width: 580px) 100vw, 580px\" \/><figcaption id=\"caption-attachment-84846\" class=\"wp-caption-text\">Mar\u00eda Victoria Sanhueza, vecina de Villa El Canelo.<\/figcaption><\/figure>\n<figure id=\"attachment_84848\" aria-describedby=\"caption-attachment-84848\" style=\"width: 580px\" class=\"wp-caption alignnone\"><img data-recalc-dims=\"1\" loading=\"lazy\" decoding=\"async\" class=\"size-full wp-image-84848\" src=\"https:\/\/i0.wp.com\/www.eltrabajo.cl\/2017\/wp-content\/uploads\/2018\/02\/Pensionados2.jpg?resize=580%2C577\" alt=\"\u00bfDIGNA VEJEZ? -Esta se\u00f1ora de la tercera edad pudo al menos disponer de una silla, mientras que los dem\u00e1s debieron estar al sol por mucho rato.\" width=\"580\" height=\"577\" srcset=\"https:\/\/i0.wp.com\/eltrabajo.cl\/portal\/wp-content\/uploads\/2018\/02\/Pensionados2.jpg?w=580&amp;ssl=1 580w, https:\/\/i0.wp.com\/eltrabajo.cl\/portal\/wp-content\/uploads\/2018\/02\/Pensionados2.jpg?resize=151%2C150&amp;ssl=1 151w, https:\/\/i0.wp.com\/eltrabajo.cl\/portal\/wp-content\/uploads\/2018\/02\/Pensionados2.jpg?resize=300%2C298&amp;ssl=1 300w, https:\/\/i0.wp.com\/eltrabajo.cl\/portal\/wp-content\/uploads\/2018\/02\/Pensionados2.jpg?resize=400%2C398&amp;ssl=1 400w\" sizes=\"auto, (max-width: 580px) 100vw, 580px\" \/><figcaption id=\"caption-attachment-84848\" class=\"wp-caption-text\">\u00bfDIGNA VEJEZ? -Esta se\u00f1ora de la tercera edad pudo al menos disponer de una silla, mientras que los dem\u00e1s debieron estar al sol por mucho rato.<\/figcaption><\/figure>\n<figure id=\"attachment_84849\" aria-describedby=\"caption-attachment-84849\" style=\"width: 578px\" class=\"wp-caption alignnone\"><img data-recalc-dims=\"1\" loading=\"lazy\" decoding=\"async\" class=\"size-full wp-image-84849\" src=\"https:\/\/i0.wp.com\/www.eltrabajo.cl\/2017\/wp-content\/uploads\/2018\/02\/Pensionados3.jpg?resize=578%2C350\" alt=\"PROBLEMA CONOCIDO.- Hace algunos meses el problema se presentaba en Servipag, ahora pareciera que en esta sucursal de Caja Los Andes tendr\u00e1n que mejorar la atenci\u00f3n.\" width=\"578\" height=\"350\" srcset=\"https:\/\/i0.wp.com\/eltrabajo.cl\/portal\/wp-content\/uploads\/2018\/02\/Pensionados3.jpg?w=578&amp;ssl=1 578w, https:\/\/i0.wp.com\/eltrabajo.cl\/portal\/wp-content\/uploads\/2018\/02\/Pensionados3.jpg?resize=200%2C121&amp;ssl=1 200w, https:\/\/i0.wp.com\/eltrabajo.cl\/portal\/wp-content\/uploads\/2018\/02\/Pensionados3.jpg?resize=300%2C182&amp;ssl=1 300w, https:\/\/i0.wp.com\/eltrabajo.cl\/portal\/wp-content\/uploads\/2018\/02\/Pensionados3.jpg?resize=248%2C150&amp;ssl=1 248w, https:\/\/i0.wp.com\/eltrabajo.cl\/portal\/wp-content\/uploads\/2018\/02\/Pensionados3.jpg?resize=400%2C242&amp;ssl=1 400w\" sizes=\"auto, (max-width: 578px) 100vw, 578px\" \/><figcaption id=\"caption-attachment-84849\" class=\"wp-caption-text\">PROBLEMA CONOCIDO.- Hace algunos meses el problema se presentaba en Servipag, ahora pareciera que en esta sucursal de Caja Los Andes tendr\u00e1n que mejorar la atenci\u00f3n.<\/figcaption><\/figure>\n<figure id=\"attachment_84850\" aria-describedby=\"caption-attachment-84850\" style=\"width: 580px\" class=\"wp-caption alignnone\"><img data-recalc-dims=\"1\" loading=\"lazy\" decoding=\"async\" class=\"size-full wp-image-84850\" src=\"https:\/\/i0.wp.com\/www.eltrabajo.cl\/2017\/wp-content\/uploads\/2018\/02\/Pensionados4.jpg?resize=580%2C385\" alt=\"IMPUNTUALIDAD.- Caja Los Andes indic\u00f3 que los responsables de este problema es la empresa que transporta el efectivo hacia esta sucursal.\" width=\"580\" height=\"385\" srcset=\"https:\/\/i0.wp.com\/eltrabajo.cl\/portal\/wp-content\/uploads\/2018\/02\/Pensionados4.jpg?w=580&amp;ssl=1 580w, https:\/\/i0.wp.com\/eltrabajo.cl\/portal\/wp-content\/uploads\/2018\/02\/Pensionados4.jpg?resize=200%2C133&amp;ssl=1 200w, https:\/\/i0.wp.com\/eltrabajo.cl\/portal\/wp-content\/uploads\/2018\/02\/Pensionados4.jpg?resize=300%2C199&amp;ssl=1 300w, https:\/\/i0.wp.com\/eltrabajo.cl\/portal\/wp-content\/uploads\/2018\/02\/Pensionados4.jpg?resize=226%2C150&amp;ssl=1 226w, https:\/\/i0.wp.com\/eltrabajo.cl\/portal\/wp-content\/uploads\/2018\/02\/Pensionados4.jpg?resize=400%2C266&amp;ssl=1 400w\" sizes=\"auto, (max-width: 580px) 100vw, 580px\" \/><figcaption id=\"caption-attachment-84850\" class=\"wp-caption-text\">IMPUNTUALIDAD.- Caja Los Andes indic\u00f3 que los responsables de este problema es la empresa que transporta el efectivo hacia esta sucursal.<\/figcaption><\/figure>\n<figure id=\"attachment_84851\" aria-describedby=\"caption-attachment-84851\" style=\"width: 580px\" class=\"wp-caption alignnone\"><img data-recalc-dims=\"1\" loading=\"lazy\" decoding=\"async\" class=\"size-full wp-image-84851\" src=\"https:\/\/i0.wp.com\/www.eltrabajo.cl\/2017\/wp-content\/uploads\/2018\/02\/Pensionados-Patricia-Carvajal.jpg?resize=580%2C530\" alt=\"Patricia Carvajal, pensionada y vecina de Panquehue.\" width=\"580\" height=\"530\" srcset=\"https:\/\/i0.wp.com\/eltrabajo.cl\/portal\/wp-content\/uploads\/2018\/02\/Pensionados-Patricia-Carvajal.jpg?w=580&amp;ssl=1 580w, https:\/\/i0.wp.com\/eltrabajo.cl\/portal\/wp-content\/uploads\/2018\/02\/Pensionados-Patricia-Carvajal.jpg?resize=164%2C150&amp;ssl=1 164w, https:\/\/i0.wp.com\/eltrabajo.cl\/portal\/wp-content\/uploads\/2018\/02\/Pensionados-Patricia-Carvajal.jpg?resize=300%2C274&amp;ssl=1 300w, https:\/\/i0.wp.com\/eltrabajo.cl\/portal\/wp-content\/uploads\/2018\/02\/Pensionados-Patricia-Carvajal.jpg?resize=400%2C366&amp;ssl=1 400w\" sizes=\"auto, (max-width: 580px) 100vw, 580px\" \/><figcaption id=\"caption-attachment-84851\" class=\"wp-caption-text\">Patricia Carvajal, pensionada y vecina de Panquehue.<\/figcaption><\/figure>\n","protected":false},"excerpt":{"rendered":"<p>Abuelitos esperaron por horas bajo el sol para cobrar su pensi\u00f3n: Una inc\u00f3moda experiencia es la que vivieron cientos de adultos mayores y dem\u00e1s usuarios de Caja Los Andes, en Salinas con&#8230;<\/p>\n","protected":false},"author":1,"featured_media":84849,"comment_status":"open","ping_status":"open","sticky":false,"template":"","format":"standard","meta":{"advanced_seo_description":"","jetpack_seo_html_title":"","jetpack_seo_noindex":false,"_jetpack_memberships_contains_paid_content":false,"footnotes":""},"categories":[15],"tags":[],"class_list":["post-84845","post","type-post","status-publish","format-standard","has-post-thumbnail","hentry","category-comunidad"],"jetpack_featured_media_url":"https:\/\/i0.wp.com\/eltrabajo.cl\/portal\/wp-content\/uploads\/2018\/02\/Pensionados3.jpg?fit=578%2C350&ssl=1","jetpack_sharing_enabled":true,"jetpack_likes_enabled":true,"jetpack-related-posts":[],"_links":{"self":[{"href":"https:\/\/eltrabajo.cl\/portal\/wp-json\/wp\/v2\/posts\/84845","targetHints":{"allow":["GET"]}}],"collection":[{"href":"https:\/\/eltrabajo.cl\/portal\/wp-json\/wp\/v2\/posts"}],"about":[{"href":"https:\/\/eltrabajo.cl\/portal\/wp-json\/wp\/v2\/types\/post"}],"author":[{"embeddable":true,"href":"https:\/\/eltrabajo.cl\/portal\/wp-json\/wp\/v2\/users\/1"}],"replies":[{"embeddable":true,"href":"https:\/\/eltrabajo.cl\/portal\/wp-json\/wp\/v2\/comments?post=84845"}],"version-history":[{"count":0,"href":"https:\/\/eltrabajo.cl\/portal\/wp-json\/wp\/v2\/posts\/84845\/revisions"}],"wp:featuredmedia":[{"embeddable":true,"href":"https:\/\/eltrabajo.cl\/portal\/wp-json\/wp\/v2\/media\/84849"}],"wp:attachment":[{"href":"https:\/\/eltrabajo.cl\/portal\/wp-json\/wp\/v2\/media?parent=84845"}],"wp:term":[{"taxonomy":"category","embeddable":true,"href":"https:\/\/eltrabajo.cl\/portal\/wp-json\/wp\/v2\/categories?post=84845"},{"taxonomy":"post_tag","embeddable":true,"href":"https:\/\/eltrabajo.cl\/portal\/wp-json\/wp\/v2\/tags?post=84845"}],"curies":[{"name":"wp","href":"https:\/\/api.w.org\/{rel}","templated":true}]}}