{"id":84860,"date":"2018-02-21T05:04:01","date_gmt":"2018-02-21T09:04:01","guid":{"rendered":"http:\/\/www.eltrabajo.cl\/2017\/?p=84860"},"modified":"2018-02-21T05:04:01","modified_gmt":"2018-02-21T09:04:01","slug":"a-vecina-con-rodilla-fracturada-ya-le-han-rechazado-nueve-licencias-medicas","status":"publish","type":"post","link":"https:\/\/eltrabajo.cl\/portal\/a-vecina-con-rodilla-fracturada-ya-le-han-rechazado-nueve-licencias-medicas\/","title":{"rendered":"A vecina con rodilla fracturada ya le han rechazado nueve licencias m\u00e9dicas"},"content":{"rendered":"<figure id=\"attachment_84861\" aria-describedby=\"caption-attachment-84861\" style=\"width: 580px\" class=\"wp-caption alignnone\"><img data-recalc-dims=\"1\" loading=\"lazy\" decoding=\"async\" class=\"size-full wp-image-84861\" src=\"https:\/\/i0.wp.com\/www.eltrabajo.cl\/2017\/wp-content\/uploads\/2018\/02\/Rodilla_Maria-Cristina-Olivos.jpg?resize=580%2C515\" alt=\"Mar\u00eda Cristina Olivos, solicita a los m\u00e9dicos que retomen su caso, pues el dolor es intenso.\" width=\"580\" height=\"515\" srcset=\"https:\/\/i0.wp.com\/eltrabajo.cl\/portal\/wp-content\/uploads\/2018\/02\/Rodilla_Maria-Cristina-Olivos.jpg?w=580&amp;ssl=1 580w, https:\/\/i0.wp.com\/eltrabajo.cl\/portal\/wp-content\/uploads\/2018\/02\/Rodilla_Maria-Cristina-Olivos.jpg?resize=169%2C150&amp;ssl=1 169w, https:\/\/i0.wp.com\/eltrabajo.cl\/portal\/wp-content\/uploads\/2018\/02\/Rodilla_Maria-Cristina-Olivos.jpg?resize=300%2C266&amp;ssl=1 300w, https:\/\/i0.wp.com\/eltrabajo.cl\/portal\/wp-content\/uploads\/2018\/02\/Rodilla_Maria-Cristina-Olivos.jpg?resize=400%2C355&amp;ssl=1 400w\" sizes=\"auto, (max-width: 580px) 100vw, 580px\" \/><figcaption id=\"caption-attachment-84861\" class=\"wp-caption-text\">Mar\u00eda Cristina Olivos, solicita a los m\u00e9dicos que retomen su caso, pues el dolor es intenso.<\/figcaption><\/figure>\n<ul>\n<li><span style=\"color: #ff0000;\"><strong>Mientras que Compin Aconcagua sostiene que ella ya est\u00e1 sana:<\/strong><\/span><\/li>\n<\/ul>\n<p>Caminando apoyada con dos muletas; asistida tambi\u00e9n por su esposo y una de sus hijas, y sufriendo intensos dolores que le impiden poder movilizarse con tranquilidad, as\u00ed ingres\u00f3 a nuestra Sala de Redacci\u00f3n do\u00f1a Mar\u00eda Cristina Olivos Latorre, de 61 a\u00f1os de edad y vecina de Poblaci\u00f3n Chorrillos, solicitando su derecho de hacer p\u00fablico un problema que desde hace m\u00e1s de un a\u00f1o le viene afectando.<br \/>\n\u00abA finales de noviembre de 2016 sufr\u00ed un accidente al ingresar a mi casa, ca\u00ed a la vereda y me quebr\u00e9 la r\u00f3tula, mi rodilla sufri\u00f3 un fuerte golpe que hasta la fecha no me deja de doler, estuve enyesada un mes y me ampar\u00e9 a una licencia m\u00e9dica, yo trabajo en una empresa de aseo y desde entonces no he podido laborar. Mi problema se agrav\u00f3 hace nueve meses, cuando las licencias m\u00e9dicas que me permit\u00edan salir adelante, en el Compin de San Felipe me las empezaron a rechazar, yo fui remitida a Traumatolog\u00eda del Hospital San Juan de Dios, de Los Andes, en donde varios m\u00e9dicos durante todo este tiempo me han renovado las licencias m\u00e9dicas, los dolores no disminuyen y no puedo trabajar, apenas logro caminar, he asistido a todas las fisioterapias que los doctores me asignaron, a\u00fan as\u00ed, y luego de presentar todos mis dict\u00e1menes m\u00e9dicos y tr\u00e1mites, el doctor Patricio Cornejo determin\u00f3 que mi reposo guardado es injustificado, por lo que me ha rechazado las licencias desde hace ya bastantes meses, yo solicito que por favor este m\u00e9dico me vuelva a valorar, pues ahora hasta las caderas me duelen tambi\u00e9n\u00bb, dijo la afectada Mar\u00eda Cristina Olivos.<\/p>\n<p><span style=\"color: #ff0000;\"><strong>SALUD RESPONDE<\/strong><\/span><br \/>\nDiario El Trabajo busc\u00f3 una respuesta en Compin San Felipe, pues tambi\u00e9n esta vecina hab\u00eda apelado por el caso de sus licencias rechazadas ante la Superintendencia de Seguridad Social, pero ah\u00ed tambi\u00e9n le rechazaron su reclamo. Fue el Seremi de Salud, Mario M\u00e9ndez, quien dio respuesta a nuestra consulta.<br \/>\n\u00abEn respuesta a este caso, podemos se\u00f1alar que la Sra. Mar\u00eda Cristina Olivos Latorre estuvo en reposo por una fractura de rodilla por espacio de 243 d\u00edas, desde octubre de 2016 hasta el 30 de junio de 2017. En esta fecha se le practic\u00f3 un peritaje por parte de nuestros m\u00e9dicos fiscalizadores, cuyo informe se\u00f1al\u00f3 que la paciente posee movilidad satisfactoria y recomienda el Alta. Esta decisi\u00f3n fue apelada a Compin Aconcagua, en donde fue rechazada por falta de antecedentes que justifiquen el reposo. Posteriormente la usuaria apel\u00f3 esta determinaci\u00f3n a la Superintendencia de Seguridad Social (Suseso), entidad que tambi\u00e9n mantiene el rechazo. En el mes de enero de 2018 se present\u00f3 la \u00faltima licencia hasta el mes de marzo, en la que el m\u00e9dico tratante recomienda iniciar los tr\u00e1mites de invalidez, los que no se registran hasta el momento en nuestra instituci\u00f3n\u00bb, se\u00f1al\u00f3 M\u00e9ndez.<br \/>\n<strong>Roberto Gonz\u00e1lez Short<\/strong><\/p>\n<figure id=\"attachment_84862\" aria-describedby=\"caption-attachment-84862\" style=\"width: 580px\" class=\"wp-caption alignnone\"><img data-recalc-dims=\"1\" loading=\"lazy\" decoding=\"async\" class=\"size-full wp-image-84862\" src=\"https:\/\/i0.wp.com\/www.eltrabajo.cl\/2017\/wp-content\/uploads\/2018\/02\/Rodilla1.jpg?resize=580%2C392\" alt=\"A PURO DOLOR.- Do\u00f1a Mar\u00eda Cristina Olivos Latorre es ayudada por su esposo Carlos Mart\u00ednez y su hija Gloria para salir de nuestras oficinas, a esta vecina sanfelipe\u00f1a desde hace nueve meses le rechazan sus licencias m\u00e9dicas en la Compin.\" width=\"580\" height=\"392\" srcset=\"https:\/\/i0.wp.com\/eltrabajo.cl\/portal\/wp-content\/uploads\/2018\/02\/Rodilla1.jpg?w=580&amp;ssl=1 580w, https:\/\/i0.wp.com\/eltrabajo.cl\/portal\/wp-content\/uploads\/2018\/02\/Rodilla1.jpg?resize=200%2C135&amp;ssl=1 200w, https:\/\/i0.wp.com\/eltrabajo.cl\/portal\/wp-content\/uploads\/2018\/02\/Rodilla1.jpg?resize=300%2C203&amp;ssl=1 300w, https:\/\/i0.wp.com\/eltrabajo.cl\/portal\/wp-content\/uploads\/2018\/02\/Rodilla1.jpg?resize=222%2C150&amp;ssl=1 222w, https:\/\/i0.wp.com\/eltrabajo.cl\/portal\/wp-content\/uploads\/2018\/02\/Rodilla1.jpg?resize=400%2C270&amp;ssl=1 400w\" sizes=\"auto, (max-width: 580px) 100vw, 580px\" \/><figcaption id=\"caption-attachment-84862\" class=\"wp-caption-text\">A PURO DOLOR.- Do\u00f1a Mar\u00eda Cristina Olivos Latorre es ayudada por su esposo Carlos Mart\u00ednez y su hija Gloria para salir de nuestras oficinas, a esta vecina sanfelipe\u00f1a desde hace nueve meses le rechazan sus licencias m\u00e9dicas en la Compin.<\/figcaption><\/figure>\n<figure id=\"attachment_84863\" aria-describedby=\"caption-attachment-84863\" style=\"width: 579px\" class=\"wp-caption alignnone\"><img data-recalc-dims=\"1\" loading=\"lazy\" decoding=\"async\" class=\"size-full wp-image-84863\" src=\"https:\/\/i0.wp.com\/www.eltrabajo.cl\/2017\/wp-content\/uploads\/2018\/02\/Rodilla2.jpg?resize=579%2C386\" alt=\"\u00bfMIENTE LA SE\u00d1ORA.- Seg\u00fan los m\u00e9dicos calificadores de su caso, el reposo que ella necesita guardar es injustificado. \u00bfPor qu\u00e9 entonces siguen d\u00e1ndole licencia?\" width=\"579\" height=\"386\" srcset=\"https:\/\/i0.wp.com\/eltrabajo.cl\/portal\/wp-content\/uploads\/2018\/02\/Rodilla2.jpg?w=579&amp;ssl=1 579w, https:\/\/i0.wp.com\/eltrabajo.cl\/portal\/wp-content\/uploads\/2018\/02\/Rodilla2.jpg?resize=200%2C133&amp;ssl=1 200w, https:\/\/i0.wp.com\/eltrabajo.cl\/portal\/wp-content\/uploads\/2018\/02\/Rodilla2.jpg?resize=300%2C200&amp;ssl=1 300w, https:\/\/i0.wp.com\/eltrabajo.cl\/portal\/wp-content\/uploads\/2018\/02\/Rodilla2.jpg?resize=225%2C150&amp;ssl=1 225w, https:\/\/i0.wp.com\/eltrabajo.cl\/portal\/wp-content\/uploads\/2018\/02\/Rodilla2.jpg?resize=400%2C267&amp;ssl=1 400w\" sizes=\"auto, (max-width: 579px) 100vw, 579px\" \/><figcaption id=\"caption-attachment-84863\" class=\"wp-caption-text\">\u00bfMIENTE LA SE\u00d1ORA.- Seg\u00fan los m\u00e9dicos calificadores de su caso, el reposo que ella necesita guardar es injustificado. \u00bfPor qu\u00e9 entonces siguen d\u00e1ndole licencia?<\/figcaption><\/figure>\n<figure id=\"attachment_84864\" aria-describedby=\"caption-attachment-84864\" style=\"width: 580px\" class=\"wp-caption alignnone\"><img data-recalc-dims=\"1\" loading=\"lazy\" decoding=\"async\" class=\"size-full wp-image-84864\" src=\"https:\/\/i0.wp.com\/www.eltrabajo.cl\/2017\/wp-content\/uploads\/2018\/02\/Rodilla3.jpg?resize=580%2C958\" alt=\"PIDE QUE RETOMEN SU CASO.- As\u00ed es que puede movilizarse do\u00f1a Cristina desde el a\u00f1o 2016, ya no puede trabajar y necesita una respuesta.\" width=\"580\" height=\"958\" srcset=\"https:\/\/i0.wp.com\/eltrabajo.cl\/portal\/wp-content\/uploads\/2018\/02\/Rodilla3.jpg?w=580&amp;ssl=1 580w, https:\/\/i0.wp.com\/eltrabajo.cl\/portal\/wp-content\/uploads\/2018\/02\/Rodilla3.jpg?resize=91%2C150&amp;ssl=1 91w, https:\/\/i0.wp.com\/eltrabajo.cl\/portal\/wp-content\/uploads\/2018\/02\/Rodilla3.jpg?resize=182%2C300&amp;ssl=1 182w, https:\/\/i0.wp.com\/eltrabajo.cl\/portal\/wp-content\/uploads\/2018\/02\/Rodilla3.jpg?resize=400%2C661&amp;ssl=1 400w\" sizes=\"auto, (max-width: 580px) 100vw, 580px\" \/><figcaption id=\"caption-attachment-84864\" class=\"wp-caption-text\">PIDE QUE RETOMEN SU CASO.- As\u00ed es que puede movilizarse do\u00f1a Cristina desde el a\u00f1o 2016, ya no puede trabajar y necesita una respuesta.<\/figcaption><\/figure>\n<figure id=\"attachment_84865\" aria-describedby=\"caption-attachment-84865\" style=\"width: 579px\" class=\"wp-caption alignnone\"><img data-recalc-dims=\"1\" loading=\"lazy\" decoding=\"async\" class=\"size-full wp-image-84865\" src=\"https:\/\/i0.wp.com\/www.eltrabajo.cl\/2017\/wp-content\/uploads\/2018\/02\/Rodilla4.jpg?resize=579%2C386\" alt=\"RECHAZADAS.- Mes tras mes, aunque los m\u00e9dicos tratantes certifican que la licencia m\u00e9dica se justifica, el Calificador Patricio Cornejo dice lo contrario.\" width=\"579\" height=\"386\" srcset=\"https:\/\/i0.wp.com\/eltrabajo.cl\/portal\/wp-content\/uploads\/2018\/02\/Rodilla4.jpg?w=579&amp;ssl=1 579w, https:\/\/i0.wp.com\/eltrabajo.cl\/portal\/wp-content\/uploads\/2018\/02\/Rodilla4.jpg?resize=200%2C133&amp;ssl=1 200w, https:\/\/i0.wp.com\/eltrabajo.cl\/portal\/wp-content\/uploads\/2018\/02\/Rodilla4.jpg?resize=300%2C200&amp;ssl=1 300w, https:\/\/i0.wp.com\/eltrabajo.cl\/portal\/wp-content\/uploads\/2018\/02\/Rodilla4.jpg?resize=225%2C150&amp;ssl=1 225w, https:\/\/i0.wp.com\/eltrabajo.cl\/portal\/wp-content\/uploads\/2018\/02\/Rodilla4.jpg?resize=400%2C267&amp;ssl=1 400w\" sizes=\"auto, (max-width: 579px) 100vw, 579px\" \/><figcaption id=\"caption-attachment-84865\" class=\"wp-caption-text\">RECHAZADAS.- Mes tras mes, aunque los m\u00e9dicos tratantes certifican que la licencia m\u00e9dica se justifica, el Calificador Patricio Cornejo dice lo contrario.<\/figcaption><\/figure>\n","protected":false},"excerpt":{"rendered":"<p>Mientras que Compin Aconcagua sostiene que ella ya est\u00e1 sana: Caminando apoyada con dos muletas; asistida tambi\u00e9n por su esposo y una de sus hijas, y sufriendo intensos dolores que le impiden&#8230;<\/p>\n","protected":false},"author":1,"featured_media":84862,"comment_status":"open","ping_status":"open","sticky":false,"template":"","format":"standard","meta":{"advanced_seo_description":"","jetpack_seo_html_title":"","jetpack_seo_noindex":false,"_jetpack_memberships_contains_paid_content":false,"footnotes":""},"categories":[15],"tags":[],"class_list":["post-84860","post","type-post","status-publish","format-standard","has-post-thumbnail","hentry","category-comunidad"],"jetpack_featured_media_url":"https:\/\/i0.wp.com\/eltrabajo.cl\/portal\/wp-content\/uploads\/2018\/02\/Rodilla1.jpg?fit=580%2C392&ssl=1","jetpack_sharing_enabled":true,"jetpack_likes_enabled":true,"jetpack-related-posts":[],"_links":{"self":[{"href":"https:\/\/eltrabajo.cl\/portal\/wp-json\/wp\/v2\/posts\/84860","targetHints":{"allow":["GET"]}}],"collection":[{"href":"https:\/\/eltrabajo.cl\/portal\/wp-json\/wp\/v2\/posts"}],"about":[{"href":"https:\/\/eltrabajo.cl\/portal\/wp-json\/wp\/v2\/types\/post"}],"author":[{"embeddable":true,"href":"https:\/\/eltrabajo.cl\/portal\/wp-json\/wp\/v2\/users\/1"}],"replies":[{"embeddable":true,"href":"https:\/\/eltrabajo.cl\/portal\/wp-json\/wp\/v2\/comments?post=84860"}],"version-history":[{"count":0,"href":"https:\/\/eltrabajo.cl\/portal\/wp-json\/wp\/v2\/posts\/84860\/revisions"}],"wp:featuredmedia":[{"embeddable":true,"href":"https:\/\/eltrabajo.cl\/portal\/wp-json\/wp\/v2\/media\/84862"}],"wp:attachment":[{"href":"https:\/\/eltrabajo.cl\/portal\/wp-json\/wp\/v2\/media?parent=84860"}],"wp:term":[{"taxonomy":"category","embeddable":true,"href":"https:\/\/eltrabajo.cl\/portal\/wp-json\/wp\/v2\/categories?post=84860"},{"taxonomy":"post_tag","embeddable":true,"href":"https:\/\/eltrabajo.cl\/portal\/wp-json\/wp\/v2\/tags?post=84860"}],"curies":[{"name":"wp","href":"https:\/\/api.w.org\/{rel}","templated":true}]}}