{"id":84886,"date":"2018-02-22T05:04:14","date_gmt":"2018-02-22T09:04:14","guid":{"rendered":"http:\/\/www.eltrabajo.cl\/2017\/?p=84886"},"modified":"2018-02-22T05:04:14","modified_gmt":"2018-02-22T09:04:14","slug":"ahora-si-arranco-la-cruzada-solidaria-por-paola-orellana-y-sus-hijos","status":"publish","type":"post","link":"https:\/\/eltrabajo.cl\/portal\/ahora-si-arranco-la-cruzada-solidaria-por-paola-orellana-y-sus-hijos\/","title":{"rendered":"Ahora s\u00ed arranc\u00f3 la Cruzada solidaria por Paola Orellana y sus hijos"},"content":{"rendered":"<figure id=\"attachment_84888\" aria-describedby=\"caption-attachment-84888\" style=\"width: 580px\" class=\"wp-caption alignnone\"><img data-recalc-dims=\"1\" loading=\"lazy\" decoding=\"async\" class=\"size-full wp-image-84888\" src=\"https:\/\/i0.wp.com\/www.eltrabajo.cl\/2017\/wp-content\/uploads\/2018\/02\/Solidaridad_Paola-Orellana.jpg?resize=580%2C416\" alt=\"Ella es Paola Orellana, vecina que hoy necesita nuestro apoyo.\" width=\"580\" height=\"416\" srcset=\"https:\/\/i0.wp.com\/eltrabajo.cl\/portal\/wp-content\/uploads\/2018\/02\/Solidaridad_Paola-Orellana.jpg?w=580&amp;ssl=1 580w, https:\/\/i0.wp.com\/eltrabajo.cl\/portal\/wp-content\/uploads\/2018\/02\/Solidaridad_Paola-Orellana.jpg?resize=200%2C143&amp;ssl=1 200w, https:\/\/i0.wp.com\/eltrabajo.cl\/portal\/wp-content\/uploads\/2018\/02\/Solidaridad_Paola-Orellana.jpg?resize=300%2C215&amp;ssl=1 300w, https:\/\/i0.wp.com\/eltrabajo.cl\/portal\/wp-content\/uploads\/2018\/02\/Solidaridad_Paola-Orellana.jpg?resize=209%2C150&amp;ssl=1 209w, https:\/\/i0.wp.com\/eltrabajo.cl\/portal\/wp-content\/uploads\/2018\/02\/Solidaridad_Paola-Orellana.jpg?resize=400%2C287&amp;ssl=1 400w\" sizes=\"auto, (max-width: 580px) 100vw, 580px\" \/><figcaption id=\"caption-attachment-84888\" class=\"wp-caption-text\">Ella es Paola Orellana, vecina que hoy necesita nuestro apoyo.<\/figcaption><\/figure>\n<ul>\n<li><span style=\"color: #ff0000;\"><strong>Carnes KAR y Diario El Trabajo:<\/strong><\/span><\/li>\n<\/ul>\n<p><strong>LLAY LLAY.-<\/strong> Como ya estar\u00e1n enterados nuestros lectores, desde hace una semana Diario El Trabajo y Carnes KAR iniciamos una campa\u00f1a solidaria con miras a beneficiar a una madre soltera a ra\u00edz de su desesperada situaci\u00f3n de salud y socioecon\u00f3mica, misma que la tiene dependiente de lo que el pap\u00e1 de sus hijos le puede aportar, aunque ya est\u00e1n separados y s\u00f3lo son $80.000 mensuales para la manutenci\u00f3n de sus cuatro hijos, tres de ellos en edad escolar.<br \/>\nEs por esta penosa historia y con la idea de invitar a nuestros lectores a unirse en esta cruzada por la dignidad humana, que ayer Diario El Trabajo viaj\u00f3 hasta la humilde vivienda en donde vive do\u00f1a Paola Orellana Abarca con sus peque\u00f1os. No fue dif\u00edcil encontrarla, s\u00f3lo con preguntar por \u2018la se\u00f1ora de las muletas\u2019, todos los vecinos de Poblaci\u00f3n Juan Cortez, de Llay Llay, est\u00e1n muy claros que se trata de Paola.<\/p>\n<p><span style=\"color: #ff0000;\"><strong>ESP\u00cdRITU SOLIDARIO<\/strong><\/span><br \/>\nMientras que nuestras c\u00e1maras tomaban registro gr\u00e1fico del p\u00e9simo estado del inmueble donde vive esta familia, en Radio Carnaval el administrador de Carnes KAR tambi\u00e9n desarrollaba su trabajo social Al Aire, explicando a los auditores de esa radioemisora e invitando a donar ropa, cuadernos, zapatos, materiales de construcci\u00f3n y mercader\u00eda. Esta campa\u00f1a busca que las personas dejen su donativo en la misma carnicer\u00eda, ya que pronto inician las clases y no podemos esperar.<br \/>\nSeg\u00fan confirm\u00f3 don Juan Gonz\u00e1lez, las donaciones ya est\u00e1n llegando a la carnicer\u00eda que \u00e9l administra, el mensaje est\u00e1 llegando a los vecinos y la causa lo merece. \u00abEsta es una gran oportunidad para ser solidarios con una vecina, es un caso ya investigado y digno de nuestra \u2018Mano Amiga\u2019, creo que entre todos s\u00ed podemos cambiar la situaci\u00f3n de do\u00f1a Paola y la de sus hijos, esta campa\u00f1a la estaremos desarrollando por pocos d\u00edas, a veces me quedo asombrado de ver que estas penurias las est\u00e9n sufriendo vecinos aqu\u00ed en Aconcagua, tambi\u00e9n hago un llamado a las autoridades de la provincia, de Llay Llay, a Gobernaci\u00f3n y a los Cores, aqu\u00ed est\u00e1 la oportunidad de hacerse presente, ya est\u00e1n llegando donativos a Carnes KAR, hay que seguir creyendo en nosotros mismos\u00bb, indic\u00f3 don Juan Gonz\u00e1lez tras finalizar el programa radial en Radio Carnaval. Tambi\u00e9n los interesados en apoyar pueden llamar directamente a do\u00f1a Paola al 993706559.<\/p>\n<p><span style=\"color: #ff0000;\"><strong>SUS HIJOS PRIMERO<\/strong><\/span><br \/>\nNuestro medio habl\u00f3 con Paola en su casa de habitaci\u00f3n, ella simplemente ha dejado de lado el temor al \u2018Qu\u00e9 dir\u00e1n\u2019, pues est\u00e1 consciente de que sus hijos son primero que las apariencias.<br \/>\n<strong>&#8211; \u00bfQu\u00e9 edad tienen sus hijos y c\u00f3mo pueden nuestros lectores ayudar?<\/strong><br \/>\n&#8211; La edad de mis hijos es de dos 2 la peque\u00f1ita; 8 a\u00f1os el que le sigue; 14 el m\u00e1s grande (calzado 41) y 17 a\u00f1os de edad mi hija mayor (calza 39), por ahora contamos con dos kilos de az\u00facar, arroz y poquitas cosas. Tambi\u00e9n, por tener mi invalidez de cadera, en el Cesfam me est\u00e1n pidiendo que instale un ba\u00f1o para persona discapacitada, el Municipio inici\u00f3 las obras para hacerlo, pero no se logr\u00f3 terminar, el ba\u00f1o que tenemos no funciona tampoco, tenemos que echar el agua con un balde.<br \/>\n<strong>&#8211; \u00bfHasta el momento le han ayudado con alg\u00fan recurso?<\/strong><br \/>\n&#8211; S\u00ed. Me han ayudado, el Municipio en varias ocasiones, hace pocos d\u00edas una dama de Vi\u00f1a del Mar lleg\u00f3 a mi casa, nos entreg\u00f3 la suma de $120.000 en efectivo, y ropa y zapatos, adem\u00e1s de una mochila, me han llamado de Esval, para ver si me pueden repactar mi deuda, gracias a esta campa\u00f1a de Carnes KAR y de Diario El Trabajo creo que posiblemente nuestra situaci\u00f3n mejore.<br \/>\n<strong>&#8211; \u00bfC\u00f3mo le fue con la solicitud de pensi\u00f3n por Invalidez?<\/strong><br \/>\n&#8211; Sobre el tema de mi solicitud de invalidez, hace una semana mi calificaci\u00f3n era del 42% de invalidez, pero ayer en Los Andes la Comisi\u00f3n M\u00e9dica Central y la de Los Andes, ambas me denegaron la pensi\u00f3n.<br \/>\n<strong>Roberto Gonz\u00e1lez Short<\/strong><br \/>\n<strong>ENVIADO ESPECIAL<\/strong><\/p>\n<figure id=\"attachment_84887\" aria-describedby=\"caption-attachment-84887\" style=\"width: 580px\" class=\"wp-caption alignnone\"><img data-recalc-dims=\"1\" loading=\"lazy\" decoding=\"async\" class=\"size-full wp-image-84887\" src=\"https:\/\/i0.wp.com\/www.eltrabajo.cl\/2017\/wp-content\/uploads\/2018\/02\/Solidaridad_Juan-Gonzalez.jpg?resize=580%2C513\" alt=\"Juan Gonz\u00e1lez, administrador de Carnes KAR.\" width=\"580\" height=\"513\" srcset=\"https:\/\/i0.wp.com\/eltrabajo.cl\/portal\/wp-content\/uploads\/2018\/02\/Solidaridad_Juan-Gonzalez.jpg?w=580&amp;ssl=1 580w, https:\/\/i0.wp.com\/eltrabajo.cl\/portal\/wp-content\/uploads\/2018\/02\/Solidaridad_Juan-Gonzalez.jpg?resize=170%2C150&amp;ssl=1 170w, https:\/\/i0.wp.com\/eltrabajo.cl\/portal\/wp-content\/uploads\/2018\/02\/Solidaridad_Juan-Gonzalez.jpg?resize=300%2C265&amp;ssl=1 300w, https:\/\/i0.wp.com\/eltrabajo.cl\/portal\/wp-content\/uploads\/2018\/02\/Solidaridad_Juan-Gonzalez.jpg?resize=400%2C354&amp;ssl=1 400w\" sizes=\"auto, (max-width: 580px) 100vw, 580px\" \/><figcaption id=\"caption-attachment-84887\" class=\"wp-caption-text\">Juan Gonz\u00e1lez, administrador de Carnes KAR.<\/figcaption><\/figure>\n<figure id=\"attachment_84889\" aria-describedby=\"caption-attachment-84889\" style=\"width: 580px\" class=\"wp-caption alignnone\"><img data-recalc-dims=\"1\" loading=\"lazy\" decoding=\"async\" class=\"size-full wp-image-84889\" src=\"https:\/\/i0.wp.com\/www.eltrabajo.cl\/2017\/wp-content\/uploads\/2018\/02\/Solidaridad1.jpg?resize=580%2C382\" alt=\"ACONCAGUA CON ELLOS.- Do\u00f1a Paola Orellana sigue enfrentando la vida con valent\u00eda, mientras que sus dos hijos adolescentes por pena prefirieron no salir en la foto.\" width=\"580\" height=\"382\" srcset=\"https:\/\/i0.wp.com\/eltrabajo.cl\/portal\/wp-content\/uploads\/2018\/02\/Solidaridad1.jpg?w=580&amp;ssl=1 580w, https:\/\/i0.wp.com\/eltrabajo.cl\/portal\/wp-content\/uploads\/2018\/02\/Solidaridad1.jpg?resize=200%2C132&amp;ssl=1 200w, https:\/\/i0.wp.com\/eltrabajo.cl\/portal\/wp-content\/uploads\/2018\/02\/Solidaridad1.jpg?resize=300%2C198&amp;ssl=1 300w, https:\/\/i0.wp.com\/eltrabajo.cl\/portal\/wp-content\/uploads\/2018\/02\/Solidaridad1.jpg?resize=228%2C150&amp;ssl=1 228w, https:\/\/i0.wp.com\/eltrabajo.cl\/portal\/wp-content\/uploads\/2018\/02\/Solidaridad1.jpg?resize=400%2C263&amp;ssl=1 400w\" sizes=\"auto, (max-width: 580px) 100vw, 580px\" \/><figcaption id=\"caption-attachment-84889\" class=\"wp-caption-text\">ACONCAGUA CON ELLOS.- Do\u00f1a Paola Orellana sigue enfrentando la vida con valent\u00eda, mientras que sus dos hijos adolescentes por pena prefirieron no salir en la foto.<\/figcaption><\/figure>\n<figure id=\"attachment_84890\" aria-describedby=\"caption-attachment-84890\" style=\"width: 580px\" class=\"wp-caption alignnone\"><img data-recalc-dims=\"1\" loading=\"lazy\" decoding=\"async\" class=\"size-full wp-image-84890\" src=\"https:\/\/i0.wp.com\/www.eltrabajo.cl\/2017\/wp-content\/uploads\/2018\/02\/Solidaridad2.jpg?resize=580%2C493\" alt=\"\u00bfQUI\u00c9N DICE \u2018YO\u2019?.- Indigna situaci\u00f3n es la que vive esta madre con sus peque\u00f1os, s\u00f3lo falta la Mano Amiga de nuestros lectores, y de las autoridades.\" width=\"580\" height=\"493\" srcset=\"https:\/\/i0.wp.com\/eltrabajo.cl\/portal\/wp-content\/uploads\/2018\/02\/Solidaridad2.jpg?w=580&amp;ssl=1 580w, https:\/\/i0.wp.com\/eltrabajo.cl\/portal\/wp-content\/uploads\/2018\/02\/Solidaridad2.jpg?resize=176%2C150&amp;ssl=1 176w, https:\/\/i0.wp.com\/eltrabajo.cl\/portal\/wp-content\/uploads\/2018\/02\/Solidaridad2.jpg?resize=300%2C255&amp;ssl=1 300w, https:\/\/i0.wp.com\/eltrabajo.cl\/portal\/wp-content\/uploads\/2018\/02\/Solidaridad2.jpg?resize=400%2C340&amp;ssl=1 400w\" sizes=\"auto, (max-width: 580px) 100vw, 580px\" \/><figcaption id=\"caption-attachment-84890\" class=\"wp-caption-text\">\u00bfQUI\u00c9N DICE \u2018YO\u2019?.- Indigna situaci\u00f3n es la que vive esta madre con sus peque\u00f1os, s\u00f3lo falta la Mano Amiga de nuestros lectores, y de las autoridades.<\/figcaption><\/figure>\n<figure id=\"attachment_84891\" aria-describedby=\"caption-attachment-84891\" style=\"width: 579px\" class=\"wp-caption alignnone\"><img data-recalc-dims=\"1\" loading=\"lazy\" decoding=\"async\" class=\"size-full wp-image-84891\" src=\"https:\/\/i0.wp.com\/www.eltrabajo.cl\/2017\/wp-content\/uploads\/2018\/02\/Solidaridad3.jpg?resize=579%2C369\" alt=\"TAMBI\u00c9N LA CARNAVAL.- El locutor Pedro Vergara, el productor radial Henry Aravena y don Juan Gonz\u00e1lez, arrancaron ayer con esta cruzada por la dignidad humana.\" width=\"579\" height=\"369\" srcset=\"https:\/\/i0.wp.com\/eltrabajo.cl\/portal\/wp-content\/uploads\/2018\/02\/Solidaridad3.jpg?w=579&amp;ssl=1 579w, https:\/\/i0.wp.com\/eltrabajo.cl\/portal\/wp-content\/uploads\/2018\/02\/Solidaridad3.jpg?resize=200%2C127&amp;ssl=1 200w, https:\/\/i0.wp.com\/eltrabajo.cl\/portal\/wp-content\/uploads\/2018\/02\/Solidaridad3.jpg?resize=300%2C191&amp;ssl=1 300w, https:\/\/i0.wp.com\/eltrabajo.cl\/portal\/wp-content\/uploads\/2018\/02\/Solidaridad3.jpg?resize=235%2C150&amp;ssl=1 235w, https:\/\/i0.wp.com\/eltrabajo.cl\/portal\/wp-content\/uploads\/2018\/02\/Solidaridad3.jpg?resize=400%2C255&amp;ssl=1 400w\" sizes=\"auto, (max-width: 579px) 100vw, 579px\" \/><figcaption id=\"caption-attachment-84891\" class=\"wp-caption-text\">TAMBI\u00c9N LA CARNAVAL.- El locutor Pedro Vergara, el productor radial Henry Aravena y don Juan Gonz\u00e1lez, arrancaron ayer con esta cruzada por la dignidad humana.<\/figcaption><\/figure>\n<figure id=\"attachment_84892\" aria-describedby=\"caption-attachment-84892\" style=\"width: 580px\" class=\"wp-caption alignnone\"><img data-recalc-dims=\"1\" loading=\"lazy\" decoding=\"async\" class=\"size-full wp-image-84892\" src=\"https:\/\/i0.wp.com\/www.eltrabajo.cl\/2017\/wp-content\/uploads\/2018\/02\/Solidaridad4.jpg?resize=580%2C569\" alt=\"PENOSA SITUACI\u00d3N.- En la intimidad de su pobreza, do\u00f1a Paola nos mostr\u00f3 los poquitos alimentos de los que dispone para ella y sus hijos.\" width=\"580\" height=\"569\" srcset=\"https:\/\/i0.wp.com\/eltrabajo.cl\/portal\/wp-content\/uploads\/2018\/02\/Solidaridad4.jpg?w=580&amp;ssl=1 580w, https:\/\/i0.wp.com\/eltrabajo.cl\/portal\/wp-content\/uploads\/2018\/02\/Solidaridad4.jpg?resize=153%2C150&amp;ssl=1 153w, https:\/\/i0.wp.com\/eltrabajo.cl\/portal\/wp-content\/uploads\/2018\/02\/Solidaridad4.jpg?resize=300%2C294&amp;ssl=1 300w, https:\/\/i0.wp.com\/eltrabajo.cl\/portal\/wp-content\/uploads\/2018\/02\/Solidaridad4.jpg?resize=400%2C392&amp;ssl=1 400w\" sizes=\"auto, (max-width: 580px) 100vw, 580px\" \/><figcaption id=\"caption-attachment-84892\" class=\"wp-caption-text\">PENOSA SITUACI\u00d3N.- En la intimidad de su pobreza, do\u00f1a Paola nos mostr\u00f3 los poquitos alimentos de los que dispone para ella y sus hijos.<\/figcaption><\/figure>\n<figure id=\"attachment_84893\" aria-describedby=\"caption-attachment-84893\" style=\"width: 580px\" class=\"wp-caption alignnone\"><img data-recalc-dims=\"1\" loading=\"lazy\" decoding=\"async\" class=\"size-full wp-image-84893\" src=\"https:\/\/i0.wp.com\/www.eltrabajo.cl\/2017\/wp-content\/uploads\/2018\/02\/Solidaridad5.jpg?resize=580%2C717\" alt=\"HAY ESPERANZA.- No todo es oscuridad, ya algunas personas est\u00e1n contactando a do\u00f1a Paola y a Carnes KAR, para entregar su donativo\" width=\"580\" height=\"717\" srcset=\"https:\/\/i0.wp.com\/eltrabajo.cl\/portal\/wp-content\/uploads\/2018\/02\/Solidaridad5.jpg?w=580&amp;ssl=1 580w, https:\/\/i0.wp.com\/eltrabajo.cl\/portal\/wp-content\/uploads\/2018\/02\/Solidaridad5.jpg?resize=121%2C150&amp;ssl=1 121w, https:\/\/i0.wp.com\/eltrabajo.cl\/portal\/wp-content\/uploads\/2018\/02\/Solidaridad5.jpg?resize=243%2C300&amp;ssl=1 243w, https:\/\/i0.wp.com\/eltrabajo.cl\/portal\/wp-content\/uploads\/2018\/02\/Solidaridad5.jpg?resize=400%2C494&amp;ssl=1 400w\" sizes=\"auto, (max-width: 580px) 100vw, 580px\" \/><figcaption id=\"caption-attachment-84893\" class=\"wp-caption-text\">HAY ESPERANZA.- No todo es oscuridad, ya algunas personas est\u00e1n contactando a do\u00f1a Paola y a Carnes KAR, para entregar su donativo<\/figcaption><\/figure>\n","protected":false},"excerpt":{"rendered":"<p>Carnes KAR y Diario El Trabajo: LLAY LLAY.- Como ya estar\u00e1n enterados nuestros lectores, desde hace una semana Diario El Trabajo y Carnes KAR iniciamos una campa\u00f1a solidaria con miras a beneficiar&#8230;<\/p>\n","protected":false},"author":1,"featured_media":84889,"comment_status":"open","ping_status":"open","sticky":false,"template":"","format":"standard","meta":{"advanced_seo_description":"","jetpack_seo_html_title":"","jetpack_seo_noindex":false,"_jetpack_memberships_contains_paid_content":false,"footnotes":""},"categories":[15],"tags":[],"class_list":["post-84886","post","type-post","status-publish","format-standard","has-post-thumbnail","hentry","category-comunidad"],"jetpack_featured_media_url":"https:\/\/i0.wp.com\/eltrabajo.cl\/portal\/wp-content\/uploads\/2018\/02\/Solidaridad1.jpg?fit=580%2C382&ssl=1","jetpack_sharing_enabled":true,"jetpack_likes_enabled":true,"jetpack-related-posts":[],"_links":{"self":[{"href":"https:\/\/eltrabajo.cl\/portal\/wp-json\/wp\/v2\/posts\/84886","targetHints":{"allow":["GET"]}}],"collection":[{"href":"https:\/\/eltrabajo.cl\/portal\/wp-json\/wp\/v2\/posts"}],"about":[{"href":"https:\/\/eltrabajo.cl\/portal\/wp-json\/wp\/v2\/types\/post"}],"author":[{"embeddable":true,"href":"https:\/\/eltrabajo.cl\/portal\/wp-json\/wp\/v2\/users\/1"}],"replies":[{"embeddable":true,"href":"https:\/\/eltrabajo.cl\/portal\/wp-json\/wp\/v2\/comments?post=84886"}],"version-history":[{"count":0,"href":"https:\/\/eltrabajo.cl\/portal\/wp-json\/wp\/v2\/posts\/84886\/revisions"}],"wp:featuredmedia":[{"embeddable":true,"href":"https:\/\/eltrabajo.cl\/portal\/wp-json\/wp\/v2\/media\/84889"}],"wp:attachment":[{"href":"https:\/\/eltrabajo.cl\/portal\/wp-json\/wp\/v2\/media?parent=84886"}],"wp:term":[{"taxonomy":"category","embeddable":true,"href":"https:\/\/eltrabajo.cl\/portal\/wp-json\/wp\/v2\/categories?post=84886"},{"taxonomy":"post_tag","embeddable":true,"href":"https:\/\/eltrabajo.cl\/portal\/wp-json\/wp\/v2\/tags?post=84886"}],"curies":[{"name":"wp","href":"https:\/\/api.w.org\/{rel}","templated":true}]}}