{"id":84900,"date":"2018-02-23T05:00:54","date_gmt":"2018-02-23T09:00:54","guid":{"rendered":"http:\/\/www.eltrabajo.cl\/2017\/?p=84900"},"modified":"2018-02-23T05:00:54","modified_gmt":"2018-02-23T09:00:54","slug":"i-encuentro-artistico-y-terapeutico-y-cultural-2018-en-ex-estacion-riquelme","status":"publish","type":"post","link":"https:\/\/eltrabajo.cl\/portal\/i-encuentro-artistico-y-terapeutico-y-cultural-2018-en-ex-estacion-riquelme\/","title":{"rendered":"I Encuentro art\u00edstico y terap\u00e9utico y cultural 2018 en ex-Estaci\u00f3n Riquelme"},"content":{"rendered":"<figure id=\"attachment_84904\" aria-describedby=\"caption-attachment-84904\" style=\"width: 578px\" class=\"wp-caption alignnone\"><img data-recalc-dims=\"1\" loading=\"lazy\" decoding=\"async\" class=\"size-full wp-image-84904\" src=\"https:\/\/i0.wp.com\/www.eltrabajo.cl\/2017\/wp-content\/uploads\/2018\/02\/Naser1.jpg?resize=578%2C390\" alt=\"NASER SAN FELIPE.- Cristian Villegas Donoso, Cristian Villegas Navarro, Piara G\u00f3mez Veas, Jennifer L\u00f3pez Ch\u00e1vez, Alejandra Basualdo Z\u00fa\u00f1iga y Francisco Morales Gaete, estar\u00e1n al frente de esta actividad. Maicol Jordan Cruces (Ausente)\" width=\"578\" height=\"390\" srcset=\"https:\/\/i0.wp.com\/eltrabajo.cl\/portal\/wp-content\/uploads\/2018\/02\/Naser1.jpg?w=578&amp;ssl=1 578w, https:\/\/i0.wp.com\/eltrabajo.cl\/portal\/wp-content\/uploads\/2018\/02\/Naser1.jpg?resize=200%2C135&amp;ssl=1 200w, https:\/\/i0.wp.com\/eltrabajo.cl\/portal\/wp-content\/uploads\/2018\/02\/Naser1.jpg?resize=300%2C202&amp;ssl=1 300w, https:\/\/i0.wp.com\/eltrabajo.cl\/portal\/wp-content\/uploads\/2018\/02\/Naser1.jpg?resize=222%2C150&amp;ssl=1 222w, https:\/\/i0.wp.com\/eltrabajo.cl\/portal\/wp-content\/uploads\/2018\/02\/Naser1.jpg?resize=400%2C270&amp;ssl=1 400w\" sizes=\"auto, (max-width: 578px) 100vw, 578px\" \/><figcaption id=\"caption-attachment-84904\" class=\"wp-caption-text\">NASER SAN FELIPE.- Cristian Villegas Donoso, Cristian Villegas Navarro, Piara G\u00f3mez Veas, Jennifer L\u00f3pez Ch\u00e1vez, Alejandra Basualdo Z\u00fa\u00f1iga y Francisco Morales Gaete, estar\u00e1n al frente de esta actividad. Maicol Jordan Cruces (Ausente)<\/figcaption><\/figure>\n<ul>\n<li><span style=\"color: #ff0000;\"><strong>Organizado por Naser San Felipe desde las 10:00 horas:<\/strong><\/span><\/li>\n<\/ul>\n<p>Muchas son las actividades que para este fin de semana se estar\u00e1n desarrollando en nuestra comuna para el esparcimiento familiar, destac\u00e1ndose una de ellas como de las m\u00e1s importantes, ya que es la m\u00e1s multitem\u00e1tica, se trata del I Encuentro art\u00edstico y terap\u00e9utico y cultural 2018, bell\u00edsima oportunidad que iniciar\u00e1 este s\u00e1bado desde las 10:00 a las 20:00 horas en ex-Centro cultural Estaci\u00f3n Riquelme (Buin 63, entre Molina y Riquelme).<\/p>\n<p><span style=\"color: #ff0000;\"><strong>ELLOS AL FRENTE<\/strong><\/span><br \/>\nEl montaje cultural est\u00e1 siendo organizado por la agrupaci\u00f3n Centro Naser San Felipe, fundado el 15 noviembre de 2017, y cuenta con un directorio de tres personas: Piara G\u00f3mez, Cristian Villegas padre y Cristian Villegas hijo.<br \/>\nDiario El Trabajo habl\u00f3 con el director de Naser, Cristian Villegas hijo: \u00abNuestra iniciativa inici\u00f3 primeramente con terapias complementarias de salud, yoga, reiki, masoterapias, talleres de consciencia corporal; biomagnetismo, hipnosis, radiestesia, reflexolog\u00eda, pero con el paso de los meses hemos integrado a nuestro accionar la danza y talleres culturales\u00bb, dijo el joven emprendedor.<br \/>\nPor su parte la joven Piara G\u00f3mez, tambi\u00e9n directiva Naser, explic\u00f3 que \u00aben el d\u00eda las actividades estar\u00e1n enfocadas a lo terap\u00e9utico, son gratuitas, igualmente los interesados pueden aportar voluntariamente lo que gusten a los profesionales que estar\u00e1n ofreciendo las terapias, \u00e9stas se realizar\u00e1n de 10:00 a las 14:00 horas, en la tarde la actividad calentar\u00e1 con algunas sorpresas, pintura en vivo, escultura en arcilla, tatuajes, habr\u00e1n ricas comidas, sushi, teter\u00eda y frutas, libre de alcohol y drogas\u00bb.<br \/>\nFinalmente Cristian Villegas padre, indic\u00f3 que \u00abrecuerdo a los lectores de Diario El Trabajo que habr\u00e1n stands de artesan\u00edas locales, grupos musicales como Ara Luna; Andr\u00e9s y Los Avales; D\u00fao Efecto Ortiga; teatro del bueno, micro abierto, y lo m\u00e1s importante, un conversatorio sobre el agua en Aconcagua, Inercia-MC, Inni Isis, todos ellos son artistas emergentes del valle que ya empiezan a sacudir el piso, tambi\u00e9n tenemos Talleres de break dance y artesan\u00edas en cobre, la animaci\u00f3n estar\u00e1 a cargo del experimentado m\u00fasico Francisco \u2018Pancho\u2019 Morales, de Spinazo Ska\u00bb, coment\u00f3 Villegas.<br \/>\nEsta actividad es autogestionada, y se pretende realizarla todos los meses, los interesados en participar y unirse a este grupo, pueden llamar al +56932265071.<br \/>\n<strong>Roberto Gonz\u00e1lez Short<\/strong><\/p>\n<figure id=\"attachment_84901\" aria-describedby=\"caption-attachment-84901\" style=\"width: 580px\" class=\"wp-caption alignnone\"><img data-recalc-dims=\"1\" loading=\"lazy\" decoding=\"async\" class=\"size-full wp-image-84901\" src=\"https:\/\/i0.wp.com\/www.eltrabajo.cl\/2017\/wp-content\/uploads\/2018\/02\/Naser_Cristian-Villegas-hijo.jpg?resize=580%2C482\" alt=\"Cristian Villegas hijo, director de Naser San Felipe.\" width=\"580\" height=\"482\" srcset=\"https:\/\/i0.wp.com\/eltrabajo.cl\/portal\/wp-content\/uploads\/2018\/02\/Naser_Cristian-Villegas-hijo.jpg?w=580&amp;ssl=1 580w, https:\/\/i0.wp.com\/eltrabajo.cl\/portal\/wp-content\/uploads\/2018\/02\/Naser_Cristian-Villegas-hijo.jpg?resize=180%2C150&amp;ssl=1 180w, https:\/\/i0.wp.com\/eltrabajo.cl\/portal\/wp-content\/uploads\/2018\/02\/Naser_Cristian-Villegas-hijo.jpg?resize=300%2C249&amp;ssl=1 300w, https:\/\/i0.wp.com\/eltrabajo.cl\/portal\/wp-content\/uploads\/2018\/02\/Naser_Cristian-Villegas-hijo.jpg?resize=400%2C332&amp;ssl=1 400w\" sizes=\"auto, (max-width: 580px) 100vw, 580px\" \/><figcaption id=\"caption-attachment-84901\" class=\"wp-caption-text\">Cristian Villegas hijo, director de Naser San Felipe.<\/figcaption><\/figure>\n<figure id=\"attachment_84902\" aria-describedby=\"caption-attachment-84902\" style=\"width: 580px\" class=\"wp-caption alignnone\"><img data-recalc-dims=\"1\" loading=\"lazy\" decoding=\"async\" class=\"size-full wp-image-84902\" src=\"https:\/\/i0.wp.com\/www.eltrabajo.cl\/2017\/wp-content\/uploads\/2018\/02\/Naser_Cristian-Villegas-padre.jpg?resize=580%2C549\" alt=\"Cristian Villegas padre, miembro del directorio Naser San Felipe.\" width=\"580\" height=\"549\" srcset=\"https:\/\/i0.wp.com\/eltrabajo.cl\/portal\/wp-content\/uploads\/2018\/02\/Naser_Cristian-Villegas-padre.jpg?w=580&amp;ssl=1 580w, https:\/\/i0.wp.com\/eltrabajo.cl\/portal\/wp-content\/uploads\/2018\/02\/Naser_Cristian-Villegas-padre.jpg?resize=158%2C150&amp;ssl=1 158w, https:\/\/i0.wp.com\/eltrabajo.cl\/portal\/wp-content\/uploads\/2018\/02\/Naser_Cristian-Villegas-padre.jpg?resize=300%2C284&amp;ssl=1 300w, https:\/\/i0.wp.com\/eltrabajo.cl\/portal\/wp-content\/uploads\/2018\/02\/Naser_Cristian-Villegas-padre.jpg?resize=400%2C379&amp;ssl=1 400w\" sizes=\"auto, (max-width: 580px) 100vw, 580px\" \/><figcaption id=\"caption-attachment-84902\" class=\"wp-caption-text\">Cristian Villegas padre, miembro del directorio Naser San Felipe.<\/figcaption><\/figure>\n<figure id=\"attachment_84903\" aria-describedby=\"caption-attachment-84903\" style=\"width: 580px\" class=\"wp-caption alignnone\"><img data-recalc-dims=\"1\" loading=\"lazy\" decoding=\"async\" class=\"size-full wp-image-84903\" src=\"https:\/\/i0.wp.com\/www.eltrabajo.cl\/2017\/wp-content\/uploads\/2018\/02\/Naser_Piara-Gomez.jpg?resize=580%2C524\" alt=\"Piara G\u00f3mez, Licenciada en Kinesiolog\u00eda.\" width=\"580\" height=\"524\" srcset=\"https:\/\/i0.wp.com\/eltrabajo.cl\/portal\/wp-content\/uploads\/2018\/02\/Naser_Piara-Gomez.jpg?w=580&amp;ssl=1 580w, https:\/\/i0.wp.com\/eltrabajo.cl\/portal\/wp-content\/uploads\/2018\/02\/Naser_Piara-Gomez.jpg?resize=166%2C150&amp;ssl=1 166w, https:\/\/i0.wp.com\/eltrabajo.cl\/portal\/wp-content\/uploads\/2018\/02\/Naser_Piara-Gomez.jpg?resize=300%2C271&amp;ssl=1 300w, https:\/\/i0.wp.com\/eltrabajo.cl\/portal\/wp-content\/uploads\/2018\/02\/Naser_Piara-Gomez.jpg?resize=400%2C361&amp;ssl=1 400w\" sizes=\"auto, (max-width: 580px) 100vw, 580px\" \/><figcaption id=\"caption-attachment-84903\" class=\"wp-caption-text\">Piara G\u00f3mez, Licenciada en Kinesiolog\u00eda.<\/figcaption><\/figure>\n","protected":false},"excerpt":{"rendered":"<p>Organizado por Naser San Felipe desde las 10:00 horas: Muchas son las actividades que para este fin de semana se estar\u00e1n desarrollando en nuestra comuna para el esparcimiento familiar, destac\u00e1ndose una de&#8230;<\/p>\n","protected":false},"author":1,"featured_media":84904,"comment_status":"open","ping_status":"open","sticky":false,"template":"","format":"standard","meta":{"advanced_seo_description":"","jetpack_seo_html_title":"","jetpack_seo_noindex":false,"_jetpack_memberships_contains_paid_content":false,"footnotes":""},"categories":[15],"tags":[],"class_list":["post-84900","post","type-post","status-publish","format-standard","has-post-thumbnail","hentry","category-comunidad"],"jetpack_featured_media_url":"https:\/\/i0.wp.com\/eltrabajo.cl\/portal\/wp-content\/uploads\/2018\/02\/Naser1.jpg?fit=578%2C390&ssl=1","jetpack_sharing_enabled":true,"jetpack_likes_enabled":true,"jetpack-related-posts":[],"_links":{"self":[{"href":"https:\/\/eltrabajo.cl\/portal\/wp-json\/wp\/v2\/posts\/84900","targetHints":{"allow":["GET"]}}],"collection":[{"href":"https:\/\/eltrabajo.cl\/portal\/wp-json\/wp\/v2\/posts"}],"about":[{"href":"https:\/\/eltrabajo.cl\/portal\/wp-json\/wp\/v2\/types\/post"}],"author":[{"embeddable":true,"href":"https:\/\/eltrabajo.cl\/portal\/wp-json\/wp\/v2\/users\/1"}],"replies":[{"embeddable":true,"href":"https:\/\/eltrabajo.cl\/portal\/wp-json\/wp\/v2\/comments?post=84900"}],"version-history":[{"count":0,"href":"https:\/\/eltrabajo.cl\/portal\/wp-json\/wp\/v2\/posts\/84900\/revisions"}],"wp:featuredmedia":[{"embeddable":true,"href":"https:\/\/eltrabajo.cl\/portal\/wp-json\/wp\/v2\/media\/84904"}],"wp:attachment":[{"href":"https:\/\/eltrabajo.cl\/portal\/wp-json\/wp\/v2\/media?parent=84900"}],"wp:term":[{"taxonomy":"category","embeddable":true,"href":"https:\/\/eltrabajo.cl\/portal\/wp-json\/wp\/v2\/categories?post=84900"},{"taxonomy":"post_tag","embeddable":true,"href":"https:\/\/eltrabajo.cl\/portal\/wp-json\/wp\/v2\/tags?post=84900"}],"curies":[{"name":"wp","href":"https:\/\/api.w.org\/{rel}","templated":true}]}}