{"id":84927,"date":"2018-02-26T05:01:51","date_gmt":"2018-02-26T09:01:51","guid":{"rendered":"http:\/\/www.eltrabajo.cl\/2017\/?p=84927"},"modified":"2018-02-26T05:01:51","modified_gmt":"2018-02-26T09:01:51","slug":"ya-casi-cumpliremos-90-anos-de-informar-a-todo-el-valle-de-aconcagua","status":"publish","type":"post","link":"https:\/\/eltrabajo.cl\/portal\/ya-casi-cumpliremos-90-anos-de-informar-a-todo-el-valle-de-aconcagua\/","title":{"rendered":"Ya casi cumpliremos 90 a\u00f1os de informar a todo el Valle de Aconcagua"},"content":{"rendered":"<figure id=\"attachment_84936\" aria-describedby=\"caption-attachment-84936\" style=\"width: 578px\" class=\"wp-caption alignnone\"><img data-recalc-dims=\"1\" loading=\"lazy\" decoding=\"async\" class=\"size-full wp-image-84936\" src=\"https:\/\/i0.wp.com\/www.eltrabajo.cl\/2017\/wp-content\/uploads\/2018\/02\/Aniversario3.jpg?resize=578%2C363\" alt=\"89 A\u00d1OS TRABAJANDO.- El Concejo en Pleno se dio cita en nuestra Sala de Redacci\u00f3n para compartir con nosotros esta gran fiesta forjada a pura fuerza de trabajo, en la gr\u00e1fica tambi\u00e9n otros invitados especiales.\" width=\"578\" height=\"363\" srcset=\"https:\/\/i0.wp.com\/eltrabajo.cl\/portal\/wp-content\/uploads\/2018\/02\/Aniversario3.jpg?w=578&amp;ssl=1 578w, https:\/\/i0.wp.com\/eltrabajo.cl\/portal\/wp-content\/uploads\/2018\/02\/Aniversario3.jpg?resize=200%2C126&amp;ssl=1 200w, https:\/\/i0.wp.com\/eltrabajo.cl\/portal\/wp-content\/uploads\/2018\/02\/Aniversario3.jpg?resize=300%2C188&amp;ssl=1 300w, https:\/\/i0.wp.com\/eltrabajo.cl\/portal\/wp-content\/uploads\/2018\/02\/Aniversario3.jpg?resize=239%2C150&amp;ssl=1 239w, https:\/\/i0.wp.com\/eltrabajo.cl\/portal\/wp-content\/uploads\/2018\/02\/Aniversario3.jpg?resize=400%2C251&amp;ssl=1 400w\" sizes=\"auto, (max-width: 578px) 100vw, 578px\" \/><figcaption id=\"caption-attachment-84936\" class=\"wp-caption-text\">89 A\u00d1OS TRABAJANDO.- El Concejo en Pleno se dio cita en nuestra Sala de Redacci\u00f3n para compartir con nosotros esta gran fiesta forjada a pura fuerza de trabajo, en la gr\u00e1fica tambi\u00e9n otros invitados especiales.<\/figcaption><\/figure>\n<ul>\n<li><span style=\"color: #ff0000;\"><strong>Cambio de Folio y fiesta del 89\u00ba aniversario de Diario El Trabajo:<\/strong><\/span><\/li>\n<\/ul>\n<p>Con una concurrencia no menor a los 40 invitados y dentro del mejor ambiente para celebrar los 89 a\u00f1os de existencia del diario m\u00e1s le\u00eddo en el Valle de Aconcagua, se realiz\u00f3 en el Edificio Miguel Ricardo Juri Juri, la fiesta de conmemoraci\u00f3n de aniversario de Diario El Trabajo de Aconcagua.<br \/>\nA la cita llegaron autoridades del m\u00e1s alto calibre de nuestra comuna, entre ellas el Concejo en Pleno encabezado por el alcalde Patricio Freire; el gobernador Eduardo Le\u00f3n; personeros de la Cruz Roja de San Felipe encabezados por su presidenta Mar\u00eda G\u00f3mez, y el vicepresidente de la Sociedad de Artesanos La Uni\u00f3n, Jaime Canales, adem\u00e1s de amigos del Diario y dirigentes vecinales.<\/p>\n<p><span style=\"color: #ff0000;\"><strong>VOCES LOCALES<\/strong><\/span><br \/>\nPatricio Freire, alcalde de San Felipe, fue el primero en felicitar las casi nueve d\u00e9cadas de trabajo period\u00edstico de nuestro medio, \u00abcomo municipio y jefe comunal de San Felipe todo el agradecimiento para Diario El Trabajo, pues siempre nos deja al d\u00eda en todo el Valle de Aconcagua con todo el acontecer deportivo, recreativo, social y policial en las ciudades de Aconcagua\u00bb, dijo el edil.<br \/>\nAs\u00ed tambi\u00e9n el gobernador Eduardo Le\u00f3n supo destacar la importancia de nuestro trabajo, \u00abya en varias ocasiones yo he acompa\u00f1ado a Diario El Trabajo para este Cambio de Folio y aniversarios, pero lo he hecho como autoridad, ahora quiero decir a t\u00edtulo personal que yo soy un lector, a m\u00ed me gusta leer en papel, hoy en d\u00eda (\u2026) cuando vemos la televisi\u00f3n y medios digitales nos sentimos acongojados de lo que pasa por ejemplo en Estados Unidos con los tiroteos en las escuelas, pero nosotros vivimos en San Felipe y tenemos que tomar decisiones aqu\u00ed, para m\u00ed es un Plus contar como ciudad con un diario en papel en la Era Digital, pues necesitamos volver a mirar a las personas y a nuestras comunidades, y eso es lo que nos permite Diario El Trabajo, por eso felicitamos a esta familia period\u00edstica en este su 89 aniversario\u00bb, detall\u00f3 Le\u00f3n.<br \/>\nQuien tampoco pudo faltar, fue el vicepresidente de la Sociedad de Artesanos La Uni\u00f3n, Jaime Canales, quien destac\u00f3 nuestra labor period\u00edstica, \u00abyo creo que Diario El Trabajo ha ido recolectando la historia de San Felipe y nuestra historia como Sociedad de Artesano\u00bb, coment\u00f3 el directivo.<\/p>\n<p><span style=\"color: #ff0000;\"><strong>REGALO ART\u00cdSTICO<\/strong><\/span><br \/>\nPero no todo fueron discursos y felicitaciones, Humberto Silva del ballet folcl\u00f3rico de la Cruz Roja de San Felipe, con gran alegr\u00eda interpret\u00f3 varios bailes t\u00edpicos para satisfacci\u00f3n de los presentes, iniciativa a la que se sum\u00f3 con gracia nuestra Jefa de Diagramaci\u00f3n, Ang\u00e9lica Juri.<br \/>\nMar\u00eda G\u00f3mez, presidenta de la Cruz Roja de San Felipe, con gratas palabras relacion\u00f3 nuestro trabajo con el que sus voluntarios tambi\u00e9n desarrollan con adultos mayores, \u00abcomo todos los a\u00f1os quisimos saludar al personal de Diario El Trabajo por este nuevo aniversario, en nuestra sede nosotros atendemos a muchos adultos mayores, y ellos adoran leer el Diario, gracias tambi\u00e9n por informar siempre de lo que estamos haciendo en nuestra comuna\u00bb.<br \/>\nDon Dante Rodr\u00edguez, concejal de San Felipe, tambi\u00e9n certific\u00f3 que sus proyectos deportivos y comunitarios siempre han contado con nuestras coberturas, \u00abagradezco a nombre del deporte sanfelipe\u00f1o y un saludo muy especial a toda la Familia Juri por mantener por tantos a\u00f1os este importante medio de comunicaci\u00f3n\u00bb, y finalmente Raquel Pe\u00f1a, representante de la Agrupaci\u00f3n Guatita de Delantal, nos acompa\u00f1\u00f3 para levantarnos la estima y alegrarnos el coraz\u00f3n al decir que \u00abhabr\u00e1 muchas personas en el Valle de Aconcagua, entre ellos muchos abuelitos que no tienen acceso al Face, a los celulares ni a las otras redes sociales, pero ellos s\u00ed compran Diario El Trabajo, porque este es un medio de comunicaci\u00f3n entregado a su labor de hacer periodismo regional y as\u00ed nos informan a todos\u00bb, dijo Pe\u00f1a.<br \/>\nEl director de nuestro medio Marco Antonio Juri, coment\u00f3 durante la actividad que \u00abes una grata sorpresa ver a tantas personas que de forma espont\u00e1nea a saludarnos, en Concejo en Pleno, el gobernador de nuestra provincia y hasta un folclorista, estamos contentos y satisfechos con la labor cumplida, creemos que el desaf\u00edo por enfrentar ahora es potenciar lo que a diario Online se trata, o sea, subir la informaci\u00f3n conforme la informaci\u00f3n llegue a nuestras oficinas, cuando la noticia se produce\u00bb.<\/p>\n<p><span style=\"color: #ff0000;\"><strong>NUESTROS DIRECTORES<\/strong><\/span><br \/>\nDiario El Trabajo ha sido liderado por cinco directores que tambi\u00e9n vivieron las buenas y las malas del siglo que pas\u00f3 y algunos las de la nueva centuria que vivimos, ellos son, por orden de aparici\u00f3n en la vida de nuestro diario: El\u00edas\u00a0Juri Jacob, Director y Fundador que entreg\u00f3 la Direcci\u00f3n del medio en 1948 tras haberlo creado en 1929. Los siguientes 20 a\u00f1os de Diario El Trabajo estar\u00edan bajo el criterio del Director V\u00edctor Juri Henr\u00edquez, quien en 1968 delega funciones a Miguel Ricardo Juri Juri y \u00e9ste a su hijo Miguel \u00c1ngel Juri Ceballos en 1987, quien lo sostendr\u00eda de pie durante los siguientes 18 a\u00f1os, cuando entrega la silla de Director al actual titular de Diario El Trabajo, el periodista Marco Antonio Juri Ceballos, quien asumi\u00f3 labores como tal en marzo de 2005 y hasta la actualidad se mantiene al frente de Diario El Trabajo de Aconcagua.<br \/>\n<strong>Roberto Gonz\u00e1lez Short<\/strong><\/p>\n<figure id=\"attachment_84930\" aria-describedby=\"caption-attachment-84930\" style=\"width: 578px\" class=\"wp-caption alignnone\"><img data-recalc-dims=\"1\" loading=\"lazy\" decoding=\"async\" class=\"size-full wp-image-84930\" src=\"https:\/\/i0.wp.com\/www.eltrabajo.cl\/2017\/wp-content\/uploads\/2018\/02\/Aniversario_Marco-Juri.jpg?resize=578%2C374\" alt=\"FIGURA DEL D\u00cdA.- Marco Antonio Juri, director de Diario El Trabajo, fue entrevistado por casi todos los medios de la comuna.\" width=\"578\" height=\"374\" srcset=\"https:\/\/i0.wp.com\/eltrabajo.cl\/portal\/wp-content\/uploads\/2018\/02\/Aniversario_Marco-Juri.jpg?w=578&amp;ssl=1 578w, https:\/\/i0.wp.com\/eltrabajo.cl\/portal\/wp-content\/uploads\/2018\/02\/Aniversario_Marco-Juri.jpg?resize=200%2C129&amp;ssl=1 200w, https:\/\/i0.wp.com\/eltrabajo.cl\/portal\/wp-content\/uploads\/2018\/02\/Aniversario_Marco-Juri.jpg?resize=300%2C194&amp;ssl=1 300w, https:\/\/i0.wp.com\/eltrabajo.cl\/portal\/wp-content\/uploads\/2018\/02\/Aniversario_Marco-Juri.jpg?resize=232%2C150&amp;ssl=1 232w, https:\/\/i0.wp.com\/eltrabajo.cl\/portal\/wp-content\/uploads\/2018\/02\/Aniversario_Marco-Juri.jpg?resize=400%2C259&amp;ssl=1 400w\" sizes=\"auto, (max-width: 578px) 100vw, 578px\" \/><figcaption id=\"caption-attachment-84930\" class=\"wp-caption-text\">FIGURA DEL D\u00cdA.- Marco Antonio Juri, director de Diario El Trabajo, fue entrevistado por casi todos los medios de la comuna.<\/figcaption><\/figure>\n<figure id=\"attachment_84934\" aria-describedby=\"caption-attachment-84934\" style=\"width: 579px\" class=\"wp-caption alignnone\"><img data-recalc-dims=\"1\" loading=\"lazy\" decoding=\"async\" class=\"size-full wp-image-84934\" src=\"https:\/\/i0.wp.com\/www.eltrabajo.cl\/2017\/wp-content\/uploads\/2018\/02\/Aniversario1.jpg?resize=579%2C373\" alt=\"EL GRAN MOMENTO.- Este fue el momento cuando el alcalde Patricio Freire hizo el Cambio de Folio al a\u00f1o 90 de nuestro medio. Le acompa\u00f1an personal de nuestro medio, concejales e invitados especiales.\" width=\"579\" height=\"373\" srcset=\"https:\/\/i0.wp.com\/eltrabajo.cl\/portal\/wp-content\/uploads\/2018\/02\/Aniversario1.jpg?w=579&amp;ssl=1 579w, https:\/\/i0.wp.com\/eltrabajo.cl\/portal\/wp-content\/uploads\/2018\/02\/Aniversario1.jpg?resize=200%2C129&amp;ssl=1 200w, https:\/\/i0.wp.com\/eltrabajo.cl\/portal\/wp-content\/uploads\/2018\/02\/Aniversario1.jpg?resize=300%2C193&amp;ssl=1 300w, https:\/\/i0.wp.com\/eltrabajo.cl\/portal\/wp-content\/uploads\/2018\/02\/Aniversario1.jpg?resize=233%2C150&amp;ssl=1 233w, https:\/\/i0.wp.com\/eltrabajo.cl\/portal\/wp-content\/uploads\/2018\/02\/Aniversario1.jpg?resize=400%2C258&amp;ssl=1 400w\" sizes=\"auto, (max-width: 579px) 100vw, 579px\" \/><figcaption id=\"caption-attachment-84934\" class=\"wp-caption-text\">EL GRAN MOMENTO.- Este fue el momento cuando el alcalde Patricio Freire hizo el Cambio de Folio al a\u00f1o 90 de nuestro medio. Le acompa\u00f1an personal de nuestro medio, concejales e invitados especiales.<\/figcaption><\/figure>\n<figure id=\"attachment_84935\" aria-describedby=\"caption-attachment-84935\" style=\"width: 579px\" class=\"wp-caption alignnone\"><img data-recalc-dims=\"1\" loading=\"lazy\" decoding=\"async\" class=\"size-full wp-image-84935\" src=\"https:\/\/i0.wp.com\/www.eltrabajo.cl\/2017\/wp-content\/uploads\/2018\/02\/Aniversario2.jpg?resize=579%2C386\" alt=\"SIEMPRE \u2018ANGIE\u2019.- Nuestra jefa de Diagramaci\u00f3n Ang\u00e9lica Juri, particip\u00f3 con alegr\u00eda al lado del folclorista Humberto Silva, del Ballet folcl\u00f3rico de la Cruz Roja de San Felipe.\" width=\"579\" height=\"386\" srcset=\"https:\/\/i0.wp.com\/eltrabajo.cl\/portal\/wp-content\/uploads\/2018\/02\/Aniversario2.jpg?w=579&amp;ssl=1 579w, https:\/\/i0.wp.com\/eltrabajo.cl\/portal\/wp-content\/uploads\/2018\/02\/Aniversario2.jpg?resize=200%2C133&amp;ssl=1 200w, https:\/\/i0.wp.com\/eltrabajo.cl\/portal\/wp-content\/uploads\/2018\/02\/Aniversario2.jpg?resize=300%2C200&amp;ssl=1 300w, https:\/\/i0.wp.com\/eltrabajo.cl\/portal\/wp-content\/uploads\/2018\/02\/Aniversario2.jpg?resize=225%2C150&amp;ssl=1 225w, https:\/\/i0.wp.com\/eltrabajo.cl\/portal\/wp-content\/uploads\/2018\/02\/Aniversario2.jpg?resize=400%2C267&amp;ssl=1 400w\" sizes=\"auto, (max-width: 579px) 100vw, 579px\" \/><figcaption id=\"caption-attachment-84935\" class=\"wp-caption-text\">SIEMPRE \u2018ANGIE\u2019.- Nuestra jefa de Diagramaci\u00f3n Ang\u00e9lica Juri, particip\u00f3 con alegr\u00eda al lado del folclorista Humberto Silva, del Ballet folcl\u00f3rico de la Cruz Roja de San Felipe.<\/figcaption><\/figure>\n<figure id=\"attachment_84937\" aria-describedby=\"caption-attachment-84937\" style=\"width: 579px\" class=\"wp-caption alignnone\"><img data-recalc-dims=\"1\" loading=\"lazy\" decoding=\"async\" class=\"size-full wp-image-84937\" src=\"https:\/\/i0.wp.com\/www.eltrabajo.cl\/2017\/wp-content\/uploads\/2018\/02\/Aniversario4.jpg?resize=579%2C371\" alt=\"REGALONEADOS.- El director de Diario El Trabajo recibi\u00f3 personalmente un Presente por parte de la Cruz Roja de San Felipe.\" width=\"579\" height=\"371\" srcset=\"https:\/\/i0.wp.com\/eltrabajo.cl\/portal\/wp-content\/uploads\/2018\/02\/Aniversario4.jpg?w=579&amp;ssl=1 579w, https:\/\/i0.wp.com\/eltrabajo.cl\/portal\/wp-content\/uploads\/2018\/02\/Aniversario4.jpg?resize=200%2C128&amp;ssl=1 200w, https:\/\/i0.wp.com\/eltrabajo.cl\/portal\/wp-content\/uploads\/2018\/02\/Aniversario4.jpg?resize=300%2C192&amp;ssl=1 300w, https:\/\/i0.wp.com\/eltrabajo.cl\/portal\/wp-content\/uploads\/2018\/02\/Aniversario4.jpg?resize=234%2C150&amp;ssl=1 234w, https:\/\/i0.wp.com\/eltrabajo.cl\/portal\/wp-content\/uploads\/2018\/02\/Aniversario4.jpg?resize=400%2C256&amp;ssl=1 400w\" sizes=\"auto, (max-width: 579px) 100vw, 579px\" \/><figcaption id=\"caption-attachment-84937\" class=\"wp-caption-text\">REGALONEADOS.- El director de Diario El Trabajo recibi\u00f3 personalmente un Presente por parte de la Cruz Roja de San Felipe.<\/figcaption><\/figure>\n<figure id=\"attachment_84938\" aria-describedby=\"caption-attachment-84938\" style=\"width: 579px\" class=\"wp-caption alignnone\"><img data-recalc-dims=\"1\" loading=\"lazy\" decoding=\"async\" class=\"size-full wp-image-84938\" src=\"https:\/\/i0.wp.com\/www.eltrabajo.cl\/2017\/wp-content\/uploads\/2018\/02\/Aniversario5.jpg?resize=579%2C373\" alt=\"M\u00daSICA Y DANZA.- El folclorista Humberto Silva, del Ballet folcl\u00f3rico de la Cruz Roja de San Felipe, hizo de las suyas frente al p\u00fablico presente.\" width=\"579\" height=\"373\" srcset=\"https:\/\/i0.wp.com\/eltrabajo.cl\/portal\/wp-content\/uploads\/2018\/02\/Aniversario5.jpg?w=579&amp;ssl=1 579w, https:\/\/i0.wp.com\/eltrabajo.cl\/portal\/wp-content\/uploads\/2018\/02\/Aniversario5.jpg?resize=200%2C129&amp;ssl=1 200w, https:\/\/i0.wp.com\/eltrabajo.cl\/portal\/wp-content\/uploads\/2018\/02\/Aniversario5.jpg?resize=300%2C193&amp;ssl=1 300w, https:\/\/i0.wp.com\/eltrabajo.cl\/portal\/wp-content\/uploads\/2018\/02\/Aniversario5.jpg?resize=233%2C150&amp;ssl=1 233w, https:\/\/i0.wp.com\/eltrabajo.cl\/portal\/wp-content\/uploads\/2018\/02\/Aniversario5.jpg?resize=400%2C258&amp;ssl=1 400w\" sizes=\"auto, (max-width: 579px) 100vw, 579px\" \/><figcaption id=\"caption-attachment-84938\" class=\"wp-caption-text\">M\u00daSICA Y DANZA.- El folclorista Humberto Silva, del Ballet folcl\u00f3rico de la Cruz Roja de San Felipe, hizo de las suyas frente al p\u00fablico presente.<\/figcaption><\/figure>\n<figure id=\"attachment_84940\" aria-describedby=\"caption-attachment-84940\" style=\"width: 579px\" class=\"wp-caption alignnone\"><img data-recalc-dims=\"1\" loading=\"lazy\" decoding=\"async\" class=\"size-full wp-image-84940\" src=\"https:\/\/i0.wp.com\/www.eltrabajo.cl\/2017\/wp-content\/uploads\/2018\/02\/aniversario7.jpg?resize=579%2C386\" alt=\"AMISTAD.- El concejal Dante Rodr\u00edguez y el alcalde Patricio Freire, compartieron tambi\u00e9n con nuestra jefa de Diagramaci\u00f3n Ang\u00e9lica Juri.\" width=\"579\" height=\"386\" srcset=\"https:\/\/i0.wp.com\/eltrabajo.cl\/portal\/wp-content\/uploads\/2018\/02\/aniversario7.jpg?w=579&amp;ssl=1 579w, https:\/\/i0.wp.com\/eltrabajo.cl\/portal\/wp-content\/uploads\/2018\/02\/aniversario7.jpg?resize=200%2C133&amp;ssl=1 200w, https:\/\/i0.wp.com\/eltrabajo.cl\/portal\/wp-content\/uploads\/2018\/02\/aniversario7.jpg?resize=300%2C200&amp;ssl=1 300w, https:\/\/i0.wp.com\/eltrabajo.cl\/portal\/wp-content\/uploads\/2018\/02\/aniversario7.jpg?resize=225%2C150&amp;ssl=1 225w, https:\/\/i0.wp.com\/eltrabajo.cl\/portal\/wp-content\/uploads\/2018\/02\/aniversario7.jpg?resize=400%2C267&amp;ssl=1 400w\" sizes=\"auto, (max-width: 579px) 100vw, 579px\" \/><figcaption id=\"caption-attachment-84940\" class=\"wp-caption-text\">AMISTAD.- El concejal Dante Rodr\u00edguez y el alcalde Patricio Freire, compartieron tambi\u00e9n con nuestra jefa de Diagramaci\u00f3n Ang\u00e9lica Juri.<\/figcaption><\/figure>\n<figure id=\"attachment_84946\" aria-describedby=\"caption-attachment-84946\" style=\"width: 579px\" class=\"wp-caption alignnone\"><img data-recalc-dims=\"1\" loading=\"lazy\" decoding=\"async\" class=\"size-full wp-image-84946\" src=\"https:\/\/i0.wp.com\/www.eltrabajo.cl\/2017\/wp-content\/uploads\/2018\/02\/Aniversario6-1.jpg?resize=579%2C521\" alt=\"A TODOS GRACIAS.- En este recuerdo vemos a nuestros directores, algunos de ellos ya no nos acompa\u00f1an.\" width=\"579\" height=\"521\" srcset=\"https:\/\/i0.wp.com\/eltrabajo.cl\/portal\/wp-content\/uploads\/2018\/02\/Aniversario6-1.jpg?w=579&amp;ssl=1 579w, https:\/\/i0.wp.com\/eltrabajo.cl\/portal\/wp-content\/uploads\/2018\/02\/Aniversario6-1.jpg?resize=167%2C150&amp;ssl=1 167w, https:\/\/i0.wp.com\/eltrabajo.cl\/portal\/wp-content\/uploads\/2018\/02\/Aniversario6-1.jpg?resize=300%2C270&amp;ssl=1 300w, https:\/\/i0.wp.com\/eltrabajo.cl\/portal\/wp-content\/uploads\/2018\/02\/Aniversario6-1.jpg?resize=400%2C360&amp;ssl=1 400w\" sizes=\"auto, (max-width: 579px) 100vw, 579px\" \/><figcaption id=\"caption-attachment-84946\" class=\"wp-caption-text\">A TODOS GRACIAS.- En este recuerdo vemos a nuestros directores, algunos de ellos ya no nos acompa\u00f1an.<\/figcaption><\/figure>\n<figure id=\"attachment_84945\" aria-describedby=\"caption-attachment-84945\" style=\"width: 580px\" class=\"wp-caption alignnone\"><img data-recalc-dims=\"1\" loading=\"lazy\" decoding=\"async\" class=\"size-full wp-image-84945\" src=\"https:\/\/i0.wp.com\/www.eltrabajo.cl\/2017\/wp-content\/uploads\/2018\/02\/Aniversario_Raquel-Pena-1.jpg?resize=580%2C499\" alt=\"Raquel Pe\u00f1a, representante de la Agrupaci\u00f3n Guatita de Delantal.\" width=\"580\" height=\"499\" srcset=\"https:\/\/i0.wp.com\/eltrabajo.cl\/portal\/wp-content\/uploads\/2018\/02\/Aniversario_Raquel-Pena-1.jpg?w=580&amp;ssl=1 580w, https:\/\/i0.wp.com\/eltrabajo.cl\/portal\/wp-content\/uploads\/2018\/02\/Aniversario_Raquel-Pena-1.jpg?resize=174%2C150&amp;ssl=1 174w, https:\/\/i0.wp.com\/eltrabajo.cl\/portal\/wp-content\/uploads\/2018\/02\/Aniversario_Raquel-Pena-1.jpg?resize=300%2C258&amp;ssl=1 300w, https:\/\/i0.wp.com\/eltrabajo.cl\/portal\/wp-content\/uploads\/2018\/02\/Aniversario_Raquel-Pena-1.jpg?resize=400%2C344&amp;ssl=1 400w\" sizes=\"auto, (max-width: 580px) 100vw, 580px\" \/><figcaption id=\"caption-attachment-84945\" class=\"wp-caption-text\">Raquel Pe\u00f1a, representante de la Agrupaci\u00f3n Guatita de Delantal.<\/figcaption><\/figure>\n<figure id=\"attachment_84944\" aria-describedby=\"caption-attachment-84944\" style=\"width: 580px\" class=\"wp-caption alignnone\"><img data-recalc-dims=\"1\" loading=\"lazy\" decoding=\"async\" class=\"size-full wp-image-84944\" src=\"https:\/\/i0.wp.com\/www.eltrabajo.cl\/2017\/wp-content\/uploads\/2018\/02\/Aniversario_Patricio-Freire-1.jpg?resize=580%2C500\" alt=\"Patricio Freire, alcalde de San Felipe.\" width=\"580\" height=\"500\" srcset=\"https:\/\/i0.wp.com\/eltrabajo.cl\/portal\/wp-content\/uploads\/2018\/02\/Aniversario_Patricio-Freire-1.jpg?w=580&amp;ssl=1 580w, https:\/\/i0.wp.com\/eltrabajo.cl\/portal\/wp-content\/uploads\/2018\/02\/Aniversario_Patricio-Freire-1.jpg?resize=174%2C150&amp;ssl=1 174w, https:\/\/i0.wp.com\/eltrabajo.cl\/portal\/wp-content\/uploads\/2018\/02\/Aniversario_Patricio-Freire-1.jpg?resize=300%2C259&amp;ssl=1 300w, https:\/\/i0.wp.com\/eltrabajo.cl\/portal\/wp-content\/uploads\/2018\/02\/Aniversario_Patricio-Freire-1.jpg?resize=400%2C345&amp;ssl=1 400w\" sizes=\"auto, (max-width: 580px) 100vw, 580px\" \/><figcaption id=\"caption-attachment-84944\" class=\"wp-caption-text\">Patricio Freire, alcalde de San Felipe.<\/figcaption><\/figure>\n<figure id=\"attachment_84943\" aria-describedby=\"caption-attachment-84943\" style=\"width: 580px\" class=\"wp-caption alignnone\"><img data-recalc-dims=\"1\" loading=\"lazy\" decoding=\"async\" class=\"size-full wp-image-84943\" src=\"https:\/\/i0.wp.com\/www.eltrabajo.cl\/2017\/wp-content\/uploads\/2018\/02\/Aniversario_Mar%C3%ADa-Gomez-1.jpg?resize=580%2C499\" alt=\"Mar\u00eda G\u00f3mez, presidenta de la Cruz Roja de San Felipe,\" width=\"580\" height=\"499\" srcset=\"https:\/\/i0.wp.com\/eltrabajo.cl\/portal\/wp-content\/uploads\/2018\/02\/Aniversario_Mar%C3%ADa-Gomez-1.jpg?w=580&amp;ssl=1 580w, https:\/\/i0.wp.com\/eltrabajo.cl\/portal\/wp-content\/uploads\/2018\/02\/Aniversario_Mar%C3%ADa-Gomez-1.jpg?resize=174%2C150&amp;ssl=1 174w, https:\/\/i0.wp.com\/eltrabajo.cl\/portal\/wp-content\/uploads\/2018\/02\/Aniversario_Mar%C3%ADa-Gomez-1.jpg?resize=300%2C258&amp;ssl=1 300w, https:\/\/i0.wp.com\/eltrabajo.cl\/portal\/wp-content\/uploads\/2018\/02\/Aniversario_Mar%C3%ADa-Gomez-1.jpg?resize=400%2C344&amp;ssl=1 400w\" sizes=\"auto, (max-width: 580px) 100vw, 580px\" \/><figcaption id=\"caption-attachment-84943\" class=\"wp-caption-text\">Mar\u00eda G\u00f3mez, presidenta de la Cruz Roja de San Felipe,<\/figcaption><\/figure>\n<figure id=\"attachment_84942\" aria-describedby=\"caption-attachment-84942\" style=\"width: 580px\" class=\"wp-caption alignnone\"><img data-recalc-dims=\"1\" loading=\"lazy\" decoding=\"async\" class=\"size-full wp-image-84942\" src=\"https:\/\/i0.wp.com\/www.eltrabajo.cl\/2017\/wp-content\/uploads\/2018\/02\/Aniversario_Eduardo-Leon-1.jpg?resize=580%2C499\" alt=\"Eduardo Le\u00f3n, gobernador de San Felipe.\" width=\"580\" height=\"499\" srcset=\"https:\/\/i0.wp.com\/eltrabajo.cl\/portal\/wp-content\/uploads\/2018\/02\/Aniversario_Eduardo-Leon-1.jpg?w=580&amp;ssl=1 580w, https:\/\/i0.wp.com\/eltrabajo.cl\/portal\/wp-content\/uploads\/2018\/02\/Aniversario_Eduardo-Leon-1.jpg?resize=174%2C150&amp;ssl=1 174w, https:\/\/i0.wp.com\/eltrabajo.cl\/portal\/wp-content\/uploads\/2018\/02\/Aniversario_Eduardo-Leon-1.jpg?resize=300%2C258&amp;ssl=1 300w, https:\/\/i0.wp.com\/eltrabajo.cl\/portal\/wp-content\/uploads\/2018\/02\/Aniversario_Eduardo-Leon-1.jpg?resize=400%2C344&amp;ssl=1 400w\" sizes=\"auto, (max-width: 580px) 100vw, 580px\" \/><figcaption id=\"caption-attachment-84942\" class=\"wp-caption-text\">Eduardo Le\u00f3n, gobernador de San Felipe.<\/figcaption><\/figure>\n<figure id=\"attachment_84941\" aria-describedby=\"caption-attachment-84941\" style=\"width: 580px\" class=\"wp-caption alignnone\"><img data-recalc-dims=\"1\" loading=\"lazy\" decoding=\"async\" class=\"size-full wp-image-84941\" src=\"https:\/\/i0.wp.com\/www.eltrabajo.cl\/2017\/wp-content\/uploads\/2018\/02\/Aniversario_Dante-Rodriguez-1.jpg?resize=580%2C499\" alt=\"Dante Rodr\u00edguez, concejal sanfelipe\u00f1o.\" width=\"580\" height=\"499\" srcset=\"https:\/\/i0.wp.com\/eltrabajo.cl\/portal\/wp-content\/uploads\/2018\/02\/Aniversario_Dante-Rodriguez-1.jpg?w=580&amp;ssl=1 580w, https:\/\/i0.wp.com\/eltrabajo.cl\/portal\/wp-content\/uploads\/2018\/02\/Aniversario_Dante-Rodriguez-1.jpg?resize=174%2C150&amp;ssl=1 174w, https:\/\/i0.wp.com\/eltrabajo.cl\/portal\/wp-content\/uploads\/2018\/02\/Aniversario_Dante-Rodriguez-1.jpg?resize=300%2C258&amp;ssl=1 300w, https:\/\/i0.wp.com\/eltrabajo.cl\/portal\/wp-content\/uploads\/2018\/02\/Aniversario_Dante-Rodriguez-1.jpg?resize=400%2C344&amp;ssl=1 400w\" sizes=\"auto, (max-width: 580px) 100vw, 580px\" \/><figcaption id=\"caption-attachment-84941\" class=\"wp-caption-text\">Dante Rodr\u00edguez, concejal sanfelipe\u00f1o.<\/figcaption><\/figure>\n","protected":false},"excerpt":{"rendered":"<p>Cambio de Folio y fiesta del 89\u00ba aniversario de Diario El Trabajo: Con una concurrencia no menor a los 40 invitados y dentro del mejor ambiente para celebrar los 89 a\u00f1os de&#8230;<\/p>\n","protected":false},"author":1,"featured_media":84934,"comment_status":"open","ping_status":"open","sticky":false,"template":"","format":"standard","meta":{"advanced_seo_description":"","jetpack_seo_html_title":"","jetpack_seo_noindex":false,"_jetpack_memberships_contains_paid_content":false,"footnotes":""},"categories":[15],"tags":[],"class_list":["post-84927","post","type-post","status-publish","format-standard","has-post-thumbnail","hentry","category-comunidad"],"jetpack_featured_media_url":"https:\/\/i0.wp.com\/eltrabajo.cl\/portal\/wp-content\/uploads\/2018\/02\/Aniversario1.jpg?fit=579%2C373&ssl=1","jetpack_sharing_enabled":true,"jetpack_likes_enabled":true,"jetpack-related-posts":[],"_links":{"self":[{"href":"https:\/\/eltrabajo.cl\/portal\/wp-json\/wp\/v2\/posts\/84927","targetHints":{"allow":["GET"]}}],"collection":[{"href":"https:\/\/eltrabajo.cl\/portal\/wp-json\/wp\/v2\/posts"}],"about":[{"href":"https:\/\/eltrabajo.cl\/portal\/wp-json\/wp\/v2\/types\/post"}],"author":[{"embeddable":true,"href":"https:\/\/eltrabajo.cl\/portal\/wp-json\/wp\/v2\/users\/1"}],"replies":[{"embeddable":true,"href":"https:\/\/eltrabajo.cl\/portal\/wp-json\/wp\/v2\/comments?post=84927"}],"version-history":[{"count":0,"href":"https:\/\/eltrabajo.cl\/portal\/wp-json\/wp\/v2\/posts\/84927\/revisions"}],"wp:featuredmedia":[{"embeddable":true,"href":"https:\/\/eltrabajo.cl\/portal\/wp-json\/wp\/v2\/media\/84934"}],"wp:attachment":[{"href":"https:\/\/eltrabajo.cl\/portal\/wp-json\/wp\/v2\/media?parent=84927"}],"wp:term":[{"taxonomy":"category","embeddable":true,"href":"https:\/\/eltrabajo.cl\/portal\/wp-json\/wp\/v2\/categories?post=84927"},{"taxonomy":"post_tag","embeddable":true,"href":"https:\/\/eltrabajo.cl\/portal\/wp-json\/wp\/v2\/tags?post=84927"}],"curies":[{"name":"wp","href":"https:\/\/api.w.org\/{rel}","templated":true}]}}