{"id":84966,"date":"2018-02-26T05:05:23","date_gmt":"2018-02-26T09:05:23","guid":{"rendered":"http:\/\/www.eltrabajo.cl\/2017\/?p=84966"},"modified":"2018-02-26T05:05:23","modified_gmt":"2018-02-26T09:05:23","slug":"a-sus-86-anos-nos-dejo-para-siempre-el-querido-don-chuma-venegas","status":"publish","type":"post","link":"https:\/\/eltrabajo.cl\/portal\/a-sus-86-anos-nos-dejo-para-siempre-el-querido-don-chuma-venegas\/","title":{"rendered":"A sus 86 a\u00f1os nos dej\u00f3 para siempre el querido \u2018Don Chuma\u2019 Venegas"},"content":{"rendered":"<figure id=\"attachment_84970\" aria-describedby=\"caption-attachment-84970\" style=\"width: 579px\" class=\"wp-caption alignnone\"><img data-recalc-dims=\"1\" loading=\"lazy\" decoding=\"async\" class=\"size-full wp-image-84970\" src=\"https:\/\/i0.wp.com\/www.eltrabajo.cl\/2017\/wp-content\/uploads\/2018\/02\/Don-Chuma2.jpg?resize=579%2C386\" alt=\"CARI\u00d1OSA DESPEDIDA.- Varios pi\u00e9 de cueca fueron bailados minutos antes del \u00faltimo Adi\u00f3s, indiscutiblemente fue y seguir\u00e1 siendo una persona muy querida.\" width=\"579\" height=\"386\" srcset=\"https:\/\/i0.wp.com\/eltrabajo.cl\/portal\/wp-content\/uploads\/2018\/02\/Don-Chuma2.jpg?w=579&amp;ssl=1 579w, https:\/\/i0.wp.com\/eltrabajo.cl\/portal\/wp-content\/uploads\/2018\/02\/Don-Chuma2.jpg?resize=200%2C133&amp;ssl=1 200w, https:\/\/i0.wp.com\/eltrabajo.cl\/portal\/wp-content\/uploads\/2018\/02\/Don-Chuma2.jpg?resize=300%2C200&amp;ssl=1 300w, https:\/\/i0.wp.com\/eltrabajo.cl\/portal\/wp-content\/uploads\/2018\/02\/Don-Chuma2.jpg?resize=225%2C150&amp;ssl=1 225w, https:\/\/i0.wp.com\/eltrabajo.cl\/portal\/wp-content\/uploads\/2018\/02\/Don-Chuma2.jpg?resize=400%2C267&amp;ssl=1 400w\" sizes=\"auto, (max-width: 579px) 100vw, 579px\" \/><figcaption id=\"caption-attachment-84970\" class=\"wp-caption-text\">CARI\u00d1OSA DESPEDIDA.- Varios pi\u00e9 de cueca fueron bailados minutos antes del \u00faltimo Adi\u00f3s, indiscutiblemente fue y seguir\u00e1 siendo una persona muy querida.<\/figcaption><\/figure>\n<ul>\n<li><span style=\"color: #ff0000;\"><strong>Huasos, familiares y amigos lo despidieron bailando cueca:<\/strong><\/span><\/li>\n<\/ul>\n<p>Un gran homenaje a ritmo de cueca fue el que cientos de personas ofrecieron ayer domingo al Mediod\u00eda en la entrada principal del Cementerio Municipal de San Felipe, en El Almendral, a los restos mortales del querido Domingo Aurelio Venegas Vera (\u2018Don Chuma\u2019), quien falleciera a sus 86 a\u00f1os por causas naturales el viernes 23 de febrero.<br \/>\nDiario El Trabajo habl\u00f3 con la sobrina-nieta de don Domingo, \u00ababuelito tuvo cinco hijos: Vilma, Lorena, Viviana, Jorge y Domingo, ellos a su vez le coronaron con cuatro nietos. \u00c9l era siempre el abanderado que desfilaba en San Felipe cuando hab\u00edan actividades y fiestas con huasos en la ciudad, por muchos a\u00f1os \u00e9l tambi\u00e9n manej\u00f3 camiones y siempre se le conoci\u00f3 como a una persona servicial, muy alegre y solidario\u00bb, coment\u00f3 Katherine Venegas Garc\u00eda a nuestro medio.<br \/>\nMinutos previos a darle sepultura a este insigne sanfelipe\u00f1o, una gran cantidad de huasos, chinas y amigos de la familia, rindieron varios pies de cueca, aplausos, l\u00e1grimas y oraciones hubo por montones. Todos quienes laboramos en Diario El Trabajo hoy ofrecemos a sus familiares nuestro sensible y Sentido P\u00e9same por esta irreparable p\u00e9rdida. Descanse en paz \u2018Don Chuma\u2019.<br \/>\n<strong>Roberto Gonz\u00e1lez Short<\/strong><\/p>\n<figure id=\"attachment_84969\" aria-describedby=\"caption-attachment-84969\" style=\"width: 579px\" class=\"wp-caption alignnone\"><img data-recalc-dims=\"1\" loading=\"lazy\" decoding=\"async\" class=\"size-full wp-image-84969\" src=\"https:\/\/i0.wp.com\/www.eltrabajo.cl\/2017\/wp-content\/uploads\/2018\/02\/Don-Chuma1.jpg?resize=579%2C386\" alt=\"ADI\u00d3S DON CHUMA.- Cientos de huasos y amigos de la familia de \u2018Don Chuma\u2019 Venegas fueron a despedirle con cari\u00f1o y dolor.\" width=\"579\" height=\"386\" srcset=\"https:\/\/i0.wp.com\/eltrabajo.cl\/portal\/wp-content\/uploads\/2018\/02\/Don-Chuma1.jpg?w=579&amp;ssl=1 579w, https:\/\/i0.wp.com\/eltrabajo.cl\/portal\/wp-content\/uploads\/2018\/02\/Don-Chuma1.jpg?resize=200%2C133&amp;ssl=1 200w, https:\/\/i0.wp.com\/eltrabajo.cl\/portal\/wp-content\/uploads\/2018\/02\/Don-Chuma1.jpg?resize=300%2C200&amp;ssl=1 300w, https:\/\/i0.wp.com\/eltrabajo.cl\/portal\/wp-content\/uploads\/2018\/02\/Don-Chuma1.jpg?resize=225%2C150&amp;ssl=1 225w, https:\/\/i0.wp.com\/eltrabajo.cl\/portal\/wp-content\/uploads\/2018\/02\/Don-Chuma1.jpg?resize=400%2C267&amp;ssl=1 400w\" sizes=\"auto, (max-width: 579px) 100vw, 579px\" \/><figcaption id=\"caption-attachment-84969\" class=\"wp-caption-text\">ADI\u00d3S DON CHUMA.- Cientos de huasos y amigos de la familia de \u2018Don Chuma\u2019 Venegas fueron a despedirle con cari\u00f1o y dolor.<\/figcaption><\/figure>\n<figure id=\"attachment_84967\" aria-describedby=\"caption-attachment-84967\" style=\"width: 448px\" class=\"wp-caption alignnone\"><img data-recalc-dims=\"1\" loading=\"lazy\" decoding=\"async\" class=\"size-full wp-image-84967\" src=\"https:\/\/i0.wp.com\/www.eltrabajo.cl\/2017\/wp-content\/uploads\/2018\/02\/Don-Chuma_Aurelio-Venegas.jpg?resize=448%2C400\" alt=\"Domingo Aurelio Venegas Vera (\u2018Don Chuma\u2019), quien falleciera a sus 86 a\u00f1os por causas naturales el viernes 23 de febrero.\" width=\"448\" height=\"400\" srcset=\"https:\/\/i0.wp.com\/eltrabajo.cl\/portal\/wp-content\/uploads\/2018\/02\/Don-Chuma_Aurelio-Venegas.jpg?w=448&amp;ssl=1 448w, https:\/\/i0.wp.com\/eltrabajo.cl\/portal\/wp-content\/uploads\/2018\/02\/Don-Chuma_Aurelio-Venegas.jpg?resize=168%2C150&amp;ssl=1 168w, https:\/\/i0.wp.com\/eltrabajo.cl\/portal\/wp-content\/uploads\/2018\/02\/Don-Chuma_Aurelio-Venegas.jpg?resize=300%2C268&amp;ssl=1 300w, https:\/\/i0.wp.com\/eltrabajo.cl\/portal\/wp-content\/uploads\/2018\/02\/Don-Chuma_Aurelio-Venegas.jpg?resize=400%2C357&amp;ssl=1 400w\" sizes=\"auto, (max-width: 448px) 100vw, 448px\" \/><figcaption id=\"caption-attachment-84967\" class=\"wp-caption-text\">Domingo Aurelio Venegas Vera (\u2018Don Chuma\u2019), quien falleciera a sus 86 a\u00f1os por causas naturales el viernes 23 de febrero.<\/figcaption><\/figure>\n<figure id=\"attachment_84968\" aria-describedby=\"caption-attachment-84968\" style=\"width: 449px\" class=\"wp-caption alignnone\"><img data-recalc-dims=\"1\" loading=\"lazy\" decoding=\"async\" class=\" wp-image-84968\" src=\"https:\/\/i0.wp.com\/www.eltrabajo.cl\/2017\/wp-content\/uploads\/2018\/02\/Don-Chuma_Katherine-Venegas.jpg?resize=449%2C382\" alt=\"Katherine Venegas Garc\u00eda, sobrina-nieta de \u2018Don Chuma\u2019.\" width=\"449\" height=\"382\" srcset=\"https:\/\/i0.wp.com\/eltrabajo.cl\/portal\/wp-content\/uploads\/2018\/02\/Don-Chuma_Katherine-Venegas.jpg?w=470&amp;ssl=1 470w, https:\/\/i0.wp.com\/eltrabajo.cl\/portal\/wp-content\/uploads\/2018\/02\/Don-Chuma_Katherine-Venegas.jpg?resize=176%2C150&amp;ssl=1 176w, https:\/\/i0.wp.com\/eltrabajo.cl\/portal\/wp-content\/uploads\/2018\/02\/Don-Chuma_Katherine-Venegas.jpg?resize=300%2C255&amp;ssl=1 300w, https:\/\/i0.wp.com\/eltrabajo.cl\/portal\/wp-content\/uploads\/2018\/02\/Don-Chuma_Katherine-Venegas.jpg?resize=400%2C340&amp;ssl=1 400w\" sizes=\"auto, (max-width: 449px) 100vw, 449px\" \/><figcaption id=\"caption-attachment-84968\" class=\"wp-caption-text\">Katherine Venegas Garc\u00eda, sobrina-nieta de \u2018Don Chuma\u2019.<\/figcaption><\/figure>\n","protected":false},"excerpt":{"rendered":"<p>Huasos, familiares y amigos lo despidieron bailando cueca: Un gran homenaje a ritmo de cueca fue el que cientos de personas ofrecieron ayer domingo al Mediod\u00eda en la entrada principal del Cementerio&#8230;<\/p>\n","protected":false},"author":1,"featured_media":84969,"comment_status":"open","ping_status":"open","sticky":false,"template":"","format":"standard","meta":{"advanced_seo_description":"","jetpack_seo_html_title":"","jetpack_seo_noindex":false,"_jetpack_memberships_contains_paid_content":false,"footnotes":""},"categories":[15],"tags":[],"class_list":["post-84966","post","type-post","status-publish","format-standard","has-post-thumbnail","hentry","category-comunidad"],"jetpack_featured_media_url":"https:\/\/i0.wp.com\/eltrabajo.cl\/portal\/wp-content\/uploads\/2018\/02\/Don-Chuma1.jpg?fit=579%2C386&ssl=1","jetpack_sharing_enabled":true,"jetpack_likes_enabled":true,"jetpack-related-posts":[],"_links":{"self":[{"href":"https:\/\/eltrabajo.cl\/portal\/wp-json\/wp\/v2\/posts\/84966","targetHints":{"allow":["GET"]}}],"collection":[{"href":"https:\/\/eltrabajo.cl\/portal\/wp-json\/wp\/v2\/posts"}],"about":[{"href":"https:\/\/eltrabajo.cl\/portal\/wp-json\/wp\/v2\/types\/post"}],"author":[{"embeddable":true,"href":"https:\/\/eltrabajo.cl\/portal\/wp-json\/wp\/v2\/users\/1"}],"replies":[{"embeddable":true,"href":"https:\/\/eltrabajo.cl\/portal\/wp-json\/wp\/v2\/comments?post=84966"}],"version-history":[{"count":0,"href":"https:\/\/eltrabajo.cl\/portal\/wp-json\/wp\/v2\/posts\/84966\/revisions"}],"wp:featuredmedia":[{"embeddable":true,"href":"https:\/\/eltrabajo.cl\/portal\/wp-json\/wp\/v2\/media\/84969"}],"wp:attachment":[{"href":"https:\/\/eltrabajo.cl\/portal\/wp-json\/wp\/v2\/media?parent=84966"}],"wp:term":[{"taxonomy":"category","embeddable":true,"href":"https:\/\/eltrabajo.cl\/portal\/wp-json\/wp\/v2\/categories?post=84966"},{"taxonomy":"post_tag","embeddable":true,"href":"https:\/\/eltrabajo.cl\/portal\/wp-json\/wp\/v2\/tags?post=84966"}],"curies":[{"name":"wp","href":"https:\/\/api.w.org\/{rel}","templated":true}]}}