{"id":84973,"date":"2018-02-27T05:00:23","date_gmt":"2018-02-27T09:00:23","guid":{"rendered":"http:\/\/www.eltrabajo.cl\/2017\/?p=84973"},"modified":"2018-02-27T05:00:23","modified_gmt":"2018-02-27T09:00:23","slug":"sociedad-de-artesanos-la-union-cumple-manana-sus-126-anos","status":"publish","type":"post","link":"https:\/\/eltrabajo.cl\/portal\/sociedad-de-artesanos-la-union-cumple-manana-sus-126-anos\/","title":{"rendered":"Sociedad de Artesanos La Uni\u00f3n cumple ma\u00f1ana sus 126 a\u00f1os"},"content":{"rendered":"<figure id=\"attachment_84976\" aria-describedby=\"caption-attachment-84976\" style=\"width: 580px\" class=\"wp-caption alignnone\"><img data-recalc-dims=\"1\" loading=\"lazy\" decoding=\"async\" class=\"size-full wp-image-84976\" src=\"https:\/\/i0.wp.com\/www.eltrabajo.cl\/2017\/wp-content\/uploads\/2018\/02\/Ofrenda2.jpg?resize=580%2C400\" alt=\"FIELES AL RECUERDO.- Cada uno de los presentes aprovech\u00f3 para recordar con cari\u00f1o a esos viejos amigos que ya partieron.\" width=\"580\" height=\"400\" srcset=\"https:\/\/i0.wp.com\/eltrabajo.cl\/portal\/wp-content\/uploads\/2018\/02\/Ofrenda2.jpg?w=580&amp;ssl=1 580w, https:\/\/i0.wp.com\/eltrabajo.cl\/portal\/wp-content\/uploads\/2018\/02\/Ofrenda2.jpg?resize=200%2C138&amp;ssl=1 200w, https:\/\/i0.wp.com\/eltrabajo.cl\/portal\/wp-content\/uploads\/2018\/02\/Ofrenda2.jpg?resize=300%2C207&amp;ssl=1 300w, https:\/\/i0.wp.com\/eltrabajo.cl\/portal\/wp-content\/uploads\/2018\/02\/Ofrenda2.jpg?resize=218%2C150&amp;ssl=1 218w, https:\/\/i0.wp.com\/eltrabajo.cl\/portal\/wp-content\/uploads\/2018\/02\/Ofrenda2.jpg?resize=400%2C276&amp;ssl=1 400w\" sizes=\"auto, (max-width: 580px) 100vw, 580px\" \/><figcaption id=\"caption-attachment-84976\" class=\"wp-caption-text\">FIELES AL RECUERDO.- Cada uno de los presentes aprovech\u00f3 para recordar con cari\u00f1o a esos viejos amigos que ya partieron.<\/figcaption><\/figure>\n<ul>\n<li><span style=\"color: #ff0000;\"><strong>Con ofrenda floral en mausoleo inici\u00f3 Semana de aniversario:<\/strong><\/span><\/li>\n<\/ul>\n<p>Ma\u00f1ana 28 de febrero, hace 126 a\u00f1os, fue fundada en nuestra comuna la Sociedad de Artesanos La Uni\u00f3n de San Felipe, una instituci\u00f3n que funcion\u00f3 como quiz\u00e1 el centro social m\u00e1s importante durante muchas d\u00e9cadas desde su instauraci\u00f3n en nuestra ciudad.<br \/>\nPor estas nobles razones una comitiva de al menos 20 socios de este organismo se hizo presente en el Cementerio Municipal para iniciar as\u00ed su Semana de Aniversario, hubo palabras para aquellos que ya no est\u00e1n, una solemne oraci\u00f3n y tambi\u00e9n entre los socios compartieron an\u00e9cdotas vividas con estos ausentes pioneros del trabajo social en La Uni\u00f3n.<br \/>\n\u00abSiempre durante el mes de aniversario de nuestra Sociedad, nosotros iniciamos las actividades con una solemne visita al mausoleo en el que descansan los restos de nuestros socios ya fallecidos, tambi\u00e9n colocamos una ofrenda floral para demostrar as\u00ed el cari\u00f1o que le seguimos teniendo a aquellos socios y directivos que dieron vida y vigor a nuestra instituci\u00f3n. Este a\u00f1o vimos tambi\u00e9n una nutrida asistencia de nuestros socios activos, en total somos 74 socios, contando a los doce nuevos afiliados que en 2017 se incorporaron y seguimos recibiendo solicitudes\u00bb, coment\u00f3 a Diario El Trabajo el vicepresidente de Artesanos, Jaime Canales.<\/p>\n<p><span style=\"color: #ff0000;\"><strong>HOMBRES DE BIEN<\/strong><\/span><br \/>\n\u00abDicho en palabras sencillas, a esta sociedad de hombres trabajadores y honestos no solamente se unieron para promover sus trabajos y profesiones, sino que tambi\u00e9n desde 1894 hasta 1960 se constituy\u00f3 como una escuela de alfabetizaci\u00f3n general para todo aquel que quisiera dejarse educar y tambi\u00e9n aprender un oficio\u00bb, agreg\u00f3 Canales emocionado.<br \/>\n\u00abHay que recordar que nuestra instituci\u00f3n ha existido en tres siglos, el XIX, XX y XXI, nuestra sociedad busca mantener el mausoleo para cada socio; un centro social para que podamos realizar nuestras actividades y otros beneficios, tenemos que reinventarnos, porque hay que reconocer que nuestra instituci\u00f3n hoy d\u00eda no es tan protagonista como en los tiempos cuando todas las actividades del Municipio se hac\u00edan en nuestra sede\u00bb, agreg\u00f3 el directivo.<\/p>\n<p><span style=\"color: #ff0000;\"><strong>HOY DE CUMPLE<\/strong><\/span><br \/>\nLa fecha del aniversario ser\u00e1 ma\u00f1ana 28 de febrero, es por ello que el pr\u00f3ximo viernes 2 de marzo a las 21:00 horas ser\u00e1 desarrollada una solemne gala en celebraci\u00f3n de estos 126 a\u00f1os de existencia en beneficio de nuestra sociedad, y seguidamente una Cena de Honor, ambas actividades en la C\u00e1mara de Comercio de San Felipe.<br \/>\n<strong>Roberto Gonz\u00e1lez Short<\/strong><\/p>\n<figure id=\"attachment_84974\" aria-describedby=\"caption-attachment-84974\" style=\"width: 580px\" class=\"wp-caption alignnone\"><img data-recalc-dims=\"1\" loading=\"lazy\" decoding=\"async\" class=\"size-full wp-image-84974\" src=\"https:\/\/i0.wp.com\/www.eltrabajo.cl\/2017\/wp-content\/uploads\/2018\/02\/Ofrenda_Jaime-Canales.jpg?resize=580%2C525\" alt=\"Vicepresidente de Artesanos, Jaime Canales.\" width=\"580\" height=\"525\" srcset=\"https:\/\/i0.wp.com\/eltrabajo.cl\/portal\/wp-content\/uploads\/2018\/02\/Ofrenda_Jaime-Canales.jpg?w=580&amp;ssl=1 580w, https:\/\/i0.wp.com\/eltrabajo.cl\/portal\/wp-content\/uploads\/2018\/02\/Ofrenda_Jaime-Canales.jpg?resize=166%2C150&amp;ssl=1 166w, https:\/\/i0.wp.com\/eltrabajo.cl\/portal\/wp-content\/uploads\/2018\/02\/Ofrenda_Jaime-Canales.jpg?resize=300%2C272&amp;ssl=1 300w, https:\/\/i0.wp.com\/eltrabajo.cl\/portal\/wp-content\/uploads\/2018\/02\/Ofrenda_Jaime-Canales.jpg?resize=400%2C362&amp;ssl=1 400w\" sizes=\"auto, (max-width: 580px) 100vw, 580px\" \/><figcaption id=\"caption-attachment-84974\" class=\"wp-caption-text\">Vicepresidente de Artesanos, Jaime Canales.<\/figcaption><\/figure>\n<figure id=\"attachment_84975\" aria-describedby=\"caption-attachment-84975\" style=\"width: 580px\" class=\"wp-caption alignnone\"><img data-recalc-dims=\"1\" loading=\"lazy\" decoding=\"async\" class=\"size-full wp-image-84975\" src=\"https:\/\/i0.wp.com\/www.eltrabajo.cl\/2017\/wp-content\/uploads\/2018\/02\/Ofrenda1.jpg?resize=580%2C400\" alt=\"EN LA C\u00c1MARA DE COMERCIO.- El viernes 2 de marzo a las 21:00 horas ser\u00e1 desarrollada una solemne gala en celebraci\u00f3n de estos 126 a\u00f1os de existencia en beneficio de nuestra sociedad, y seguidamente una Cena de Honor, ambas actividades en la C\u00e1mara de Comercio de San Felipe.\" width=\"580\" height=\"400\" srcset=\"https:\/\/i0.wp.com\/eltrabajo.cl\/portal\/wp-content\/uploads\/2018\/02\/Ofrenda1.jpg?w=580&amp;ssl=1 580w, https:\/\/i0.wp.com\/eltrabajo.cl\/portal\/wp-content\/uploads\/2018\/02\/Ofrenda1.jpg?resize=200%2C138&amp;ssl=1 200w, https:\/\/i0.wp.com\/eltrabajo.cl\/portal\/wp-content\/uploads\/2018\/02\/Ofrenda1.jpg?resize=300%2C207&amp;ssl=1 300w, https:\/\/i0.wp.com\/eltrabajo.cl\/portal\/wp-content\/uploads\/2018\/02\/Ofrenda1.jpg?resize=218%2C150&amp;ssl=1 218w, https:\/\/i0.wp.com\/eltrabajo.cl\/portal\/wp-content\/uploads\/2018\/02\/Ofrenda1.jpg?resize=400%2C276&amp;ssl=1 400w\" sizes=\"auto, (max-width: 580px) 100vw, 580px\" \/><figcaption id=\"caption-attachment-84975\" class=\"wp-caption-text\">EN LA C\u00c1MARA DE COMERCIO.- El viernes 2 de marzo a las 21:00 horas ser\u00e1 desarrollada una solemne gala en celebraci\u00f3n de estos 126 a\u00f1os de existencia en beneficio de nuestra sociedad, y seguidamente una Cena de Honor, ambas actividades en la C\u00e1mara de Comercio de San Felipe.<\/figcaption><\/figure>\n","protected":false},"excerpt":{"rendered":"<p>Con ofrenda floral en mausoleo inici\u00f3 Semana de aniversario: Ma\u00f1ana 28 de febrero, hace 126 a\u00f1os, fue fundada en nuestra comuna la Sociedad de Artesanos La Uni\u00f3n de San Felipe, una instituci\u00f3n&#8230;<\/p>\n","protected":false},"author":1,"featured_media":84975,"comment_status":"open","ping_status":"open","sticky":false,"template":"","format":"standard","meta":{"advanced_seo_description":"","jetpack_seo_html_title":"","jetpack_seo_noindex":false,"_jetpack_memberships_contains_paid_content":false,"footnotes":""},"categories":[15],"tags":[],"class_list":["post-84973","post","type-post","status-publish","format-standard","has-post-thumbnail","hentry","category-comunidad"],"jetpack_featured_media_url":"https:\/\/i0.wp.com\/eltrabajo.cl\/portal\/wp-content\/uploads\/2018\/02\/Ofrenda1.jpg?fit=580%2C400&ssl=1","jetpack_sharing_enabled":true,"jetpack_likes_enabled":true,"jetpack-related-posts":[],"_links":{"self":[{"href":"https:\/\/eltrabajo.cl\/portal\/wp-json\/wp\/v2\/posts\/84973","targetHints":{"allow":["GET"]}}],"collection":[{"href":"https:\/\/eltrabajo.cl\/portal\/wp-json\/wp\/v2\/posts"}],"about":[{"href":"https:\/\/eltrabajo.cl\/portal\/wp-json\/wp\/v2\/types\/post"}],"author":[{"embeddable":true,"href":"https:\/\/eltrabajo.cl\/portal\/wp-json\/wp\/v2\/users\/1"}],"replies":[{"embeddable":true,"href":"https:\/\/eltrabajo.cl\/portal\/wp-json\/wp\/v2\/comments?post=84973"}],"version-history":[{"count":0,"href":"https:\/\/eltrabajo.cl\/portal\/wp-json\/wp\/v2\/posts\/84973\/revisions"}],"wp:featuredmedia":[{"embeddable":true,"href":"https:\/\/eltrabajo.cl\/portal\/wp-json\/wp\/v2\/media\/84975"}],"wp:attachment":[{"href":"https:\/\/eltrabajo.cl\/portal\/wp-json\/wp\/v2\/media?parent=84973"}],"wp:term":[{"taxonomy":"category","embeddable":true,"href":"https:\/\/eltrabajo.cl\/portal\/wp-json\/wp\/v2\/categories?post=84973"},{"taxonomy":"post_tag","embeddable":true,"href":"https:\/\/eltrabajo.cl\/portal\/wp-json\/wp\/v2\/tags?post=84973"}],"curies":[{"name":"wp","href":"https:\/\/api.w.org\/{rel}","templated":true}]}}