{"id":84981,"date":"2018-02-27T05:02:56","date_gmt":"2018-02-27T09:02:56","guid":{"rendered":"http:\/\/www.eltrabajo.cl\/2017\/?p=84981"},"modified":"2018-02-27T05:02:56","modified_gmt":"2018-02-27T09:02:56","slug":"actriz-sanfelipena-nos-sorprende-con-su-magico-teatro-lambe-lambe","status":"publish","type":"post","link":"https:\/\/eltrabajo.cl\/portal\/actriz-sanfelipena-nos-sorprende-con-su-magico-teatro-lambe-lambe\/","title":{"rendered":"Actriz sanfelipe\u00f1a nos sorprende con su m\u00e1gico teatro Lambe Lambe"},"content":{"rendered":"<figure id=\"attachment_84983\" aria-describedby=\"caption-attachment-84983\" style=\"width: 580px\" class=\"wp-caption alignnone\"><img data-recalc-dims=\"1\" loading=\"lazy\" decoding=\"async\" class=\"size-full wp-image-84983\" src=\"https:\/\/i0.wp.com\/www.eltrabajo.cl\/2017\/wp-content\/uploads\/2018\/02\/Lambe2.jpg?resize=580%2C399\" alt=\"VUELO.- Este escenario tiene una historia, misma que habla de amistad, amor, sue\u00f1os y un vuelo final para alcanzarlos.\" width=\"580\" height=\"399\" srcset=\"https:\/\/i0.wp.com\/eltrabajo.cl\/portal\/wp-content\/uploads\/2018\/02\/Lambe2.jpg?w=580&amp;ssl=1 580w, https:\/\/i0.wp.com\/eltrabajo.cl\/portal\/wp-content\/uploads\/2018\/02\/Lambe2.jpg?resize=200%2C138&amp;ssl=1 200w, https:\/\/i0.wp.com\/eltrabajo.cl\/portal\/wp-content\/uploads\/2018\/02\/Lambe2.jpg?resize=300%2C206&amp;ssl=1 300w, https:\/\/i0.wp.com\/eltrabajo.cl\/portal\/wp-content\/uploads\/2018\/02\/Lambe2.jpg?resize=218%2C150&amp;ssl=1 218w, https:\/\/i0.wp.com\/eltrabajo.cl\/portal\/wp-content\/uploads\/2018\/02\/Lambe2.jpg?resize=400%2C275&amp;ssl=1 400w\" sizes=\"auto, (max-width: 580px) 100vw, 580px\" \/><figcaption id=\"caption-attachment-84983\" class=\"wp-caption-text\">VUELO.- Este escenario tiene una historia, misma que habla de amistad, amor, sue\u00f1os y un vuelo final para alcanzarlos.<\/figcaption><\/figure>\n<ul>\n<li><span style=\"color: #ff0000;\"><strong>Este a\u00f1o recorrer\u00e1 Chile y sue\u00f1a con una gira mundial:<\/strong><\/span><\/li>\n<\/ul>\n<p>Hoy en Diario El Trabajo queremos compartir con nuestros lectores un reportaje especial sobre una bella joven sanfelipe\u00f1a que ha desarrollado una singular iniciativa art\u00edstica digna de nuestro reconocimiento, el teatro Lambe Lambe, se trata de la titiritera Daybelis Segovia Segovia, de 26 a\u00f1os de edad y vecina de Avenida Yungay.<br \/>\nSu proyecto tiene que ver con la puesta en escena de una caja cerrada, misma en la que s\u00f3lo una persona puede ver una obra de teatro, todo es en miniatura y funciona tambi\u00e9n como un musical con peque\u00f1as marionetas.<\/p>\n<p><span style=\"color: #ff0000;\"><strong>SUE\u00d1A Y VUELA<\/strong><\/span><br \/>\nNuestro medio habl\u00f3 ayer lunes con la joven artista, quien nos explic\u00f3 parte de sus anhelos a futuro, y detalles personales que ha vivido desde que tom\u00f3 la decisi\u00f3n de desarrollar este proyecto.<br \/>\n<strong>&#8211; \u00bfD\u00f3nde estudiaste Teatro y de qu\u00e9 se trata tu propuesta?<\/strong><br \/>\n&#8211; Yo estudi\u00e9 en la Escuela de Teatro de Valpara\u00edso. El Teatro de Animaci\u00f3n llamado teatro Lambe Lambe que yo desarrollo, se caracteriza por ser un espect\u00e1culo de la animaci\u00f3n de peque\u00f1os mu\u00f1ecos y objetos que est\u00e1n acompa\u00f1ados por un relato musical o grabado, todo dentro de una caja esc\u00e9nica, algo muy parecido al organillo del Cuento del Oso, este peque\u00f1a obra \u2018Vuelo\u2019, que es la que estoy presentando ahora, est\u00e1 dise\u00f1ada para ser mostrada s\u00f3lo a una persona por presentaci\u00f3n.<br \/>\n<strong>&#8211; \u00bfC\u00f3mo reaccion\u00f3 tu familia cuando se enteraron de tu proyecto de marionetas y teatro en miniatura?<\/strong><br \/>\n&#8211; Al principio mi familia se expres\u00f3 un poco indiferente, algunos se re\u00edan, pero mi hermana Yomalli y mi madre Manon me apoyaron y han compartido conmigo mis sue\u00f1os.<br \/>\n<strong>&#8211; \u00bfC\u00f3mo nace este tema del teatro Lambe Lambe?<\/strong><br \/>\n&#8211; En Latinoam\u00e9rica el teatro Lambe Lambe se inici\u00f3 en Brasil, en 1989 con Denise Santos e Ismine Lima, en la provincia de Bah\u00eda, Brasil. El nombre Lambe Lambe viene del fot\u00f3grafo brasile\u00f1o que ejerce su actividad en espacios p\u00fablicos como jardines, parques, ferias. Aunque cabe destacar que el teatro en miniatura tipo Lambe Lambe viene desde la antig\u00fcedad, para hacer peque\u00f1os espect\u00e1culos para las personas que transitaban, y me lleva al menos un mes fabricando una cajita de teatro.<br \/>\n<strong>&#8211; \u00bfC\u00f3mo funciona esta caja m\u00e1gica?<\/strong><br \/>\n&#8211; Funciona cuando yo como manipuladora o actriz me ubico al lado opuesto de la caja y pongo en escena la obra, manipulando la iluminaci\u00f3n, el sonido, utiler\u00eda, y objetos. Lo m\u00e1s com\u00fan es que sea un teatro hecho con personajes creados por m\u00ed misma, pero tambi\u00e9n puede ser un teatro de s\u00f3lo sombras o con los dedos. La tem\u00e1tica, historia, m\u00fasica y dise\u00f1o de la caja es totalmente libre.<br \/>\n<strong>&#8211; \u00bfY sobre ti, \u00bfqu\u00e9 nos quieres contar?<\/strong><br \/>\n&#8211; Bueno, soy soltera, titiritera, la mayor de dos hermanas, el Lambe Lambe lo conoc\u00ed en 4\u00ba de la U y en los festivales de teatro que organiza Compa\u00f1\u00eda Oani desde hace cinco a\u00f1os,<br \/>\n<strong>&#8211; \u00bfQui\u00e9n te ayuda a construir estas figuras y texturas?<\/strong><br \/>\n&#8211; Para hacer estas figuritas me ayud\u00f3 mi amiga Natalia Salvador, y en cuanto a mis viajes, en bicicleta ya he viajado por todo el Valle de Aconcagua, hasta Papudo.<br \/>\n<strong>&#8211; H\u00e1blanos de la obra que est\u00e1s presentando en esta caja<\/strong><br \/>\n&#8211; La obra teatral que actualmente estoy presentando se llama \u2018Vuelo\u2019, lo que en esencia es volar con nuestros sue\u00f1os, el set de teatro y sus personajes est\u00e1n hechos de alambre, servilletas, silicona, aserr\u00edn, madera, pl\u00e1stico, pantalla de luz, cobre, puntura, m\u00fasica, luz, porcelana en fr\u00edo y cart\u00f3n.<br \/>\n<strong>&#8211; \u00bfMetas a desarrollar para este a\u00f1o?<\/strong><br \/>\n&#8211; Este 5 de marzo salgo a Coquimbo, lo hago pedaleando, espero hacer la gira nacional este a\u00f1o, despu\u00e9s de hacer mis clases de teatro en escuelas rurales, a mediano plazo tengo planeado recorrer Suram\u00e9rica en bicicleta con este proyecto, y si tengo \u00e9xito, recorrer el mundo, me financio gracias al aporte voluntario de los mismos espectadores.<br \/>\nEs importante que nuestros lectores sepan que este diminuto teatro lo pueden ver a domicilio, fiestas de cumplea\u00f1os o en las escuelas, as\u00ed como en algunas ferias en las que ocasionalmente esta actriz act\u00faa. Los interesados pueden llamarla directamente al 990455922.<br \/>\n<strong>Roberto Gonz\u00e1lez Short<\/strong><\/p>\n<figure id=\"attachment_84982\" aria-describedby=\"caption-attachment-84982\" style=\"width: 580px\" class=\"wp-caption alignnone\"><img data-recalc-dims=\"1\" loading=\"lazy\" decoding=\"async\" class=\"size-full wp-image-84982\" src=\"https:\/\/i0.wp.com\/www.eltrabajo.cl\/2017\/wp-content\/uploads\/2018\/02\/Lambe1.jpg?resize=580%2C870\" alt=\"Ella es la joven artista y titiritera sanfelipe\u00f1a, Daybelis Segovia Segovia, de 26 a\u00f1os de edad y vecina de Avenida Yungay.\" width=\"580\" height=\"870\" srcset=\"https:\/\/i0.wp.com\/eltrabajo.cl\/portal\/wp-content\/uploads\/2018\/02\/Lambe1.jpg?w=580&amp;ssl=1 580w, https:\/\/i0.wp.com\/eltrabajo.cl\/portal\/wp-content\/uploads\/2018\/02\/Lambe1.jpg?resize=100%2C150&amp;ssl=1 100w, https:\/\/i0.wp.com\/eltrabajo.cl\/portal\/wp-content\/uploads\/2018\/02\/Lambe1.jpg?resize=200%2C300&amp;ssl=1 200w, https:\/\/i0.wp.com\/eltrabajo.cl\/portal\/wp-content\/uploads\/2018\/02\/Lambe1.jpg?resize=400%2C600&amp;ssl=1 400w\" sizes=\"auto, (max-width: 580px) 100vw, 580px\" \/><figcaption id=\"caption-attachment-84982\" class=\"wp-caption-text\">Ella es la joven artista y titiritera sanfelipe\u00f1a, Daybelis Segovia Segovia, de 26 a\u00f1os de edad y vecina de Avenida Yungay.<\/figcaption><\/figure>\n<figure id=\"attachment_84984\" aria-describedby=\"caption-attachment-84984\" style=\"width: 580px\" class=\"wp-caption alignnone\"><img data-recalc-dims=\"1\" loading=\"lazy\" decoding=\"async\" class=\"size-full wp-image-84984\" src=\"https:\/\/i0.wp.com\/www.eltrabajo.cl\/2017\/wp-content\/uploads\/2018\/02\/Lambe3.jpg?resize=580%2C399\" alt=\"TEATRO PORT\u00c1TIL.- Nuestra jefa de Diagramaci\u00f3n, Ang\u00e9lica Juri, disfrut\u00f3 tambi\u00e9n de esta exquisita obra de teatro en la caja m\u00e1gica.\" width=\"580\" height=\"399\" srcset=\"https:\/\/i0.wp.com\/eltrabajo.cl\/portal\/wp-content\/uploads\/2018\/02\/Lambe3.jpg?w=580&amp;ssl=1 580w, https:\/\/i0.wp.com\/eltrabajo.cl\/portal\/wp-content\/uploads\/2018\/02\/Lambe3.jpg?resize=200%2C138&amp;ssl=1 200w, https:\/\/i0.wp.com\/eltrabajo.cl\/portal\/wp-content\/uploads\/2018\/02\/Lambe3.jpg?resize=300%2C206&amp;ssl=1 300w, https:\/\/i0.wp.com\/eltrabajo.cl\/portal\/wp-content\/uploads\/2018\/02\/Lambe3.jpg?resize=218%2C150&amp;ssl=1 218w, https:\/\/i0.wp.com\/eltrabajo.cl\/portal\/wp-content\/uploads\/2018\/02\/Lambe3.jpg?resize=400%2C275&amp;ssl=1 400w\" sizes=\"auto, (max-width: 580px) 100vw, 580px\" \/><figcaption id=\"caption-attachment-84984\" class=\"wp-caption-text\">TEATRO PORT\u00c1TIL.- Nuestra jefa de Diagramaci\u00f3n, Ang\u00e9lica Juri, disfrut\u00f3 tambi\u00e9n de esta exquisita obra de teatro en la caja m\u00e1gica.<\/figcaption><\/figure>\n<figure id=\"attachment_84985\" aria-describedby=\"caption-attachment-84985\" style=\"width: 580px\" class=\"wp-caption alignnone\"><img data-recalc-dims=\"1\" loading=\"lazy\" decoding=\"async\" class=\"size-full wp-image-84985\" src=\"https:\/\/i0.wp.com\/www.eltrabajo.cl\/2017\/wp-content\/uploads\/2018\/02\/Lambe4.jpg?resize=580%2C715\" alt=\"DE LIBRE INTERPRETACI\u00d3N.- En los lugares donde esta chica instala su teatro Lambe Lambe llegan los ni\u00f1os y tambi\u00e9n adultos.\" width=\"580\" height=\"715\" srcset=\"https:\/\/i0.wp.com\/eltrabajo.cl\/portal\/wp-content\/uploads\/2018\/02\/Lambe4.jpg?w=580&amp;ssl=1 580w, https:\/\/i0.wp.com\/eltrabajo.cl\/portal\/wp-content\/uploads\/2018\/02\/Lambe4.jpg?resize=122%2C150&amp;ssl=1 122w, https:\/\/i0.wp.com\/eltrabajo.cl\/portal\/wp-content\/uploads\/2018\/02\/Lambe4.jpg?resize=243%2C300&amp;ssl=1 243w, https:\/\/i0.wp.com\/eltrabajo.cl\/portal\/wp-content\/uploads\/2018\/02\/Lambe4.jpg?resize=400%2C493&amp;ssl=1 400w\" sizes=\"auto, (max-width: 580px) 100vw, 580px\" \/><figcaption id=\"caption-attachment-84985\" class=\"wp-caption-text\">DE LIBRE INTERPRETACI\u00d3N.- En los lugares donde esta chica instala su teatro Lambe Lambe llegan los ni\u00f1os y tambi\u00e9n adultos.<\/figcaption><\/figure>\n<figure id=\"attachment_84986\" aria-describedby=\"caption-attachment-84986\" style=\"width: 580px\" class=\"wp-caption alignnone\"><img data-recalc-dims=\"1\" loading=\"lazy\" decoding=\"async\" class=\"size-full wp-image-84986\" src=\"https:\/\/i0.wp.com\/www.eltrabajo.cl\/2017\/wp-content\/uploads\/2018\/02\/Lambe5.jpg?resize=580%2C400\" alt=\"ARTE CALLEJERO.- Esta joven viaja por las ciudades de la V Regi\u00f3n presentando su obra en una cajita de madera.\" width=\"580\" height=\"400\" srcset=\"https:\/\/i0.wp.com\/eltrabajo.cl\/portal\/wp-content\/uploads\/2018\/02\/Lambe5.jpg?w=580&amp;ssl=1 580w, https:\/\/i0.wp.com\/eltrabajo.cl\/portal\/wp-content\/uploads\/2018\/02\/Lambe5.jpg?resize=200%2C138&amp;ssl=1 200w, https:\/\/i0.wp.com\/eltrabajo.cl\/portal\/wp-content\/uploads\/2018\/02\/Lambe5.jpg?resize=300%2C207&amp;ssl=1 300w, https:\/\/i0.wp.com\/eltrabajo.cl\/portal\/wp-content\/uploads\/2018\/02\/Lambe5.jpg?resize=218%2C150&amp;ssl=1 218w, https:\/\/i0.wp.com\/eltrabajo.cl\/portal\/wp-content\/uploads\/2018\/02\/Lambe5.jpg?resize=400%2C276&amp;ssl=1 400w\" sizes=\"auto, (max-width: 580px) 100vw, 580px\" \/><figcaption id=\"caption-attachment-84986\" class=\"wp-caption-text\">ARTE CALLEJERO.- Esta joven viaja por las ciudades de la V Regi\u00f3n presentando su obra en una cajita de madera.<\/figcaption><\/figure>\n","protected":false},"excerpt":{"rendered":"<p>Este a\u00f1o recorrer\u00e1 Chile y sue\u00f1a con una gira mundial: Hoy en Diario El Trabajo queremos compartir con nuestros lectores un reportaje especial sobre una bella joven sanfelipe\u00f1a que ha desarrollado una&#8230;<\/p>\n","protected":false},"author":1,"featured_media":84984,"comment_status":"open","ping_status":"open","sticky":false,"template":"","format":"standard","meta":{"advanced_seo_description":"","jetpack_seo_html_title":"","jetpack_seo_noindex":false,"_jetpack_memberships_contains_paid_content":false,"footnotes":""},"categories":[15],"tags":[],"class_list":["post-84981","post","type-post","status-publish","format-standard","has-post-thumbnail","hentry","category-comunidad"],"jetpack_featured_media_url":"https:\/\/i0.wp.com\/eltrabajo.cl\/portal\/wp-content\/uploads\/2018\/02\/Lambe3.jpg?fit=580%2C399&ssl=1","jetpack_sharing_enabled":true,"jetpack_likes_enabled":true,"jetpack-related-posts":[],"_links":{"self":[{"href":"https:\/\/eltrabajo.cl\/portal\/wp-json\/wp\/v2\/posts\/84981","targetHints":{"allow":["GET"]}}],"collection":[{"href":"https:\/\/eltrabajo.cl\/portal\/wp-json\/wp\/v2\/posts"}],"about":[{"href":"https:\/\/eltrabajo.cl\/portal\/wp-json\/wp\/v2\/types\/post"}],"author":[{"embeddable":true,"href":"https:\/\/eltrabajo.cl\/portal\/wp-json\/wp\/v2\/users\/1"}],"replies":[{"embeddable":true,"href":"https:\/\/eltrabajo.cl\/portal\/wp-json\/wp\/v2\/comments?post=84981"}],"version-history":[{"count":0,"href":"https:\/\/eltrabajo.cl\/portal\/wp-json\/wp\/v2\/posts\/84981\/revisions"}],"wp:featuredmedia":[{"embeddable":true,"href":"https:\/\/eltrabajo.cl\/portal\/wp-json\/wp\/v2\/media\/84984"}],"wp:attachment":[{"href":"https:\/\/eltrabajo.cl\/portal\/wp-json\/wp\/v2\/media?parent=84981"}],"wp:term":[{"taxonomy":"category","embeddable":true,"href":"https:\/\/eltrabajo.cl\/portal\/wp-json\/wp\/v2\/categories?post=84981"},{"taxonomy":"post_tag","embeddable":true,"href":"https:\/\/eltrabajo.cl\/portal\/wp-json\/wp\/v2\/tags?post=84981"}],"curies":[{"name":"wp","href":"https:\/\/api.w.org\/{rel}","templated":true}]}}