{"id":85014,"date":"2018-02-28T05:04:26","date_gmt":"2018-02-28T09:04:26","guid":{"rendered":"http:\/\/www.eltrabajo.cl\/2017\/?p=85014"},"modified":"2018-02-28T05:04:26","modified_gmt":"2018-02-28T09:04:26","slug":"universitaria-asaltada-me-quedo-tranquila-con-el-tiempo-que-le-dieron","status":"publish","type":"post","link":"https:\/\/eltrabajo.cl\/portal\/universitaria-asaltada-me-quedo-tranquila-con-el-tiempo-que-le-dieron\/","title":{"rendered":"Universitaria asaltada: \u201cMe quedo tranquila con el tiempo que le dieron\u201d"},"content":{"rendered":"<figure id=\"attachment_85015\" aria-describedby=\"caption-attachment-85015\" style=\"width: 578px\" class=\"wp-caption alignnone\"><img data-recalc-dims=\"1\" loading=\"lazy\" decoding=\"async\" class=\"size-full wp-image-85015\" src=\"https:\/\/i0.wp.com\/www.eltrabajo.cl\/2017\/wp-content\/uploads\/2018\/02\/robo-con-violencia.jpg?resize=578%2C492\" alt=\"La v\u00edctima de 21 a\u00f1os de edad sufri\u00f3 el robo de sus pertenencias el 13 de julio del a\u00f1o pasado en calle Santo Domingo en San Felipe, a pleno d\u00eda. (Imagen Referencial).\" width=\"578\" height=\"492\" srcset=\"https:\/\/i0.wp.com\/eltrabajo.cl\/portal\/wp-content\/uploads\/2018\/02\/robo-con-violencia.jpg?w=578&amp;ssl=1 578w, https:\/\/i0.wp.com\/eltrabajo.cl\/portal\/wp-content\/uploads\/2018\/02\/robo-con-violencia.jpg?resize=176%2C150&amp;ssl=1 176w, https:\/\/i0.wp.com\/eltrabajo.cl\/portal\/wp-content\/uploads\/2018\/02\/robo-con-violencia.jpg?resize=300%2C255&amp;ssl=1 300w, https:\/\/i0.wp.com\/eltrabajo.cl\/portal\/wp-content\/uploads\/2018\/02\/robo-con-violencia.jpg?resize=400%2C340&amp;ssl=1 400w\" sizes=\"auto, (max-width: 578px) 100vw, 578px\" \/><figcaption id=\"caption-attachment-85015\" class=\"wp-caption-text\">La v\u00edctima de 21 a\u00f1os de edad sufri\u00f3 el robo de sus pertenencias el 13 de julio del a\u00f1o pasado en calle Santo Domingo en San Felipe, a pleno d\u00eda. (Imagen Referencial).<\/figcaption><\/figure>\n<ul>\n<li><strong><span style=\"color: #ff0000;\">Entrevista exclusiva con Diario El Trabajo:<\/span>\u00a0V\u00edctima debi\u00f3 reconocer al asaltante en la sala del Tribunal Oral en Lo Penal tras un biombo, detallando a los jueces el d\u00eda que fue asaltada y agredida violentamente por el delincuente que la empuj\u00f3 y arrastr\u00f3 por el suelo.<\/strong><\/li>\n<\/ul>\n<p>Por medio de esta entrevista concedida en forma exclusiva a Diario El Trabajo, la joven universitaria v\u00edctima de un violento asalto ocurrido el 13 de julio de 2017 en calle Santo Domingo de San Felipe, detall\u00f3 sus impresiones tras concluir el juicio en contra de su atacante, Gonzalo Matamoro L\u00f3pez, quien fue condenado por el Tribunal Oral en Lo Penal a la pena de 5 a\u00f1os y un d\u00eda de c\u00e1rcel pese a que la Fiscal\u00eda persegu\u00eda 11 a\u00f1os de presidio (ver nota al frente).<br \/>\nLa semana pasada, la afectada debi\u00f3 comparecer ante este tribunal para detallar ante los jueces lo ocurrido aquel d\u00eda, debiendo reconocer en ese lugar, tras un biombo, a quien fuera su agresor; detall\u00f3 que fue una situaci\u00f3n bastante complicada al sentir que ten\u00eda a escasos metros a quien la arrastr\u00f3 por el suelo para quitarle su cartera.<br \/>\nTras concluir todo este proceso judicial, la universitaria nos manifest\u00f3 su conformidad por la sentencia aplicada por los jueces, cerrando el ciclo de la violenta experiencia sufrida.<br \/>\n<strong>&#8211; \u00bfEst\u00e1 conforme con la sentencia?<\/strong><br \/>\n&#8211; S\u00ed, la verdad que s\u00ed, me hab\u00edan dicho que iba a ser m\u00e1s tiempo, pero lo bueno es que se hizo algo, con eso me quedo tranquila, que no qued\u00f3 en nada, que no qued\u00f3 en libertad, que no va a poder hacer por lo menos por un tiempo lo que me hizo.<br \/>\n<strong>&#8211; \u00bfEsperaba m\u00e1s a\u00f1os de c\u00e1rcel?<\/strong><br \/>\n&#8211; La verdad s\u00ed, pero me quedo tranquila con el tiempo que le dieron.<br \/>\n<strong>&#8211; \u00bfFue chocante tener que volver a verlo en la sala del tribunal?<\/strong><br \/>\n&#8211; S\u00ed, me puse muy nerviosa tener que volver a verlo, tener que declarar tras un biombo y caracterizada.<br \/>\n<strong>&#8211; \u00bfTuvo que repasar todos los detalles del momento de los hechos?<\/strong><br \/>\n&#8211; S\u00ed, tuve que declarar muchas veces, recordar, contarlo, fue fuerte igual.<br \/>\n<strong>&#8211; \u00bfC\u00f3mo ha seguido su vida, siente miedo caminar sola?<\/strong><br \/>\n&#8211; El miedo todav\u00eda sigue, cuando uno sale de ac\u00e1 uno anda con m\u00e1s precauci\u00f3n, con la cartera m\u00e1s protegida, las veces que he tenido que salir me han tenido que acompa\u00f1ar, tampoco ando as\u00ed como sola, uno queda con una inseguridad de que le va a volver a pasar.<br \/>\n<strong>&#8211; Cerrando este ciclo, \u00bfsiente que se hizo justicia?<\/strong><br \/>\n&#8211; S\u00ed, creo que s\u00ed, porque hay muchas personas que les ha pasado lo mismo y ha quedado en nada, por eso me quedo tranquila, que por lo menos le dieron una condena por un tiempo que igual no es menor.<br \/>\n<strong>Pablo Salinas Sald\u00edas<\/strong><\/p>\n","protected":false},"excerpt":{"rendered":"<p>Entrevista exclusiva con Diario El Trabajo:\u00a0V\u00edctima debi\u00f3 reconocer al asaltante en la sala del Tribunal Oral en Lo Penal tras un biombo, detallando a los jueces el d\u00eda que fue asaltada y&#8230;<\/p>\n","protected":false},"author":1,"featured_media":85015,"comment_status":"open","ping_status":"open","sticky":false,"template":"","format":"standard","meta":{"advanced_seo_description":"","jetpack_seo_html_title":"","jetpack_seo_noindex":false,"_jetpack_memberships_contains_paid_content":false,"footnotes":""},"categories":[15],"tags":[],"class_list":["post-85014","post","type-post","status-publish","format-standard","has-post-thumbnail","hentry","category-comunidad"],"jetpack_featured_media_url":"https:\/\/i0.wp.com\/eltrabajo.cl\/portal\/wp-content\/uploads\/2018\/02\/robo-con-violencia.jpg?fit=578%2C492&ssl=1","jetpack_sharing_enabled":true,"jetpack_likes_enabled":true,"jetpack-related-posts":[],"_links":{"self":[{"href":"https:\/\/eltrabajo.cl\/portal\/wp-json\/wp\/v2\/posts\/85014","targetHints":{"allow":["GET"]}}],"collection":[{"href":"https:\/\/eltrabajo.cl\/portal\/wp-json\/wp\/v2\/posts"}],"about":[{"href":"https:\/\/eltrabajo.cl\/portal\/wp-json\/wp\/v2\/types\/post"}],"author":[{"embeddable":true,"href":"https:\/\/eltrabajo.cl\/portal\/wp-json\/wp\/v2\/users\/1"}],"replies":[{"embeddable":true,"href":"https:\/\/eltrabajo.cl\/portal\/wp-json\/wp\/v2\/comments?post=85014"}],"version-history":[{"count":0,"href":"https:\/\/eltrabajo.cl\/portal\/wp-json\/wp\/v2\/posts\/85014\/revisions"}],"wp:featuredmedia":[{"embeddable":true,"href":"https:\/\/eltrabajo.cl\/portal\/wp-json\/wp\/v2\/media\/85015"}],"wp:attachment":[{"href":"https:\/\/eltrabajo.cl\/portal\/wp-json\/wp\/v2\/media?parent=85014"}],"wp:term":[{"taxonomy":"category","embeddable":true,"href":"https:\/\/eltrabajo.cl\/portal\/wp-json\/wp\/v2\/categories?post=85014"},{"taxonomy":"post_tag","embeddable":true,"href":"https:\/\/eltrabajo.cl\/portal\/wp-json\/wp\/v2\/tags?post=85014"}],"curies":[{"name":"wp","href":"https:\/\/api.w.org\/{rel}","templated":true}]}}